{"id":6551,"date":"2014-08-03T19:04:02","date_gmt":"2014-08-03T19:04:02","guid":{"rendered":"http:\/\/pcb.org.br\/portal2\/?p=6551"},"modified":"2014-08-03T19:04:02","modified_gmt":"2014-08-03T19:04:02","slug":"federacao-campesina-denuncia-morte-de-criancas-por-pulverizacao-de-agrotoxicos","status":"publish","type":"post","link":"https:\/\/pcb.org.br\/portal2\/6551","title":{"rendered":"Federa\u00e7\u00e3o Campesina denuncia morte de crian\u00e7as por pulveriza\u00e7\u00e3o de agrot\u00f3xicos"},"content":{"rendered":"\n<p>A pulveriza\u00e7\u00e3o de agrot\u00f3xicos pode ter sido a causa da morte de duas crian\u00e7as que moravam no assentamento H\u00faber Dur\u00e9, em Canindey\u00fa, Paraguai. A Federa\u00e7\u00e3o Nacional Campesina (FNC) denuncia que, poucos dias antes das mortes, sojicultores brasileiros haviam pulverizado suas planta\u00e7\u00f5es, que ficam nas proximidades do assentamento. A Federa\u00e7\u00e3o planeja, para esta semana, nos dias 30 e 31 de julho, uma s\u00e9rie de atividades no intuito de cobrar responsabilidade e aten\u00e7\u00e3o \u00e0 popula\u00e7\u00e3o rural.<\/p>\n<p>Adelaida, de tr\u00eas anos, e Adela, de apenas seis meses, filhas dos agricultores Fabiola Cabrera e Benito \u00c1lvarez, foram internadas no hospital de Curuguaty com mais 15 adultos e 18 crian\u00e7as que apresentavam sintomas de tontura, v\u00f4mitos e diarreia. A crian\u00e7a mais nova recebeu alta, pois, segundo o m\u00e9dico que a atendeu, ela n\u00e3o tinha nada. Adela faleceu ap\u00f3s ter sido levada para casa.<\/p>\n<p>Em seu site, a Funda\u00e7\u00e3o Nacional Campesina informa que o diretor interino do hospital, Euribiades Riquelme, diagnosticou que as mortes foram causadas por insufici\u00eancia respirat\u00f3ria e broncopneumonia, mesmo quadro apresentado pelos outros adultos e crian\u00e7as internados. Segundo ele, n\u00e3o h\u00e1 sintomas de intoxica\u00e7\u00e3o.<\/p>\n<p>Nesta quarta-feira, 30, a FNC inicia uma intensa programa\u00e7\u00e3o de mobiliza\u00e7\u00e3o. As atividades come\u00e7aram \u00e0s 6h da manh\u00e3 na frente do Pante\u00e3o Nacional dos Her\u00f3is, em Assun\u00e7\u00e3o, capital do pa\u00eds. \u00c0s 7h30, come\u00e7ou uma marcha at\u00e9 o Pal\u00e1cio do Governo, onde foi entregue uma carta escrita pelos familiares das duas crian\u00e7as. \u00c0s 8h30, aconteceu uma mobiliza\u00e7\u00e3o em frente o Minist\u00e9rio de Agricultura e Pecu\u00e1ria.<\/p>\n<p>\u00c0s 10h, foi realizada uma manifesta\u00e7\u00e3o em frente ao pr\u00e9dio do Servi\u00e7o Nacional de Qualidade e Sanidade Vegetal e de Sementes. \u00c0s 18h, a FNC promover\u00e1 uma nova concentra\u00e7\u00e3o em frente ao Pante\u00e3o Nacional dos Her\u00f3is, que seguir\u00e1 em marcha com velas acesas at\u00e9 a Catedral, onde ser\u00e1 realizada uma celebra\u00e7\u00e3o religiosa. Para a quinta-feira, 31, est\u00e1 programada uma mobiliza\u00e7\u00e3o em frente ao Minist\u00e9rio de Sa\u00fade P\u00fablica e Bem Estar Social (MSPyBS).<\/p>\n","protected":false},"excerpt":{"rendered":"\nAdital\n<a class=\"moretag\" href=\"https:\/\/pcb.org.br\/portal2\/6551\"> <\/a>","protected":false},"author":1,"featured_media":0,"comment_status":"closed","ping_status":"closed","sticky":false,"template":"","format":"standard","meta":{"jetpack_post_was_ever_published":false,"_jetpack_newsletter_access":"","_jetpack_dont_email_post_to_subs":false,"_jetpack_newsletter_tier_id":0,"_jetpack_memberships_contains_paywalled_content":false,"_jetpack_memberships_contains_paid_content":false,"footnotes":"","jetpack_publicize_message":"","jetpack_publicize_feature_enabled":true,"jetpack_social_post_already_shared":false,"jetpack_social_options":{"image_generator_settings":{"template":"highway","default_image_id":0,"font":"","enabled":false},"version":2}},"categories":[35],"tags":[],"class_list":["post-6551","post","type-post","status-publish","format-standard","hentry","category-c40-paraguai"],"jetpack_publicize_connections":[],"jetpack_featured_media_url":"","jetpack_shortlink":"https:\/\/wp.me\/p659gw-1HF","jetpack-related-posts":[],"jetpack_likes_enabled":true,"jetpack_sharing_enabled":true,"_links":{"self":[{"href":"https:\/\/pcb.org.br\/portal2\/wp-json\/wp\/v2\/posts\/6551","targetHints":{"allow":["GET"]}}],"collection":[{"href":"https:\/\/pcb.org.br\/portal2\/wp-json\/wp\/v2\/posts"}],"about":[{"href":"https:\/\/pcb.org.br\/portal2\/wp-json\/wp\/v2\/types\/post"}],"author":[{"embeddable":true,"href":"https:\/\/pcb.org.br\/portal2\/wp-json\/wp\/v2\/users\/1"}],"replies":[{"embeddable":true,"href":"https:\/\/pcb.org.br\/portal2\/wp-json\/wp\/v2\/comments?post=6551"}],"version-history":[{"count":0,"href":"https:\/\/pcb.org.br\/portal2\/wp-json\/wp\/v2\/posts\/6551\/revisions"}],"wp:attachment":[{"href":"https:\/\/pcb.org.br\/portal2\/wp-json\/wp\/v2\/media?parent=6551"}],"wp:term":[{"taxonomy":"category","embeddable":true,"href":"https:\/\/pcb.org.br\/portal2\/wp-json\/wp\/v2\/categories?post=6551"},{"taxonomy":"post_tag","embeddable":true,"href":"https:\/\/pcb.org.br\/portal2\/wp-json\/wp\/v2\/tags?post=6551"}],"curies":[{"name":"wp","href":"https:\/\/api.w.org\/{rel}","templated":true}]}}