{"id":6566,"date":"2014-08-07T14:42:09","date_gmt":"2014-08-07T14:42:09","guid":{"rendered":"http:\/\/pcb.org.br\/portal2\/?p=6566"},"modified":"2014-08-07T14:42:09","modified_gmt":"2014-08-07T14:42:09","slug":"comunicado-do-xiii-pleno-do-comite-central-do-partido-comunista-do-mexico","status":"publish","type":"post","link":"https:\/\/pcb.org.br\/portal2\/6566","title":{"rendered":"Comunicado do XIII Pleno do Comit\u00ea Central do Partido Comunista do M\u00e9xico"},"content":{"rendered":"\n<p>Nos dias 21 e 22 de Junho, na Cidade do M\u00e9xico, reuniu-se o XIII Pleno do Comit\u00ea Central do Partido Comunista do M\u00e9xico. Dele participaram como convidados o Conselho Central da Liga da Juventude Comunista e o Bir\u00f4 Pol\u00edtico da Juventude Comunista Revolucion\u00e1ria.<\/p>\n<p>Em sua agenda, encontravam-se o Congresso das Juventudes Comunistas e a forma\u00e7\u00e3o da Federa\u00e7\u00e3o de Jovens Comunistas, bases para a integra\u00e7\u00e3o do V Congresso do Partido Comunista do M\u00e9xico, assim como os materiais de debate.<\/p>\n<p>No primeiro ponto foi avaliado positivamente o caminho e os acordos conquistados pela LJR e a JCR, assim como as perspectivas da FJC. O Comit\u00ea Central orientou, como tarefas imediatas, trabalhar por uma organiza\u00e7\u00e3o nacional de estudantes e por uma uni\u00e3o da juventude trabalhadora. Reiterou-se o car\u00e1ter da organiza\u00e7\u00e3o juvenil comunista como celeiro de quadros do PCM e como instrumento para a interven\u00e7\u00e3o no conjunto do movimento juvenil e estudantil.<\/p>\n<p>Como importante brigada de refor\u00e7o, foi realizada a promo\u00e7\u00e3o de quadros da JCR para o PCM.<\/p>\n<p>Foram aprovadas as bases \u2013 de acordo com os Estatutos e o desenvolvimento organizativo \u2013 para a elei\u00e7\u00e3o nas c\u00e9lulas dos delegados e delegadas ao V Congresso. Fixou-se o n\u00famero de delegados fraternos da Federa\u00e7\u00e3o de Jovens Comunistas. Aprovou-se o convite aos partidos comunistas e oper\u00e1rios irm\u00e3os.<\/p>\n<p>Foi aprovado o projeto de Programa, que j\u00e1 teve uma rodada de discuss\u00e3o interna, o projeto de Tese e o conte\u00fado do Plano Estrat\u00e9gico, assim como o projeto de Estatutos.<\/p>\n<p>\u00c9 importante destacar que o projeto de Estatutos apresentado pela Comiss\u00e3o, recebeu importantes altera\u00e7\u00f5es do Comit\u00ea Central, em um apaixonado debate que superou as 100 interven\u00e7\u00f5es, com uma dire\u00e7\u00e3o: aperfei\u00e7oar as normas leninistas e ajustar-se com maior precis\u00e3o o centralismo democr\u00e1tico.<\/p>\n<p>Assim, entramos na etapa final, que ser\u00e1 conclu\u00edda com a plen\u00e1ria do V Congresso nos dias 13, 14 e 15 de Setembro, em Oaxaca de Ju\u00e1rez.<\/p>\n<p>O V Congresso do Partido Comunista do M\u00e9xico ser\u00e1 uma contribui\u00e7\u00e3o relevante para o atual per\u00edodo da luta de classes no pa\u00eds e um passo significativo na mais importante das tarefas contempor\u00e2neas do proletariado mexicano: a tomada do poder.<\/p>\n<p>Vemo-nos em Oaxaca, cidade prolet\u00e1ria, exemplo de combatividade que, com a experi\u00eancia da APPO, ilumina o caminho da luta revolucion\u00e1ria.<\/p>\n<p>Prolet\u00e1rios de todos os pa\u00edses, un\u00ed-vos!<\/p>\n<p>O XIII Pleno do Comit\u00ea Central do Partido Comunista do M\u00e9xico<\/p>\n<p>Fonte: http:\/\/www.comunistas-mexicanos.org\/index.php?option=com_content&amp;view=article&amp;id=1300<\/p>\n<p>Tradu\u00e7\u00e3o: Partido Comunista Brasileiro (PCB)<\/p>\n","protected":false},"excerpt":{"rendered":"\n<a class=\"moretag\" href=\"https:\/\/pcb.org.br\/portal2\/6566\"> <\/a>","protected":false},"author":1,"featured_media":0,"comment_status":"closed","ping_status":"closed","sticky":false,"template":"","format":"standard","meta":{"jetpack_post_was_ever_published":false,"_jetpack_newsletter_access":"","_jetpack_dont_email_post_to_subs":false,"_jetpack_newsletter_tier_id":0,"_jetpack_memberships_contains_paywalled_content":false,"_jetpack_memberships_contains_paid_content":false,"footnotes":"","jetpack_publicize_message":"","jetpack_publicize_feature_enabled":true,"jetpack_social_post_already_shared":false,"jetpack_social_options":{"image_generator_settings":{"template":"highway","default_image_id":0,"font":"","enabled":false},"version":2}},"categories":[90],"tags":[],"class_list":["post-6566","post","type-post","status-publish","format-standard","hentry","category-c103-mexico"],"jetpack_publicize_connections":[],"jetpack_featured_media_url":"","jetpack_shortlink":"https:\/\/wp.me\/p659gw-1HU","jetpack-related-posts":[],"jetpack_likes_enabled":true,"jetpack_sharing_enabled":true,"_links":{"self":[{"href":"https:\/\/pcb.org.br\/portal2\/wp-json\/wp\/v2\/posts\/6566","targetHints":{"allow":["GET"]}}],"collection":[{"href":"https:\/\/pcb.org.br\/portal2\/wp-json\/wp\/v2\/posts"}],"about":[{"href":"https:\/\/pcb.org.br\/portal2\/wp-json\/wp\/v2\/types\/post"}],"author":[{"embeddable":true,"href":"https:\/\/pcb.org.br\/portal2\/wp-json\/wp\/v2\/users\/1"}],"replies":[{"embeddable":true,"href":"https:\/\/pcb.org.br\/portal2\/wp-json\/wp\/v2\/comments?post=6566"}],"version-history":[{"count":0,"href":"https:\/\/pcb.org.br\/portal2\/wp-json\/wp\/v2\/posts\/6566\/revisions"}],"wp:attachment":[{"href":"https:\/\/pcb.org.br\/portal2\/wp-json\/wp\/v2\/media?parent=6566"}],"wp:term":[{"taxonomy":"category","embeddable":true,"href":"https:\/\/pcb.org.br\/portal2\/wp-json\/wp\/v2\/categories?post=6566"},{"taxonomy":"post_tag","embeddable":true,"href":"https:\/\/pcb.org.br\/portal2\/wp-json\/wp\/v2\/tags?post=6566"}],"curies":[{"name":"wp","href":"https:\/\/api.w.org\/{rel}","templated":true}]}}