{"id":6568,"date":"2014-08-07T14:47:58","date_gmt":"2014-08-07T14:47:58","guid":{"rendered":"http:\/\/pcb.org.br\/portal2\/?p=6568"},"modified":"2014-08-07T14:47:58","modified_gmt":"2014-08-07T14:47:58","slug":"obama-ameaca-punir-a-europa-se-ue-nao-ampliar-sancoes-a-russia","status":"publish","type":"post","link":"https:\/\/pcb.org.br\/portal2\/6568","title":{"rendered":"Obama amea\u00e7a punir a Europa se UE n\u00e3o ampliar san\u00e7\u00f5es \u00e0 R\u00fassia"},"content":{"rendered":"\n<p>Os Estados Unidos amea\u00e7aram a Uni\u00e3o Europeia com as san\u00e7\u00f5es de primeira etapa, caso o bloco n\u00e3o imponha san\u00e7\u00f5es mais duras contra a R\u00fassia. Segundo o porta-voz da Casa Branca, \u201ca hesita\u00e7\u00e3o europeia na decis\u00e3o de impor novas san\u00e7\u00f5es contra a R\u00fassia\u201d pode levar os EUA a interferir no com\u00e9rcio entre os dois lados do Atl\u00e2ntico Norte. Se a Europa n\u00e3o elevar em mais um patamar as san\u00e7\u00f5es contra a R\u00fassia, at\u00e9 domingo, ter\u00e1 efeito a partir de pr\u00f3xima segunda-feira amplas restri\u00e7\u00f5es sobre as opera\u00e7\u00f5es comerciais transatl\u00e2nticas.<\/p>\n<p>Segundo o presidente norte-americano, Barack Obama, a amplia\u00e7\u00e3o das san\u00e7\u00f5es n\u00e3o \u00e9 algo incomum, \u201cpois Estados p\u00e1rias, como a R\u00fassia, precisam de san\u00e7\u00f5es maiores para ceder\u201d. Na confer\u00eancia de imprensa onde fez aquelas pesadas cr\u00edticas ao governo do presidente Vladimir Putin, Obama tamb\u00e9m justificou a ado\u00e7\u00e3o de medidas restritivas aos europeus.<\/p>\n<p>\u2013 E isso \u00e9 exatamente o que queremos. convencer os nossos aliados na Europa, (nem que para isso seja necess\u00e1ria) uma com uma press\u00e3o econ\u00f4mica delicada \u2013 afirmou.<\/p>\n<p>A primeira medida a ser adotada pela Casa Branca, caso a Europa n\u00e3o endure\u00e7a as negocia\u00e7\u00f5es com os russos acerca da Ucr\u00e2nia, ser\u00e1 o arquivamento do acordo de livre com\u00e9rcio proposto entre os EUA e a UE.<\/p>\n<p>Estados-membros da Uni\u00e3o Europeia, como a Alemanha e a Fran\u00e7a, dependentes do g\u00e1s russo para manter o ritmo da produ\u00e7\u00e3o industrial, foram acusados pela diplomacia norte-americana de \u201cpegar leve com a R\u00fassia\u201d. Se os dois pa\u00edses n\u00e3o suspenderem suas opera\u00e7\u00f5es com a pot\u00eancia eslava, antes do prazo fixado pelos EUA e discordarem de san\u00e7\u00f5es mais duras contra a R\u00fassia, as san\u00e7\u00f5es \u00e0 UE ser\u00e3o consideradas, ainda que em uma fase inicial, mais leve, mas capaz de atrapalhar ainda mais o complicado crescimento econ\u00f4mico do bloco.<\/p>\n<p>Segundo a porta-voz do governo alem\u00e3o, Steffen Seibert, o governo federal alem\u00e3o dever\u00e1 levar suas preocupa\u00e7\u00f5es a Bruxelas, pois h\u00e1 6,3 mil empresas alem\u00e3s sob o risco de perder em faturamento, emprego e competitividade caso sejam ampliadas as medidas de puni\u00e7\u00e3o contra a R\u00fassia.<\/p>\n<p>Correio do Brasil, com ag\u00eancias internacionais &#8211; de Berlim e Washington<\/p>\n<p>http:\/\/correiodobrasil.com.br\/ultimas\/obama-ameaca-punir-a-europa-se-ue-nao-ampliar-sancoes-a-russia\/717865\/<\/p>\n","protected":false},"excerpt":{"rendered":"\n<a class=\"moretag\" href=\"https:\/\/pcb.org.br\/portal2\/6568\"> <\/a>","protected":false},"author":1,"featured_media":0,"comment_status":"closed","ping_status":"closed","sticky":false,"template":"","format":"standard","meta":{"jetpack_post_was_ever_published":false,"_jetpack_newsletter_access":"","_jetpack_dont_email_post_to_subs":false,"_jetpack_newsletter_tier_id":0,"_jetpack_memberships_contains_paywalled_content":false,"_jetpack_memberships_contains_paid_content":false,"footnotes":"","jetpack_publicize_message":"","jetpack_publicize_feature_enabled":true,"jetpack_social_post_already_shared":false,"jetpack_social_options":{"image_generator_settings":{"template":"highway","default_image_id":0,"font":"","enabled":false},"version":2}},"categories":[38],"tags":[],"class_list":["post-6568","post","type-post","status-publish","format-standard","hentry","category-c43-imperialismo"],"jetpack_publicize_connections":[],"jetpack_featured_media_url":"","jetpack_shortlink":"https:\/\/wp.me\/p659gw-1HW","jetpack-related-posts":[],"jetpack_likes_enabled":true,"jetpack_sharing_enabled":true,"_links":{"self":[{"href":"https:\/\/pcb.org.br\/portal2\/wp-json\/wp\/v2\/posts\/6568","targetHints":{"allow":["GET"]}}],"collection":[{"href":"https:\/\/pcb.org.br\/portal2\/wp-json\/wp\/v2\/posts"}],"about":[{"href":"https:\/\/pcb.org.br\/portal2\/wp-json\/wp\/v2\/types\/post"}],"author":[{"embeddable":true,"href":"https:\/\/pcb.org.br\/portal2\/wp-json\/wp\/v2\/users\/1"}],"replies":[{"embeddable":true,"href":"https:\/\/pcb.org.br\/portal2\/wp-json\/wp\/v2\/comments?post=6568"}],"version-history":[{"count":0,"href":"https:\/\/pcb.org.br\/portal2\/wp-json\/wp\/v2\/posts\/6568\/revisions"}],"wp:attachment":[{"href":"https:\/\/pcb.org.br\/portal2\/wp-json\/wp\/v2\/media?parent=6568"}],"wp:term":[{"taxonomy":"category","embeddable":true,"href":"https:\/\/pcb.org.br\/portal2\/wp-json\/wp\/v2\/categories?post=6568"},{"taxonomy":"post_tag","embeddable":true,"href":"https:\/\/pcb.org.br\/portal2\/wp-json\/wp\/v2\/tags?post=6568"}],"curies":[{"name":"wp","href":"https:\/\/api.w.org\/{rel}","templated":true}]}}