{"id":6570,"date":"2014-08-07T14:56:48","date_gmt":"2014-08-07T14:56:48","guid":{"rendered":"http:\/\/pcb.org.br\/portal2\/?p=6570"},"modified":"2014-08-07T14:56:48","modified_gmt":"2014-08-07T14:56:48","slug":"exposicao-sobre-arquivos-da-ditadura-e-inaugurada-no-rio","status":"publish","type":"post","link":"https:\/\/pcb.org.br\/portal2\/6570","title":{"rendered":"Exposi\u00e7\u00e3o sobre arquivos da ditadura \u00e9 inaugurada no Rio"},"content":{"rendered":"\n<p>Esta semana est\u00e1 sendo inaugurada no Rio de Janeiro uma importante exposi\u00e7\u00e3o, Arquivos a Ditadura, no Centro Cultural Justi\u00e7a Federal, na Avenida Rio Branco, que funcionar\u00e1 at\u00e9 o dia 21 de setembro, diariamente, das 12 \u00e0s 19 horas.<\/p>\n<p>Na abertura da mostra estiveram presentes o ex-militante Antonio Roberto Espinosa, parentes de Dora e Chanel Schreier e representantes da Comiss\u00e3o da Anistia.<\/p>\n<p>Nela, o visitante poder\u00e1 ver instala\u00e7\u00f5es sonoras e fotografias de identifica\u00e7\u00e3o policial de presos pol\u00edticos criadas a partir do filme Retratos de identifica\u00e7\u00e3o (2014), de Anita Leandro.<\/p>\n<p>A exposi\u00e7\u00e3o \u00e9 resultado da parceria entre a UFRJ e a Comiss\u00e3o de Anistia atrav\u00e9s do seu projeto Marcas da Mem\u00f3ria cujo objetivo \u00e9 apoiar iniciativas produzidas pela sociedade civil que procuram manter viva a mem\u00f3ria do que se passou nos por\u00f5es dos tempos da ditadura no Brasil. O objetivo dos organizadores \u00e9 agregar \u00e0 pol\u00edtica estatal a repara\u00e7\u00e3o de um processo de reflex\u00e3o e aprendizado coletivo fomentando a\u00e7\u00f5es locais, regionais e nacionais<\/p>\n<p>que permitam a emerg\u00eancia de diversos olhares sobre o passado, conectando-os com as mazelas do presente e com as tarefas da democratiza\u00e7\u00e3o ainda em curso.<\/p>\n<p>Fotos dos militantes da VAR &#8211; Palmares Chael Charles Schreier, morto sob tortura nas depend\u00eancias da Vila Militar do Rio de Janeiro; de Maria Auxiliadora Lara Barcelos, banida do pa\u00eds e refugiada na Alemanha onde suicidou-se, de Ant\u00f4nio Roberto Espinosa, da ALN e depoimento de Reinaldo Guarany s\u00e3o apresentados ao visitante. Nas instala\u00e7\u00f5es sonoras, Espinosa e Maria Auxiliadora contam como foi as tortura e morte de Chael.<\/p>\n<p>Concluindo com chave de ouro, em setembro, do dia 12 a 18, e coroando a exposi\u00e7\u00e3o, haver\u00e1 mostra de filmes com um Programa Luiz Alberto Sanz, incluindo tr\u00eas filmes: N\u00e3o \u00e9 hora de chorar, parceria de Sanz com Pedro Chaskel; 76 anos, Greg\u00f3rio Bezerra, Comunista e Quando chegar o momento (D\u00f4ra), parceria com Lars S\u00e4fstr\u00f6m.<\/p>\n<p>Este programa ser\u00e1 apresentado nos dias 13, \u00e0s 14h30 e 14, \u00e0s 16hs. N\u00e3o \u00e9 hora de chorar tamb\u00e9m far\u00e1 parte da programa\u00e7\u00e3o do \u00faltimo dia, 18, \u00e0s 14h30, antes da exibi\u00e7\u00e3o de Retratos, de Anita Leandro e do document\u00e1rio 70, de Em\u00edlia Silveira.<\/p>\n","protected":false},"excerpt":{"rendered":"\nL\u00e9a Maria Aar\u00e3o Reis\n<a class=\"moretag\" href=\"https:\/\/pcb.org.br\/portal2\/6570\"> <\/a>","protected":false},"author":1,"featured_media":0,"comment_status":"closed","ping_status":"closed","sticky":false,"template":"","format":"standard","meta":{"jetpack_post_was_ever_published":false,"_jetpack_newsletter_access":"","_jetpack_dont_email_post_to_subs":false,"_jetpack_newsletter_tier_id":0,"_jetpack_memberships_contains_paywalled_content":false,"_jetpack_memberships_contains_paid_content":false,"footnotes":"","jetpack_publicize_message":"","jetpack_publicize_feature_enabled":true,"jetpack_social_post_already_shared":false,"jetpack_social_options":{"image_generator_settings":{"template":"highway","default_image_id":0,"font":"","enabled":false},"version":2}},"categories":[46],"tags":[],"class_list":["post-6570","post","type-post","status-publish","format-standard","hentry","category-c56-memoria"],"jetpack_publicize_connections":[],"jetpack_featured_media_url":"","jetpack_shortlink":"https:\/\/wp.me\/p659gw-1HY","jetpack-related-posts":[],"jetpack_likes_enabled":true,"jetpack_sharing_enabled":true,"_links":{"self":[{"href":"https:\/\/pcb.org.br\/portal2\/wp-json\/wp\/v2\/posts\/6570","targetHints":{"allow":["GET"]}}],"collection":[{"href":"https:\/\/pcb.org.br\/portal2\/wp-json\/wp\/v2\/posts"}],"about":[{"href":"https:\/\/pcb.org.br\/portal2\/wp-json\/wp\/v2\/types\/post"}],"author":[{"embeddable":true,"href":"https:\/\/pcb.org.br\/portal2\/wp-json\/wp\/v2\/users\/1"}],"replies":[{"embeddable":true,"href":"https:\/\/pcb.org.br\/portal2\/wp-json\/wp\/v2\/comments?post=6570"}],"version-history":[{"count":0,"href":"https:\/\/pcb.org.br\/portal2\/wp-json\/wp\/v2\/posts\/6570\/revisions"}],"wp:attachment":[{"href":"https:\/\/pcb.org.br\/portal2\/wp-json\/wp\/v2\/media?parent=6570"}],"wp:term":[{"taxonomy":"category","embeddable":true,"href":"https:\/\/pcb.org.br\/portal2\/wp-json\/wp\/v2\/categories?post=6570"},{"taxonomy":"post_tag","embeddable":true,"href":"https:\/\/pcb.org.br\/portal2\/wp-json\/wp\/v2\/tags?post=6570"}],"curies":[{"name":"wp","href":"https:\/\/api.w.org\/{rel}","templated":true}]}}