{"id":6572,"date":"2014-08-07T15:02:10","date_gmt":"2014-08-07T15:02:10","guid":{"rendered":"http:\/\/pcb.org.br\/portal2\/?p=6572"},"modified":"2014-08-07T15:02:10","modified_gmt":"2014-08-07T15:02:10","slug":"cuba-um-modelo-de-acordo-com-a-organizacao-mundial-da-saude","status":"publish","type":"post","link":"https:\/\/pcb.org.br\/portal2\/6572","title":{"rendered":"Cuba: um modelo de acordo com a Organiza\u00e7\u00e3o Mundial da Sa\u00fade"},"content":{"rendered":"\n<p>De acordo com o organismo das Na\u00e7\u00f5es Unidas, o sistema de sa\u00fade de Cuba serve de exemplo para todos os pa\u00edses do mundo<\/p>\n<p>O sistema de sa\u00fade cubano \u00e9 mundialmente reconhecido por sua excel\u00eancia e efici\u00eancia. Apesar de recursos muito limitados e do impacto dram\u00e1tico causado pelas san\u00e7\u00f5es econ\u00f4micas impostas pelos Estados Unidos h\u00e1 mais de meio s\u00e9culo, Cuba conseguiu universalizar o acesso \u00e0 sa\u00fade para todas as categorias da popula\u00e7\u00e3o e obteve resultados semelhantes aos das na\u00e7\u00f5es mais desenvolvidas.<\/p>\n<p>Durante sua visita recente a Havana, Margaret Chan, diretora-geral da Organiza\u00e7\u00e3o Mundial da Sa\u00fade, elogiou o sistema de sa\u00fade cubano e se declarou impressionada com as conquistas nessa \u00e1rea. \u201cCuba \u00e9 \u00fanico pa\u00eds que eu vi que tem um sistema de sa\u00fade estreitamente relacionado com a pesquisa e o desenvolvimento em um circuito fechado. Essa \u00e9 a dire\u00e7\u00e3o certa porque a sa\u00fade humana n\u00e3o pode melhorar se n\u00e3o h\u00e1 inova\u00e7\u00e3o\u201d, enfatizou. Destacou \u201cos esfor\u00e7os da administra\u00e7\u00e3o desse pa\u00eds em colocar a sa\u00fade como pilar essencial do desenvolvimento\u201d.[1]<\/p>\n<p>Cuba baseia seu sistema na medicina preventiva e os resultados s\u00e3o excepcionais. Segundo Margaret Chan, o mundo deve seguir o exemplo da ilha nesse campo e substituir o modelo curativo, pouco eficiente e custoso, por um sistema baseado na preven\u00e7\u00e3o. \u201cDesejamos ardentemente que todos os habitantes do planeta possam ter acesso a servi\u00e7os m\u00e9dicos de qualidade, como em Cuba\u201d, destacou.[2]<\/p>\n<p>Wikimedia Commons<\/p>\n<p>Sede da Escola Latino-americana de Medicina, em Cuba<\/p>\n<p>A OMS lembra que a falta de aten\u00e7\u00e3o m\u00e9dica no mundo n\u00e3o \u00e9 de nenhuma maneira uma fatalidade advinda de falta de recursos. Traduz, em vez disso, a falta de vontade pol\u00edtica dos dirigentes de proteger as popula\u00e7\u00f5es mais vulner\u00e1veis. A organiza\u00e7\u00e3o cita o caso da ilha do Caribe como o perfeito exemplo contr\u00e1rio[3]. Por isso, em maio de 2014, Cuba presidiu a 67\u00aa Assembleia Mundial da Sa\u00fade, como reconhecimento pela excel\u00eancia em seu sistema de sa\u00fade.[4]<\/p>\n<p>Com uma taxa de mortalidade infantil de 4,2 por mil, Cuba tem o melhor indicador do continente e do Terceiro Mundo, refletindo assim a qualidade de seu sistema e o impacto sobre o bem-estar das crian\u00e7as e das mulheres gr\u00e1vidas. A taxa de mortalidade de Cuba \u00e9 inclusive inferior \u00e0 dos Estados Unidos e se encontra entre as mais baixas do mundo.[5]<\/p>\n<p>Com uma expectativa de vida de 78 anos, Cuba \u00e9 um dos melhores alunos do continente americano e do Terceiro Mundo, com um indicador semelhante ao das na\u00e7\u00f5es mais desenvolvidas. Em 2025, Cuba ter\u00e1 a maior propor\u00e7\u00e3o de pessoas de mais de 60 anos da Am\u00e9rica Latina.[6] <strong>Um sistema de sa\u00fade a servi\u00e7o dos povos do Terceiro Mundo<\/strong><\/p>\n<p>Cuba tamb\u00e9m beneficia as popula\u00e7\u00f5es do Terceiro Mundo em seu sistema de sa\u00fade. De fato, desde 1963, Cuba manda m\u00e9dicos e outros funcion\u00e1rios da sa\u00fade para os pa\u00edses do Terceiro Mundo para atender aos deserdados. Atualmente, cerca de 30 mil colaboradores m\u00e9dicos trabalham em mais de 60 pa\u00edses do planeta.[7]<\/p>\n<p>O exemplo emblem\u00e1tico dessa solidariedade em rela\u00e7\u00e3o aos despossu\u00eddos \u00e9 a Opera\u00e7\u00e3o Milagre, que foi lan\u00e7ada por Fidel Castro e Hugo Ch\u00e1vez em 2004. Essa campanha humanit\u00e1ria, elaborada a n\u00edvel continental no marco do projeto de integra\u00e7\u00e3o da Alian\u00e7a Bolivariana para os Povos de Nossa Am\u00e9rica (ALBA), consiste em operar gratuitamente os latino-americanos pobres que sofrem de cataratas e outras enfermidades oculares.[8]<\/p>\n<p>Em uma d\u00e9cada, cerca de 3,5 milh\u00f5es de pessoas recuperaram a vis\u00e3o gra\u00e7as ao internacionalismo cubano. Esse programa social, criado em um primeiro momento para a Venezuela, se estendeu para todo o continente com o objetivo de operar 6 milh\u00f5es de pessoas. Al\u00e9m das opera\u00e7\u00f5es cir\u00fargicas, a Miss\u00e3o Milagre d\u00e1 \u00f3culos e lentes de contato a pessoas v\u00edtimas de problemas de vista.[9]<\/p>\n<p>No total, cerca de 165 institui\u00e7\u00f5es cubanas participam da Opera\u00e7\u00e3o Milagre, que disp\u00f5e de uma rede de 49 centros oftalmol\u00f3gicos e 82 centros cir\u00fargicos em 14 pa\u00edses da Am\u00e9rica Latina: Bol\u00edvia, Costa Rica, Equador, Guatemala, Guiana, Haiti, Honduras, Granada, Nicar\u00e1gua, Panam\u00e1, Paraguai, S\u00e3o Vicente e Granadinas, Venezuela e Uruguai[10].<\/p>\n<p>A solidariedade m\u00e9dica cubana tamb\u00e9m se estende at\u00e9 a \u00c1frica. Em 2014, a Labiofarm, empresa de produ\u00e7\u00e3o qu\u00edmica e biotecnol\u00f3gica cubana, lan\u00e7ou uma campanha de vacina\u00e7\u00e3o contra a mal\u00e1ria na \u00c1frica ocidental, em nada menos que 15 pa\u00edses. [11] Segundo a OMS, esse v\u00edrus, que afeta majoritariamente as crian\u00e7as, custa a vida de nada menos de 630 mil pessoas por ano, \u201ca maioria crian\u00e7as de menores de cinco anos que vivem na \u00c1frica\u201d. \u201cIsso significa que mil crian\u00e7as morrem a cada dia de mal\u00e1ria\u201d, lembra a Organiza\u00e7\u00e3o.[12]<\/p>\n<p>Da mesma maneira, Cuba forma jovens m\u00e9dicos do mundo inteiro na Escola Latino-americana de Medicina (ELAM). Desde a sua cria\u00e7\u00e3o, em 1998, a ELAM formou mais de 20 mil m\u00e9dicos de mais de 12 pa\u00edses. Atualmente, 11 mil jovens procedentes de mais de 13 pa\u00edses cursam medicina na institui\u00e7\u00e3o cubana. Segundo Ban Ki Moon, secret\u00e1rio-geral das Na\u00e7\u00f5es Unidas, a ELAM \u00e9 a \u201cescola m\u00e9dica mais avan\u00e7ada do mundo\u201d.<\/p>\n<p>Tamb\u00e9m elogiou os m\u00e9dicos cubanos que trabalham em todo o mundo, e, particularmente, no Haiti. \u201cChegam sempre primeiro e s\u00e3o os \u00faltimos a ir embora, e permanecem depois da crise. Cuba pode mostrar a todo o mundo seu sistema de sa\u00fade, um modelo para muitos pa\u00edses\u201d.[13]<\/p>\n<p>Ao citar o exemplo de Cuba, a Organiza\u00e7\u00e3o Mundial da Sa\u00fade enfatiza que \u00e9 poss\u00edvel para um pa\u00eds do Terceiro Mundo com recursos limitados elaborar um sistema de sa\u00fade eficiente e oferecer prote\u00e7\u00e3o social a todas as popula\u00e7\u00f5es, se existe vontade pol\u00edtica de situar o ser humano no centro do projeto de sociedade.<\/p>\n<p><em>*Doutor em Estudos Ib\u00e9ricos e Latino-americanos, Salim Lamrani \u00e9 professor-titular da Universidade de la Reuni\u00f3n e jornalista, especialista nas rela\u00e7\u00f5es entre Cuba e Estados Unidos. Seu \u00faltimo libro se chama \u201c<a href=\"http:\/\/monthlyreview.org\/press\/books\/pb3409\/\" target=\"_blank\" rel=\"nofollow\">The Economic War Against Cuba. A Historical and Legal Perspective on the U.S. Blockade<\/a>\u201d, New York, Monthly Review Press, 2013, com pr\u00f3logo de Wayne S. Smith e pref\u00e1cio de Paul Estrade.<\/em><\/p>\n<p>Contato: <a href=\"mailto:lamranisalim@yahoo.fr\" target=\"_blank\" rel=\"nofollow\">lamranisalim@yahoo.fr<\/a> ; <a href=\"mailto:Salim.Lamrani@univ-reunion.fr\" target=\"_blank\" rel=\"nofollow\">Salim.Lamrani@univ-reunion.fr<\/a><\/p>\n<p>P\u00e1gina no Facebook: <a href=\"https:\/\/www.facebook.com\/SalimLamraniOfficiel\" target=\"_blank\" rel=\"nofollow\">https:\/\/www.facebook.com\/SalimLamraniOfficiel<\/a><\/p>\n<p>[1] <em>Prensa Latina<\/em>, \u00ab Directora de OMS reconoci\u00f3 labor de Cuba en materia de salud \u00bb, 16 de julho de 2014.<\/p>\n<p>[2] <em>Agencia Cubana de Noticias<\/em>, \u00ab World Health Organization Praises Cuba\u2019s Achievements \u00bb, 14 de julho de 2014.<\/p>\n<p>[3] <em>Prensa Latina<\/em>, \u00ab Directora de OMS reconoci\u00f3 labor de Cuba en materia de salud \u00bb, <em>op. cit.<\/em><\/p>\n<p>[4] <em>EFE<\/em>, \u00ab Directora general de la OMS est\u00e1 en Cuba para ver avances en investigaciones \u00bb, 15 de julho de 2014.<\/p>\n<p>[5] <em>EFE<\/em>, \u00ab Cuba cierra 2013 con la tasa de mortalidad infantil m\u00e1s baja de su historia \u00bb, 2 de janeiro de 2014.<\/p>\n<p>[6] Oscar Alfonso Sosa, \u00ab Crece esperanza de vida geri\u00e1trica en Cuba\u201d, <em>Cubadebate<\/em>, 29 de abril de 2014.<\/p>\n<p>[7] Salim Lamrani, <em>Cuba: les m\u00e9dias face au d\u00e9fi de l\u2019impartialit\u00e9<\/em>, Paris, Editions Estrella, 2013, p. 49.<\/p>\n<p>[8]<em>Cubadebate<\/em>, \u00ab La Misi\u00f3n Milagro cumple hoy diez a\u00f1os : ha devuelto la vista a 3,4 millones de personas \u00bb, 8 de julho de 2014.<\/p>\n<p>[9] <em>Ibid.<\/em><\/p>\n<p>[10] <em>Ibid.<\/em><\/p>\n<p>[11] <em>Agencia Cubana de Noticias<\/em>, \u00ab Cuba\u2019s LABIOFARM Launches Malaria Campaign in Western Africa \u00bb, 30 de maio de 2014.<\/p>\n<p>[12] Organisation mondiale de la sant\u00e9, \u00ab World Malaria Report 2013 \u00bb, 2013, p. v. <a href=\"http:\/\/www.who.int\/malaria\/publications\/world_malaria_report_2013\/report\/en\/\" target=\"_blank\" rel=\"nofollow\">http:\/\/www.who.int\/malaria\/publications\/world_malaria_report_2013\/report\/en\/<\/a> (site consultado dia 19 de julho de 2014).<\/p>\n<p>[13] Nyliam V\u00e1squez Garc\u00eda, \u00ab La escuela m\u00e9dica m\u00e1s avanzada del mundo \u00bb, <em>Juventud Rebelde<\/em>, 28 de janeiro de 2014.<\/p>\n","protected":false},"excerpt":{"rendered":"\nSalim Lamrani | Paris &#8211; 29\/07\/2014 &#8211; 15h07 Opera Mundi\n<a class=\"moretag\" href=\"https:\/\/pcb.org.br\/portal2\/6572\"> <\/a>","protected":false},"author":1,"featured_media":0,"comment_status":"closed","ping_status":"closed","sticky":false,"template":"","format":"standard","meta":{"jetpack_post_was_ever_published":false,"_jetpack_newsletter_access":"","_jetpack_dont_email_post_to_subs":false,"_jetpack_newsletter_tier_id":0,"_jetpack_memberships_contains_paywalled_content":false,"_jetpack_memberships_contains_paid_content":false,"footnotes":"","jetpack_publicize_message":"","jetpack_publicize_feature_enabled":true,"jetpack_social_post_already_shared":false,"jetpack_social_options":{"image_generator_settings":{"template":"highway","default_image_id":0,"font":"","enabled":false},"version":2}},"categories":[47],"tags":[],"class_list":["post-6572","post","type-post","status-publish","format-standard","hentry","category-c57-revolucao-cubana"],"jetpack_publicize_connections":[],"jetpack_featured_media_url":"","jetpack_shortlink":"https:\/\/wp.me\/p659gw-1I0","jetpack-related-posts":[],"jetpack_likes_enabled":true,"jetpack_sharing_enabled":true,"_links":{"self":[{"href":"https:\/\/pcb.org.br\/portal2\/wp-json\/wp\/v2\/posts\/6572","targetHints":{"allow":["GET"]}}],"collection":[{"href":"https:\/\/pcb.org.br\/portal2\/wp-json\/wp\/v2\/posts"}],"about":[{"href":"https:\/\/pcb.org.br\/portal2\/wp-json\/wp\/v2\/types\/post"}],"author":[{"embeddable":true,"href":"https:\/\/pcb.org.br\/portal2\/wp-json\/wp\/v2\/users\/1"}],"replies":[{"embeddable":true,"href":"https:\/\/pcb.org.br\/portal2\/wp-json\/wp\/v2\/comments?post=6572"}],"version-history":[{"count":0,"href":"https:\/\/pcb.org.br\/portal2\/wp-json\/wp\/v2\/posts\/6572\/revisions"}],"wp:attachment":[{"href":"https:\/\/pcb.org.br\/portal2\/wp-json\/wp\/v2\/media?parent=6572"}],"wp:term":[{"taxonomy":"category","embeddable":true,"href":"https:\/\/pcb.org.br\/portal2\/wp-json\/wp\/v2\/categories?post=6572"},{"taxonomy":"post_tag","embeddable":true,"href":"https:\/\/pcb.org.br\/portal2\/wp-json\/wp\/v2\/tags?post=6572"}],"curies":[{"name":"wp","href":"https:\/\/api.w.org\/{rel}","templated":true}]}}