{"id":6653,"date":"2014-09-03T19:49:58","date_gmt":"2014-09-03T19:49:58","guid":{"rendered":"http:\/\/pcb.org.br\/portal2\/?p=6653"},"modified":"2014-09-03T19:49:58","modified_gmt":"2014-09-03T19:49:58","slug":"a-cia-descoberta-costa-rica-e-a-estrategia-midiatica-contra-a-revolucao-cubana","status":"publish","type":"post","link":"https:\/\/pcb.org.br\/portal2\/6653","title":{"rendered":"A CIA descoberta: Costa Rica e a estrat\u00e9gia midi\u00e1tica contra a Revolu\u00e7\u00e3o Cubana"},"content":{"rendered":"\n<p>A recente presen\u00e7a de v\u00e1rios elementos contrarrevolucion\u00e1rios na Costa Rica faz parte da nova estrat\u00e9gia midi\u00e1tica criada, organizada e dirigida pelos servi\u00e7os especiais estadunidense, principalmente a CIA, com o objetivo de dar visibilidade \u00e0 contrarrevolu\u00e7\u00e3o cubana, colocando-a pr\u00f3xima dos centros de poder pol\u00edtico, social e de comunica\u00e7\u00e3o.<\/p>\n<p>N\u00e3o \u00e9 uma estrat\u00e9gia qualquer, est\u00e1 baseada em a\u00e7\u00f5es que combinam o marketing pol\u00edtico com ferramentas pr\u00f3prias das cl\u00e1ssicas opera\u00e7\u00f5es clandestinas dos servi\u00e7os especiais estadunidense.<\/p>\n<p>No \u00faltimo 30 de julho, o contrarrevolucionario cubano Ant\u00f4nio Rodiles entregou em San Jose, Costa Rica, documentos da \u201cCampanha por Outra Cuba\u201d, ao Secret\u00e1rio Geral da ONU, Ban Ki-moon que se encontrava em visita oficial neste pa\u00eds irm\u00e3o. O objetivo de colocar Ant\u00f4nio Rodiles e a outros elementos da contrarrevolu\u00e7\u00e3o, de origem cubana, diante do Secret\u00e1rio Geral da ONU, violando todas as normas de protocolo e de seguran\u00e7a, demonstra n\u00e3o s\u00f3 o perigo e a irresponsabilidade desta estrat\u00e9gia, mas tamb\u00e9m que existem \u201cpe\u00e7as\u201d de grande influ\u00eancia, poder e acesso, brindando apoio \u00e0 mesma, e que a Costa Rica tamb\u00e9m n\u00e3o escapa a esta estrat\u00e9gia.<\/p>\n<p>Por que a Costa Rica? A presen\u00e7a destes elementos neste pa\u00eds centro-americano, responde aos planos de desenvolvera contrarrevolu\u00e7\u00e3o, com vista a boicotar a pr\u00f3xima c\u00fapula da CELAC a efetuar-se neste pa\u00eds em 2015.<\/p>\n<p>Quem est\u00e1 gerenciando os segmentos desta manipula\u00e7\u00e3o? Quem est\u00e1 participando desta estrat\u00e9gia?<\/p>\n<p><strong>Rodiles- Montaner<\/strong><\/p>\n<p>Agentes que atuam sob a fachada constru\u00edda pelos servi\u00e7os especiais. O mais conhecido terrorista e agente da CIA, o mercen\u00e1rio da pena, Carlos Alberto Montaner, o suposto pai dos assalariados Ant\u00f4nio Rodiles e Yoani Sanchez, entre outros (suposto, porque o pai verdadeiro sabemos quem \u00e9). Sobre Montaner disse o j\u00e1 falecido jornalista e escritor de origem cubana, radicado nos EUA, Luis Ortega: \u201cMontaner \u00e9 capaz de mudar o seu pr\u00f3prio nome para Celestina e public\u00e1-la como o nome de uma dissidente cubana\u201d. Nunca se saber\u00e1 quantas hist\u00f3rias sa\u00edram do escrit\u00f3rio de Montaner, destacou Luis Ortega.<\/p>\n<p>Figuras conhecidas, de relevo pol\u00edtico internacional, como \u00e9 o caso do ex-presidente Oscar Arias, criador da Funda\u00e7\u00e3o Arias para a Paz e o Progresso Humano, Pr\u00eamio Nobel da Paz e Pr\u00eamio Pr\u00edncipe de Ast\u00farias.<\/p>\n<p>Oscar Arias, a pesar de seus pr\u00eamios e t\u00edtulos, \u00e9 uma figura controversa no mundo da pol\u00edtica, especialmente na Am\u00e9rica Central. Muitos suspeitam que ele jogou um an\u00f4nimo papel a servi\u00e7o do Departamento de Estado Norte-Americano durante o golpe de estado ao presidente de Honduras, Jos\u00e9 Manuel Zelaya Rosales. Atribui-se ao Departamento de Estado as iniciativas apresentadas por Arias antes e depois do golpe e a estrat\u00e9gia de ter se oferecido como mediador antes da deposi\u00e7\u00e3o, com o suposto af\u00e3 de evita-lo.<\/p>\n<p>A terceira pe\u00e7a desta \u201cengenhosa\u201d engrenagem, a mais significativa, tem a ver com os servi\u00e7os especiais norte-americanos, se trata do diplomata estadunidense Gonzalo Gallego, radicado na Embaixada dos EUA na Costa Rica (em sua segunda miss\u00e3o neste pa\u00eds).<\/p>\n<p>No inicio da d\u00e9cada pasada, esteve destacado na \u201cOficina de Intereses de los Estados Unidos em la Habana\u201d (SINA), Gallegos n\u00e3o era um diplomata qualquer, pertencia \u00e0 lista de oficiais da CIA em nosso pa\u00eds. Durante sua estada em Cuba, manteve fortes v\u00ednculos com setores hostis \u00e0 Revolu\u00e7\u00e3o. Pessoas relacionadas ao meio art\u00edstico e \u00e0 algumas ONG\u2019s, \u00e9 preciso lembra-se dele como algu\u00e9m que trabalhou com dedica\u00e7\u00e3o em seu objetivo de influir este setor e sobre grupos de profissionais liberais em geral. Importante recordar as recentes revela\u00e7\u00f5es da ag\u00eancia \u201cThe Associated Press\u201d (AP) sobre o trabalho com os jovens do setor art\u00edstico comunit\u00e1rio, que se articulava por \u201cCreatives Associates\u201d da Costa Rica.<\/p>\n<p>Chama aten\u00e7\u00e3o, a pouca cobertura da m\u00eddia \u00e0 estadia destes contrarrevolucion\u00e1rios. Talvez se deva, nos atrevemos a especular, a uma s\u00e1bia inten\u00e7\u00e3o governamental de n\u00e3o magnificar os feitos, nem comprometer-se em uma a\u00e7\u00e3o que poderia ser interpretada como pouco cordial \u00e0 Cuba, sua companheira na \u201cTroika\u201d.<\/p>\n<p>No entanto, os feitos sob os ausp\u00edcios da \u201cFundaci\u00f3n Arias para la Paz y el Progresso Humano\u201d e a ONG sueca \u201cCivil RightsDefenders\u201d, com o acompanhamento do oficial da CIA, Gonzalo Gallego, e a presen\u00e7a de elementos contrarrevolucion\u00e1rios que viajaram de v\u00e1rios pa\u00edses, celebrou na Costa Rica um escrit\u00f3rio financiado pelo \u201cThe NationalEndowment for Democracy\u201d (NED), para \u201cpromover\u201d os Tratados de Direitos Humanos em Cuba, n\u00e3o \u00e9 mera casualidade.<\/p>\n<p>Entre os asistentes sobressai-se o contrarrevolucion\u00e1rio radicado na Espanha, YaxisCires, de quem se tem dito, que tem v\u00ednculos com a CIA. O nome de Cires aparece vinculado com v\u00e1rias publica\u00e7\u00f5es subsidiadas por o Departamento de Estado dos EUA, a terroristas como \u00c1ngel de Fana e Frank Calz\u00f3n. Tanto Cires quanto Rodiles s\u00e3o em boa medida dirigidos por Carlos Alberto Montaner e tamb\u00e9m pelo sueco Erik Jennische, que \u00e9 diretor da ONG \u201cCivil RightsDefenders\u201d e membro do Partido Liberal Sueco, \u00e9 conhecido em Cuba por seus contatos com a contrarrevolu\u00e7\u00e3o e suas viagens \u00e0 ilha.<\/p>\n<p><strong>Erik Jennische<\/strong><\/p>\n<p>Sobre Erik Jennische, escreve Manoel David Orrio, exagente Miguel dos \u00d3rg\u00e3os de Seguran\u00e7a do Estado: \u201c&#8230; Desde a sua chegada, e posteriores visitas a Cuba \u2013 incluindo sua expuls\u00e3o -, realizou uma detalhada explora\u00e7\u00e3o da denominada dissid\u00eancia criolla, e um seguimento que na contraespionagem pode se chamar com a presen\u00e7a de um \u201cagente indicador\u201d.<\/p>\n<p>Erik Jennische disponibilizou para a \u201cdissid\u00eancia\u201d cubana recursos importantes, que s\u00e3o facilitados por ONG\u2019s suecas que trabalham contra a revolu\u00e7\u00e3o pela USAID, como denunciado diversas vezes por organiza\u00e7\u00f5es suecas de solidariedade com Cuba.<\/p>\n<p>Foi amplamente divulgado, antes da C\u00fapula da CELAC em Havana, que a contrarrevolu\u00e7\u00e3o cubana fez de todo o poss\u00edvel para impedir a sua realiza\u00e7\u00e3o, inclusive tentou utilizar-se do territ\u00f3rio da Costa Rica como base para seus planos de proje\u00e7\u00e3o midi\u00e1tica e pol\u00edtica. Ademais se considerou a possibilidade de realizar ali uma c\u00fapula paralela, projeto que foi desestimulado.<\/p>\n<p>No territorio costarriquenhorealizaram-se conchavos para organizar a\u00e7\u00f5es em face \u00e0 C\u00fapula. Os dias 7 e 8 de novembro do ano de 2013 deram lugar a uma reuni\u00e3o secreta em San Jos\u00e9 em que estiveram presentes representantes da contrarrevolu\u00e7\u00e3o cubana e da oposi\u00e7\u00e3o venezuelana, com a participa\u00e7\u00e3o de pol\u00edtico nicaraguenses e costarriquenhos. O encontro aconteceu no Hotel Presidente, situado na Avenida Primera de San Jos\u00e9, pr\u00f3ximo \u00e0 sede da Fundaci\u00f3nArias para la Paz y el Progreso. Oscar Arias assistiu, patrocinou e em parte financiou a reuni\u00e3o, a origem do dinheiro, n\u00e3o foi revelada, mas a rota conhecida nos leva \u00e0 NED que faz vultuosos financiamentos para a\u00e7\u00f5es contra Cuba.<\/p>\n<p>Tamb\u00e9m verificou-se que nessa reuni\u00e3o foi assinado um documento por parte da contrarrevolu\u00e7\u00e3o cubana e a oposi\u00e7\u00e3o venezuelana para atuar de comum acordo contra a CELAC. Alguns conhecidos elementos fazem crer que, provavelmente, tamb\u00e9m se tra\u00e7ou as coordenadas para a \u00faltima conven\u00e7\u00e3o celebrado recentemente para \u201cpromover\u201d a ratifica\u00e7\u00e3o dos tratados de direitos humanos em Cuba, com a participa\u00e7\u00e3o da Sociedade Civil Cubana.<\/p>\n<p>Na reuni\u00e3o anti-CELAC realizada em San Jos\u00e9 estiveram presentes al\u00e9m de Ant\u00f4nio Rodiles e outros cubanos, o opositor venezuelano ultradireitista Leopoldo L\u00f3pez e o nicaraguense Edmundo Jarqu\u00edn. Nunca se fez t\u00e3o certa a afirma\u00e7\u00e3o de que \u201cA gan\u00e2ncia os criam e o diabo os juntam\u201d.<\/p>\n<p>Uma simples an\u00e1lise dos acontecimentos aqu\u00ed descritos evidencia que as a\u00e7\u00f5es do Governo dos EUA, seus servi\u00e7os especiais, seus aliados e mercen\u00e1rios n\u00e3o se dirigem s\u00f3 contra Cuba. Se trata de interromper o processo integracionista e libertador da Am\u00e9rica Latina, ponto central da agenda do Departamento de Estado na Am\u00e9rica Latina.<\/p>\n<p>As recentes revela\u00e7\u00f5es da Ag\u00eancia The Associated Press evidenciam que o governo dos EUA tem utilizado do solo costarriquenho para suas a\u00e7\u00f5es contra Cuba. Projetos como Zunzuneo, Piramideo, J\u00f3venesViajeros, etc, envolveu cidad\u00e3os desta na\u00e7\u00e3o irm\u00e3.<\/p>\n<p>Forte press\u00e3o se deu sobre o Governo Tico para tentar boicotar a pr\u00f3xima C\u00fapula da CELAC, para submeter de novo o nosso povo a se reunir unicamente \u201csob a sombra da tem\u00edvel \u00e1guia\u201d, com todas as bandeiras da Am\u00e9rica Latina apertada em suas garras. Por a\u00ed anda o jogo.<\/p>\n<p>1) H\u00e1 30 anos, a NationalEndowment for Democracy (NED)se encarrega da parte \u201clegal\u201d das opera\u00e7\u00f5es ilegais da CIA. \u00c9 considerada uma esp\u00e9cie de Trojan Horsedo Governo Norte-Americano. O informe da NED do ano de 2013 evidencia que esta ag\u00eancia yanquiest\u00e1 muito ativa em seu trabalho contra Cuba e sobretudo seguiram destinando milh\u00f5es de d\u00f3lares para promover a contrarrevolu\u00e7\u00e3o cubana.<\/p>\n<p>2\/Jean-GuyAllard Detr\u00e1s de la campa\u00f1a europea contra Cuba, los socios alemanes de la CIA. Granma, Org. Oficial del PCC, mi\u00e9rcoles 28 de abril del 2010.<\/p>\n<p>3\/Un reencuentro entre Erik Jennische y Manuel David Orrio, Sitio digital Rebeli\u00f3n <a href=\"http:\/\/www.rebelion.org\/noticia.php?id=131740\" target=\"_blank\">http:\/\/www.rebelion.org\/noticia.php?id=131740<\/a><\/p>\n<p>Fonte: P\u00e1tria Latina<\/p>\n","protected":false},"excerpt":{"rendered":"\nPor Ra\u00fal Antonio Capote\n<a class=\"moretag\" href=\"https:\/\/pcb.org.br\/portal2\/6653\"> <\/a>","protected":false},"author":1,"featured_media":0,"comment_status":"closed","ping_status":"closed","sticky":false,"template":"","format":"standard","meta":{"jetpack_post_was_ever_published":false,"_jetpack_newsletter_access":"","_jetpack_dont_email_post_to_subs":false,"_jetpack_newsletter_tier_id":0,"_jetpack_memberships_contains_paywalled_content":false,"_jetpack_memberships_contains_paid_content":false,"footnotes":"","jetpack_publicize_message":"","jetpack_publicize_feature_enabled":true,"jetpack_social_post_already_shared":false,"jetpack_social_options":{"image_generator_settings":{"template":"highway","default_image_id":0,"font":"","enabled":false},"version":2}},"categories":[91],"tags":[],"class_list":["post-6653","post","type-post","status-publish","format-standard","hentry","category-c104-costa-rica"],"jetpack_publicize_connections":[],"jetpack_featured_media_url":"","jetpack_shortlink":"https:\/\/wp.me\/p659gw-1Jj","jetpack-related-posts":[],"jetpack_likes_enabled":true,"jetpack_sharing_enabled":true,"_links":{"self":[{"href":"https:\/\/pcb.org.br\/portal2\/wp-json\/wp\/v2\/posts\/6653","targetHints":{"allow":["GET"]}}],"collection":[{"href":"https:\/\/pcb.org.br\/portal2\/wp-json\/wp\/v2\/posts"}],"about":[{"href":"https:\/\/pcb.org.br\/portal2\/wp-json\/wp\/v2\/types\/post"}],"author":[{"embeddable":true,"href":"https:\/\/pcb.org.br\/portal2\/wp-json\/wp\/v2\/users\/1"}],"replies":[{"embeddable":true,"href":"https:\/\/pcb.org.br\/portal2\/wp-json\/wp\/v2\/comments?post=6653"}],"version-history":[{"count":0,"href":"https:\/\/pcb.org.br\/portal2\/wp-json\/wp\/v2\/posts\/6653\/revisions"}],"wp:attachment":[{"href":"https:\/\/pcb.org.br\/portal2\/wp-json\/wp\/v2\/media?parent=6653"}],"wp:term":[{"taxonomy":"category","embeddable":true,"href":"https:\/\/pcb.org.br\/portal2\/wp-json\/wp\/v2\/categories?post=6653"},{"taxonomy":"post_tag","embeddable":true,"href":"https:\/\/pcb.org.br\/portal2\/wp-json\/wp\/v2\/tags?post=6653"}],"curies":[{"name":"wp","href":"https:\/\/api.w.org\/{rel}","templated":true}]}}