{"id":6744,"date":"2014-10-09T14:36:54","date_gmt":"2014-10-09T14:36:54","guid":{"rendered":"http:\/\/pcb.org.br\/portal2\/?p=6744"},"modified":"2014-12-01T18:36:58","modified_gmt":"2014-12-01T18:36:58","slug":"pc-da-grecia-pame-realizou-manifestacoes-massivas-em-dezenas-de-cidades","status":"publish","type":"post","link":"https:\/\/pcb.org.br\/portal2\/6744","title":{"rendered":"PC da Gr\u00e9cia: PAME realizou manifesta\u00e7\u00f5es massivas em dezenas de cidades"},"content":{"rendered":"<p><!--more-->Segunda-feira, 06 de outubro de 2014 12:39 Partido Comunista da Gr\u00e9cia<\/p>\n<p>Em Piraeus, em Tessal\u00f4nica e em dezenas de cidades da Gr\u00e9cia ocorreram manifesta\u00e7\u00f5es na sexta-feira, dia 03, e no s\u00e1bado, dia 04 de outubro. As mesmas est\u00e3o integradas no marco de iniciativas ante a manifesta\u00e7\u00e3o nacional do dia 1\u00b0 de novembro, na Pra\u00e7a Sintagma, que est\u00e1 sendo organizada a partir da decis\u00e3o das Assembleias Gerais de 417 Federa\u00e7\u00f5es, Centrais Locais de Trabalhadores e Sindicatos.<\/p>\n<p>Em Atenas, no s\u00e1bado, dia 04 de outubro, milhares de trabalhadores, desempregados, jovens, mulheres e aposentados marcharam da Pra\u00e7a Omonia at\u00e9 a Pra\u00e7a Sintagma, onde se encontra o parlamento grego.<\/p>\n<p>\u201cDiante do ataque do capital e do governo, o \u00fanico caminho \u00e9 a organiza\u00e7\u00e3o da luta, da resist\u00eancia contra a expans\u00e3o das rela\u00e7\u00f5es de trabalho flex\u00edveis e da redu\u00e7\u00e3o dos sal\u00e1rios, contra a aboli\u00e7\u00e3o de todas as leis antitrabalhistas, em defesa das conven\u00e7\u00f5es coletivas\u201d, destacou no discurso central Vasilis Petropoulos, do PAME. \u201cN\u00f3s chamamos os trabalhadores a darem um voto de confian\u00e7a a sua for\u00e7a e a suas lutas, abrindo caminho para a derrota do capitalismo. Em 1\u00b0 de novembro, Atenas estar\u00e1 inundada de trabalhadores, jovens, desempregados, trabalhadores aut\u00f4nomos, camponeses, aposentados, todos lutando pela vida que lhes pertence. N\u00e3o \u00e0s migalhas que querem nos distribuir aqueles que se servem da UE e dos lucros capitalistas. Existem todas as condi\u00e7\u00f5es pr\u00e9vias para termos uma vida com direitos, com base nas nossas necessidades contempor\u00e2neas. Para isso, \u00e9 preciso tomarmos esse assunto em nossas m\u00e3os. E, depois de 1\u00b0 de novembro, com base neste trabalho, devemos preparar grandes manifesta\u00e7\u00f5es e greves, avaliando o volume do ataque em geral, em cada setor, em cada centro de trabalho, com as for\u00e7as do movimento classista na vanguarda da luta\u201d.<\/p>\n<p>O Secret\u00e1rio Geral do Comit\u00ea Central do KKE, Dimitris Koutsoumpas, participou da manifesta\u00e7\u00e3o em Atenas. Em seu coment\u00e1rio aos jornalistas, disse o seguinte: \u201cH\u00e1 uma mensagem: N\u00e3o podemos esperar. Contra as ilus\u00f5es semeadas pelos conflitos desorientados entre os partidos no Parlamento. Organizamos agora a luta atrav\u00e9s dos sindicatos, com o PAME, com as demais organiza\u00e7\u00f5es militantes, atrav\u00e9s da organiza\u00e7\u00e3o da alian\u00e7a popular, fortalecendo o KKE em todos os aspectos. Pelo trabalho permanente e est\u00e1vel para todos, pelas conven\u00e7\u00f5es coletivas de trabalho, por sal\u00e1rios satisfat\u00f3rios, n\u00e3o menos de 751\u20ac, pelo retorno da bonifica\u00e7\u00e3o de Natal, de P\u00e1scoa e de f\u00e9rias, da pens\u00e3o, dos direitos sociais e da previd\u00eancia social para todos os trabalhadores, isen\u00e7\u00f5es de impostos, aboli\u00e7\u00e3o de todas as leis antipopulares, medidas fiscais que recaem, principalmente, sobre as fam\u00edlias populares\u201d.<\/p>\n<p>V\u00eddeo: https:\/\/www.youtube.com\/watch?v=6_mZwiVpQJM<\/p>\n<p>Fonte: http:\/\/www.solidnet.org\/greece-communist-party-of-greece\/cp-of-greece-mass-demonstrations-of-pame-in-dozens-of-cities-en-ru-ar<\/p>\n<p>Tradu\u00e7\u00e3o: Partido Comunista Brasileiro (PCB)<\/p>\n","protected":false},"excerpt":{"rendered":"  \n<a class=\"moretag\" href=\"https:\/\/pcb.org.br\/portal2\/6744\"> <\/a>","protected":false},"author":1,"featured_media":0,"comment_status":"closed","ping_status":"closed","sticky":false,"template":"","format":"standard","meta":{"jetpack_post_was_ever_published":false,"_jetpack_newsletter_access":"","_jetpack_dont_email_post_to_subs":false,"_jetpack_newsletter_tier_id":0,"_jetpack_memberships_contains_paywalled_content":false,"_jetpack_memberships_contains_paid_content":false,"footnotes":"","jetpack_publicize_message":"","jetpack_publicize_feature_enabled":true,"jetpack_social_post_already_shared":false,"jetpack_social_options":{"image_generator_settings":{"template":"highway","default_image_id":0,"font":"","enabled":false},"version":2}},"categories":[107],"tags":[],"class_list":["post-6744","post","type-post","status-publish","format-standard","hentry","category-c120-grecia"],"jetpack_publicize_connections":[],"jetpack_featured_media_url":"","jetpack_shortlink":"https:\/\/wp.me\/p659gw-1KM","jetpack-related-posts":[],"jetpack_likes_enabled":true,"jetpack_sharing_enabled":true,"_links":{"self":[{"href":"https:\/\/pcb.org.br\/portal2\/wp-json\/wp\/v2\/posts\/6744","targetHints":{"allow":["GET"]}}],"collection":[{"href":"https:\/\/pcb.org.br\/portal2\/wp-json\/wp\/v2\/posts"}],"about":[{"href":"https:\/\/pcb.org.br\/portal2\/wp-json\/wp\/v2\/types\/post"}],"author":[{"embeddable":true,"href":"https:\/\/pcb.org.br\/portal2\/wp-json\/wp\/v2\/users\/1"}],"replies":[{"embeddable":true,"href":"https:\/\/pcb.org.br\/portal2\/wp-json\/wp\/v2\/comments?post=6744"}],"version-history":[{"count":0,"href":"https:\/\/pcb.org.br\/portal2\/wp-json\/wp\/v2\/posts\/6744\/revisions"}],"wp:attachment":[{"href":"https:\/\/pcb.org.br\/portal2\/wp-json\/wp\/v2\/media?parent=6744"}],"wp:term":[{"taxonomy":"category","embeddable":true,"href":"https:\/\/pcb.org.br\/portal2\/wp-json\/wp\/v2\/categories?post=6744"},{"taxonomy":"post_tag","embeddable":true,"href":"https:\/\/pcb.org.br\/portal2\/wp-json\/wp\/v2\/tags?post=6744"}],"curies":[{"name":"wp","href":"https:\/\/api.w.org\/{rel}","templated":true}]}}