{"id":6756,"date":"2014-10-16T00:31:04","date_gmt":"2014-10-16T00:31:04","guid":{"rendered":"http:\/\/pcb.org.br\/portal2\/?p=6756"},"modified":"2014-11-05T06:49:55","modified_gmt":"2014-11-05T06:49:55","slug":"cronica-de-um-equivoco-anunciado","status":"publish","type":"post","link":"https:\/\/pcb.org.br\/portal2\/6756","title":{"rendered":"Cr\u00f4nica de um equ\u00edvoco anunciado"},"content":{"rendered":"\n<p><strong><em>14-10-2014<\/em><\/strong><\/p>\n<p><strong>Haiti<\/strong><\/p>\n<p>Adolfo P\u00e9rez Esquivel<\/p>\n<p>Ontem, a imprensa haitiana \u2013 talvez mais ningu\u00e9m \u2013 publicou a not\u00edcia de que os chamados \u201cdoadores internacionais\u201d, convocados a comprometer-se com o <em>Plano de erradica\u00e7\u00e3o do c\u00f3lera<\/em> no Haiti, ofereceram apenas U$ 52,5 milh\u00f5es dos U$ 310 milh\u00f5es necess\u00e1rios para os pr\u00f3ximos tr\u00eas anos. Acrescentou que a reuni\u00e3o em Washington foi convocada pelo Banco Mundial, por iniciativa das Na\u00e7\u00f5es Unidas.<\/p>\n<p>Hoje, provavelmente, tamb\u00e9m seja apenas a imprensa haitiana a noticiar que o Conselho de Seguran\u00e7a dessas mesmas Na\u00e7\u00f5es Unidas votou, nesta manh\u00e3, para autorizar mais um ano de perman\u00eancia da MINUSTAH, sua Miss\u00e3o pela Estabiliza\u00e7\u00e3o do Haiti, estabelecida h\u00e1 10 anos nesse pequeno pa\u00eds caribenho, ber\u00e7o de grandes contribui\u00e7\u00f5es para a hist\u00f3ria da humanidade, como o fim da escravid\u00e3o. Talvez acrescentem que o or\u00e7amento anual de U$ 500 milh\u00f5es j\u00e1 tinha sido aprovado para a manuten\u00e7\u00e3o desta for\u00e7a de ocupa\u00e7\u00e3o, respons\u00e1vel, entre outros desprop\u00f3sitos, pela introdu\u00e7\u00e3o da bact\u00e9ria do c\u00f3lera, que matou mais de 9000 haitianos e haitianas e continua causando estragos, sem que as Na\u00e7\u00f5es Unidas reconhe\u00e7am sua responsabilidade ou menos ainda, assegurem a repara\u00e7\u00e3o do verdadeiro crime cometido.<\/p>\n<p>Esta desordem de prioridades \u00e9 um profundo equ\u00edvoco que, atualmente, sofre o povo haitiano, como tantos outros, com graves consequ\u00eancias para seu futuro e o de nosso mundo inteiro.<\/p>\n<p>Centenas de organiza\u00e7\u00f5es e pessoas da Am\u00e9rica Latina, do Caribe e de outras partes do mundo, \u00e0s v\u00e9speras da vota\u00e7\u00e3o, novamente se dirigiram \u00e0s autoridades e governos envolvidos na ocupa\u00e7\u00e3o do Haiti, para reivindicar a n\u00e3o renova\u00e7\u00e3o desta Miss\u00e3o chamada de \u201cPaz\u201d <a>[1]<\/a>. Por\u00e9m, o mesmo Conselho de Seguran\u00e7a, que o irm\u00e3o Evo Morales recentemente batizou de \u201cInseguran\u00e7a\u201d, continua afirmando que o Haiti \u00e9 um perigo para a paz da regi\u00e3o e, contra toda evid\u00eancia, renova a presen\u00e7a desta for\u00e7a tutelar que, longe de \u201cestabilizar\u201d a sociedade haitiana, viola seus direitos humanos mais b\u00e1sicos, minando o funcionamento de suas institui\u00e7\u00f5es e submetendo por completo sua soberania e autodetermina\u00e7\u00e3o.<\/p>\n<p>Na carta que tamb\u00e9m encaminhamos \u00e0s institui\u00e7\u00f5es de integra\u00e7\u00e3o regional, como a UNASUL e a CELAC, repudiamos especialmente o fato dos governos e parlamentos de muitos de nossos pa\u00edses latino-americanos \u2013 respons\u00e1veis pela maior parte do contingente da MINUSTAH \u2013 aceitarem participar da terceiriza\u00e7\u00e3o desta ocupa\u00e7\u00e3o e do processo de recoloniza\u00e7\u00e3o em marcha, fazendo-se omissos quanto \u00e0 vontade do povo e aos dois pedidos do Senado haitiano. Isso tudo apesar do exemplo dado por outros pa\u00edses, como Cuba e Venezuela, que continuam mostrando que uma coopera\u00e7\u00e3o que respeite a soberania, os direitos e as necessidades do povo \u00e9 poss\u00edvel.<\/p>\n<p>Reiteramos nosso apelo pela retirada imediata de todas as tropas que ocupam o Haiti. Em seu lugar, geraremos uma verdadeira for\u00e7a de solidariedade, transpondo a desordem de prioridades estabelecida, escutando as demandas e propostas das organiza\u00e7\u00f5es populares haitianas, contribuindo com a constru\u00e7\u00e3o de novos paradigmas de coopera\u00e7\u00e3o para um novo pacto de civiliza\u00e7\u00e3o.<\/p>\n<p><em>Buenos Aires, 14 de outubro de 2014<\/em><\/p>\n<p>&#8211; Adolfo P\u00e9rez Esquivel, Pr\u00eamio Nobel da Paz<\/p>\n<p><a>[1]<\/a> Ver aqui o <a href=\"http:\/\/haitinominustah.info\/2014\/10\/13\/al-consejo-de-seguridad-de-la-onu-fuera-las-tropas-de-ocupacion-de-haiti\/\" target=\"_blank\">texto completo da Carta enviada para repudiar a renova\u00e7\u00e3o da MINUSTAH<\/a>.<\/p>\n<p>Fonte: <a href=\"http:\/\/www.alainet.org\/active\/77999\" target=\"_blank\">http:\/\/www.alainet.org\/active\/77999<\/a><\/p>\n<p>Tradu\u00e7\u00e3o: Partido Comunista Brasileiro (PCB)<\/p>\n","protected":false},"excerpt":{"rendered":"\nAm\u00e9rica Latina em Movimento (ALAI)\n<a class=\"moretag\" href=\"https:\/\/pcb.org.br\/portal2\/6756\"> <\/a>","protected":false},"author":1,"featured_media":0,"comment_status":"closed","ping_status":"closed","sticky":false,"template":"","format":"standard","meta":{"jetpack_post_was_ever_published":false,"_jetpack_newsletter_access":"","_jetpack_dont_email_post_to_subs":false,"_jetpack_newsletter_tier_id":0,"_jetpack_memberships_contains_paywalled_content":false,"_jetpack_memberships_contains_paid_content":false,"footnotes":"","jetpack_publicize_message":"","jetpack_publicize_feature_enabled":true,"jetpack_social_post_already_shared":false,"jetpack_social_options":{"image_generator_settings":{"template":"highway","default_image_id":0,"font":"","enabled":false},"version":2}},"categories":[38],"tags":[],"class_list":["post-6756","post","type-post","status-publish","format-standard","hentry","category-c43-imperialismo"],"jetpack_publicize_connections":[],"jetpack_featured_media_url":"","jetpack_shortlink":"https:\/\/wp.me\/p659gw-1KY","jetpack-related-posts":[],"jetpack_likes_enabled":true,"jetpack_sharing_enabled":true,"_links":{"self":[{"href":"https:\/\/pcb.org.br\/portal2\/wp-json\/wp\/v2\/posts\/6756","targetHints":{"allow":["GET"]}}],"collection":[{"href":"https:\/\/pcb.org.br\/portal2\/wp-json\/wp\/v2\/posts"}],"about":[{"href":"https:\/\/pcb.org.br\/portal2\/wp-json\/wp\/v2\/types\/post"}],"author":[{"embeddable":true,"href":"https:\/\/pcb.org.br\/portal2\/wp-json\/wp\/v2\/users\/1"}],"replies":[{"embeddable":true,"href":"https:\/\/pcb.org.br\/portal2\/wp-json\/wp\/v2\/comments?post=6756"}],"version-history":[{"count":0,"href":"https:\/\/pcb.org.br\/portal2\/wp-json\/wp\/v2\/posts\/6756\/revisions"}],"wp:attachment":[{"href":"https:\/\/pcb.org.br\/portal2\/wp-json\/wp\/v2\/media?parent=6756"}],"wp:term":[{"taxonomy":"category","embeddable":true,"href":"https:\/\/pcb.org.br\/portal2\/wp-json\/wp\/v2\/categories?post=6756"},{"taxonomy":"post_tag","embeddable":true,"href":"https:\/\/pcb.org.br\/portal2\/wp-json\/wp\/v2\/tags?post=6756"}],"curies":[{"name":"wp","href":"https:\/\/api.w.org\/{rel}","templated":true}]}}