{"id":694,"date":"2010-07-31T18:49:55","date_gmt":"2010-07-31T18:49:55","guid":{"rendered":"http:\/\/pcb.org.br\/portal2\/?p=694"},"modified":"2010-07-31T18:49:55","modified_gmt":"2010-07-31T18:49:55","slug":"a-delegacao-do-kke-no-parlamento-europeu-condenou-a-escalada-da-agressividade-da-colombia-contra-venezuela","status":"publish","type":"post","link":"https:\/\/pcb.org.br\/portal2\/694","title":{"rendered":"A Delega\u00e7\u00e3o do KKE, no Parlamento Europeu, condenou a escalada da agressividade da Col\u00f4mbia contra Venezuela"},"content":{"rendered":"\n<p><em> Na quarta-feira, 28 de julho, a Delega\u00e7\u00e3o do KKE no Parlamento Europeu condenou a escalada de agressividade da Col\u00f4mbia contra a Venezuela, enviando a seguinte carta a Catherine Ashton, Alta Representante da Uni\u00e3o Europ\u00e9ia para os Neg\u00f3cios Estrangeiros e a Pol\u00edtica de Seguran\u00e7a.<\/em><\/p>\n<p><em>Den\u00fancia da exacerba\u00e7\u00e3o da agressividade da Col\u00f4mbia contra a Venezuela<\/em><\/p>\n<p>O Estado e o governo colombianos, com o apoio declarado dos Estados Unidos da Am\u00e9rica, retomam, mais uma vez, as amea\u00e7as contra a Venezuela, agravando a situa\u00e7\u00e3o na \u00e1rea e criando as condi\u00e7\u00f5es para um grave conflito b\u00e9lico. As provoca\u00e7\u00f5es contra a Venezuela foram sistem\u00e1ticas nos \u00faltimos dois anos, com uma ofensiva pol\u00edtica e diplom\u00e1tica, com o estabelecimento de sete novas bases americanas nas imedia\u00e7\u00f5es do territ\u00f3rio venezuelano, com as invas\u00f5es cont\u00ednuas das for\u00e7as paramilitares da Col\u00f4mbia e, ao mesmo tempo, surgem s\u00e9rias e graves den\u00fancias sobre a atividade de agentes e comandos colombianos nos planos de assassinato de lideran\u00e7as sindicais e pol\u00edticas.<\/p>\n<p>N\u00f3s exigimos a condena\u00e7\u00e3o da agressividade exacerbada da Col\u00f4mbia.<\/p>\n<p>N\u00f3s exigimos que sejam suspensas todas e quaisquer parcerias entre a Uni\u00e3o Europ\u00e9ia e a Col\u00f4mbia, como tamb\u00e9m que se suspenda qualquer envolvimento das bases militares holandesas de Aruba e Cura\u00e7ao.<\/p>\n<p>Exigimos a retirada, imediata, de todas as bases militares estrangeiras da regi\u00e3o, incluindo as bases e instala\u00e7\u00f5es militares da Holanda da Fran\u00e7a.<\/p>\n<p>Exigimos a rejei\u00e7\u00e3o e condena\u00e7\u00e3o de todas as amea\u00e7as contra a integridade territorial e a soberania da Venezuela.<\/p>\n<p>A Delega\u00e7\u00e3o do Partido Comunista da Gr\u00e9cia (KKE) no Parlamento Europeu.<\/p>\n<p>Georgios Toussas<\/p>\n<p>Charalampos Angourakis<\/p>\n<p>29\/07\/2010<\/p>\n<p>Fonte: <a href=\"http:\/\/inter.kke.gr\/News\/2010news\/2010-07-29-venezuela\" target=\"_blank\">http:\/\/inter.kke.gr\/News\/2010news\/2010-07-29-venezuela<\/a><\/p>\n<p>Tradu\u00e7\u00e3o da vers\u00e3o em ingl\u00eas.<\/p>\n<p>Tradutor: Humberto Carvalho, militante do Partido Comunista Brasileiro \u2013 PCB e membro do seu Comit\u00ea Central.<\/p>\n","protected":false},"excerpt":{"rendered":"\n\n\nCr\u00e9dito: KKE\n\n\n\n\n\n\n\n\nKKE\n<a class=\"moretag\" href=\"https:\/\/pcb.org.br\/portal2\/694\"> <\/a>","protected":false},"author":1,"featured_media":0,"comment_status":"open","ping_status":"open","sticky":false,"template":"","format":"standard","meta":{"jetpack_post_was_ever_published":false,"_jetpack_newsletter_access":"","_jetpack_dont_email_post_to_subs":false,"_jetpack_newsletter_tier_id":0,"_jetpack_memberships_contains_paywalled_content":false,"_jetpack_memberships_contains_paid_content":false,"footnotes":"","jetpack_publicize_message":"","jetpack_publicize_feature_enabled":true,"jetpack_social_post_already_shared":false,"jetpack_social_options":{"image_generator_settings":{"template":"highway","default_image_id":0,"font":"","enabled":false},"version":2}},"categories":[71],"tags":[],"class_list":["post-694","post","type-post","status-publish","format-standard","hentry","category-c84-solidariedade"],"jetpack_publicize_connections":[],"jetpack_featured_media_url":"","jetpack_shortlink":"https:\/\/wp.me\/p659gw-bc","jetpack-related-posts":[],"jetpack_likes_enabled":true,"jetpack_sharing_enabled":true,"_links":{"self":[{"href":"https:\/\/pcb.org.br\/portal2\/wp-json\/wp\/v2\/posts\/694","targetHints":{"allow":["GET"]}}],"collection":[{"href":"https:\/\/pcb.org.br\/portal2\/wp-json\/wp\/v2\/posts"}],"about":[{"href":"https:\/\/pcb.org.br\/portal2\/wp-json\/wp\/v2\/types\/post"}],"author":[{"embeddable":true,"href":"https:\/\/pcb.org.br\/portal2\/wp-json\/wp\/v2\/users\/1"}],"replies":[{"embeddable":true,"href":"https:\/\/pcb.org.br\/portal2\/wp-json\/wp\/v2\/comments?post=694"}],"version-history":[{"count":0,"href":"https:\/\/pcb.org.br\/portal2\/wp-json\/wp\/v2\/posts\/694\/revisions"}],"wp:attachment":[{"href":"https:\/\/pcb.org.br\/portal2\/wp-json\/wp\/v2\/media?parent=694"}],"wp:term":[{"taxonomy":"category","embeddable":true,"href":"https:\/\/pcb.org.br\/portal2\/wp-json\/wp\/v2\/categories?post=694"},{"taxonomy":"post_tag","embeddable":true,"href":"https:\/\/pcb.org.br\/portal2\/wp-json\/wp\/v2\/tags?post=694"}],"curies":[{"name":"wp","href":"https:\/\/api.w.org\/{rel}","templated":true}]}}