{"id":7089,"date":"2014-11-20T17:58:02","date_gmt":"2014-11-20T17:58:02","guid":{"rendered":"http:\/\/pcb.org.br\/portal2\/?p=7089"},"modified":"2014-12-01T18:38:18","modified_gmt":"2014-12-01T18:38:18","slug":"o-misterio-de-kobane","status":"publish","type":"post","link":"https:\/\/pcb.org.br\/portal2\/7089","title":{"rendered":"O mist\u00e9rio de Kobane"},"content":{"rendered":"<p><!--more-->Em Kobane trava-se um combate desesperado entre os curdos s\u00edrios e o Estado Isl\u00e2mico (ISIS). O que est\u00e1 em causa n\u00e3o \u00e9 apenas a resist\u00eancia contra esta for\u00e7a fundamentalista e fascista. \u00c9 a defesa de uma experi\u00eancia de gest\u00e3o pol\u00edtica dirigida fundamentalmente pelo PYD, o ramo s\u00edrio do PKK turco. E isso explica a trai\u00e7\u00e3o da \u201ccomunidade internacional\u201d a essa resist\u00eancia.<\/p>\n<p>As bravas mulheres de Kobane \u2013 onde os curdos s\u00edrios combatem desesperadamente contra o Estado Isl\u00e2mico (ISIS) \u2013 est\u00e3o prestes a ser tra\u00eddas pela \u201ccomunidade internacional\u201d. Estas guerreiras tamb\u00e9m combatem, al\u00e9m dos terroristas do califa Ibrahim, as trai\u00e7oeiras agendas dos EUA, Turquia e da administra\u00e7\u00e3o do Curdist\u00e3o iraquiano. O que \u00e9 est\u00e1 de facto a acontecer em Kobane?<\/p>\n<p>Comecemos por falar de Rojava. O verdadeiro significado de Rojava (as tr\u00eas prov\u00edncias de maioria curda do norte da S\u00edria) \u00e9 transmitido neste editorial (em turco) publicado pelo activista encarcerado Kenan Kirkaya. Nele argumenta que h\u00e1 em Rojava, um \u201cmodelo revolucion\u00e1rio\u201d que desafia nada menos do que \u201ca hegemonia do sistema capitalista de estado-na\u00e7\u00e3o\u201d, muito para al\u00e9m do seu significado regional \u201cpara os curdos, ou s\u00edrios, ou para o Curdist\u00e3o\u201d.<\/p>\n<p>Kobane, uma regi\u00e3o agr\u00edcola, est\u00e1 no epicentro desta experi\u00eancia n\u00e3o violenta de democracia, possibilitada por um acordo no in\u00edcio da trag\u00e9dia s\u00edria entre Damasco e Rojava (n\u00e3o apoiem a mudan\u00e7a de regime contra n\u00f3s, e n\u00e3o vos faremos mal). Aqui, por exemplo, argumenta-se que \u201cse apenas um \u00fanico aspecto de um verdadeiro socialismo pudesse sobreviver ali, milh\u00f5es de descontentes seriam atra\u00eddos para Kobane\u201d.<\/p>\n<p>Em Rojava, a tomada de decis\u00f5es acontece por meio de assembleias populares, multiculturais e multireligiosas. Os tr\u00eas mais altos funcion\u00e1rios em cada municipalidade s\u00e3o um curdo, um \u00e1rabe e um crist\u00e3o ass\u00edrio ou arm\u00e9nio; e pelo menos um destes tr\u00eas deve ser mulher. As minorias n\u00e3o curdas t\u00eam suas pr\u00f3prias institui\u00e7\u00f5es e falam os seus pr\u00f3prios idiomas.<\/p>\n<p>Entre uma grande quantidade de conselhos de mulheres e jovens, tamb\u00e9m h\u00e1 um ex\u00e9rcito feminista, cada vez mais conhecido, a mil\u00edcia Estrela YJA (\u201cUni\u00e3o de mulheres livres\u201d, a estrela simboliza a deusa mesopot\u00e2mica Ishtar).<\/p>\n<p>O simbolismo n\u00e3o poderia ser mais representativo: pensem nas for\u00e7as de Ishtar (Mesopot\u00e2mia) combatendo as for\u00e7as do ISIS (originalmente uma deusa eg\u00edpcia), convertida num califado intolerante. No jovem S\u00e9culo XXI, as barricadas femininas de Kobane est\u00e3o na vanguarda da luta contra o fascismo.<\/p>\n<p>Inevitavelmente, deveria haver um bom n\u00famero de pontos de intersec\u00e7\u00e3o entre as Brigadas Internacionais combatendo o fascismo na Espanha, em 1936, e o que est\u00e1 acontecendo em Rojava, conforme destaca um dos pouqu\u00edssimos artigos a esse respeito, publicados nos meios de comunica\u00e7\u00e3o dominantes ocidentais.<\/p>\n<p>Se estes componentes n\u00e3o bastaram para enlouquecer wahhabis e takfiris profundamente intolerantes (e os seus poderosos patrocinadores em petrod\u00f3lares do Golfo), temos a situa\u00e7\u00e3o pol\u00edtica global.<\/p>\n<p>A luta em Rojava \u00e9 dirigida essencialmente pelo PYD, que \u00e9 o ramo s\u00edrio do PKK turco, as guerrilhas marxistas em guerra contra Ancara desde os anos 1970. Washington, Bruxelas e a NATO, sob permanente press\u00e3o turca, sempre associaram o PYD e o PKK aos \u201cterroristas\u201d.<\/p>\n<p>Um cuidadoso exame do indispens\u00e1vel livro do l\u00edder do PKK Abdullah \u00d6calan, Confederalismo Democr\u00e1tico, revela que essa equa\u00e7\u00e3o terrorista\/estalinista \u00e9 um engano (\u00d6calan est\u00e1 confinado \u00e0 ilha-pris\u00e3o de Imrali desde 1999).<\/p>\n<p>Aquilo por que lutam o PKK e o PYD \u00e9 o \u201cmunicipalismo libert\u00e1rio\u201d. De facto, \u00e9 exatamente o que Rojava tem tentado: comunidades que se governam a si mesmas, que aplicam a democracia directa, utilizando como pilares conselhos, assembleias populares, cooperativas dirigidas pelos trabalhadores; e defendidas por mil\u00edcias populares. Da\u00ed, o posicionamento de Rojava na vanguarda de um movimento mundial de economia\/democracia cooperativa, cujo objectivo em \u00faltima inst\u00e2ncia seria deixar de lado o conceito de estado-na\u00e7\u00e3o.<\/p>\n<p>Esta experi\u00eancia n\u00e3o tem lugar politicamente apenas no norte da S\u00edria; em termos militares, foram o PKK e o PYD os que realmente conseguiram resgatar essas dezenas de milhares de yazidis acurralados pelo EI\/ISIS no Monte Sinjar, e n\u00e3o as bombas dos EUA, como se dizia. E agora, como relata a co-presidente do PYD, Asya Abdullah, o que \u00e9 necess\u00e1rio \u00e9 um \u201ccorredor\u201d para romper o cerco de Kobane pelos terroristas do califa Ibrahim.<\/p>\n<p><strong>O jogo de poder do sult\u00e3o Erdogan<\/strong><\/p>\n<p>Enquanto isso Ancara parece prolongar uma pol\u00edtica causadora de problemas com os vizinhos.<\/p>\n<p>Para o Ministro de Defesa turco, Ismet Yilmaz, \u201ca principal causa do EI \u00e9 o regime s\u00edrio\u201d. E o Primeiro-ministro, Ahmet Davutoglu, que inventou a agora defunta doutrina \u201czero problemas com os nossos vizinhos\u201d, enfatizou repetidamente que Ancara somente intervir\u00e1 com tropas em Kobane para defender os curdos se Washington apresentar um \u201cplano p\u00f3s-Assad\u201d.<\/p>\n<p>E depois existe um personagem que ultrapassa a realidade: o Presidente turco Tayyip Erdogan, conhecido tamb\u00e9m como Sult\u00e3o Erdogan.<\/p>\n<p>Os decretos do sult\u00e3o Erdogan s\u00e3o bem conhecidos. Os curdos s\u00edrios devem combater contra Damasco, sob o comando dessa cria\u00e7\u00e3o decadente: o Ex\u00e9rcito Livre S\u00edrio (que deve ser treinado, precisamente, na Ar\u00e1bia Saudita); devem deixar de lado qualquer ideia de autonomia; devem aceitar docilmente a solicita\u00e7\u00e3o turca de que Washington confia numa zona de exclus\u00e3o a\u00e9rea sobre a S\u00edria e tamb\u00e9m uma fronteira \u201csegura\u201d no territ\u00f3rio s\u00edrio. N\u00e3o \u00e9 surpreendente que tanto o PYD como Washington tenham rejeitado essas exig\u00eancias.<\/p>\n<p>O Sult\u00e3o Erdogan quer relan\u00e7ar o processo de paz com o PKK; e quer conduzi-lo a partir de uma posi\u00e7\u00e3o de for\u00e7a. At\u00e9 agora a sua \u00fanica concess\u00e3o foi permitir que peshmergas curdos iraquianos entrassem no norte da S\u00edria, como contrapeso para as mil\u00edcias do PYD-PKK, e impedir dessa maneira o fortalecimento de um eixo curdo anti-turco.<\/p>\n<p>Ao mesmo tempo, o Sult\u00e3o Erdogan sabe que o ISIS\/ISIL\/Daesh j\u00e1 recrutou at\u00e9 1 000 possuidores de passaportes turcos, n\u00famero que continua a aumentar. O seu pesadelo adicional \u00e9 que a mistura t\u00f3xica de res\u00edduos que atinge o \u201cSiraq\u201d se estenda em for\u00e7a, mais cedo do que tarde, para dentro das fronteiras turcas.<\/p>\n<p><strong>Cuidado com estes b\u00e1rbaros \u00e0s portas<\/strong><\/p>\n<p>Os terroristas do califa Ibrahim j\u00e1 comunicaram a sua inten\u00e7\u00e3o de massacrar e\/ou escravizar toda a popula\u00e7\u00e3o civil de Kobane. No entanto, Kobane, per se, n\u00e3o tem nenhum valor estrat\u00e9gico para o ISIS\/ISIL\/Daesh (foi o que o pr\u00f3prio Secret\u00e1rio de Estado dos EUA, John Kerry, disse na semana passada; por\u00e9m depois, previsivelmente, retratou-se). No entanto, o muito persuasivo comandante do PYD est\u00e1 plenamente consciente da amea\u00e7a ISIS\/ISIL\/Daesh.<\/p>\n<p>Kobane n\u00e3o \u00e9 essencial, comparada com Deir ez-Zor (que tem um aeroporto que serve ao Ex\u00e9rcito \u00c1rabe S\u00edrio) ou Al-Hasakah (que tem campos petrol\u00edferos controlados por curdos com a ajuda do Ex\u00e9rcito \u00c1rabe S\u00edrio). Kobane n\u00e3o tem aeroporto, nem campos petrol\u00edferos.<\/p>\n<p>Por outro lado, a queda de Kobane geraria uma imensa publicidade positiva adicional para o muito h\u00e1bil empreendimento do Califa, ampliando a percep\u00e7\u00e3o de um ex\u00e9rcito vitorioso, especialmente entre novos potenciais recrutas, com passaportes da Uni\u00e3o Europeia, bem como estabelecendo uma s\u00f3lida base muito pr\u00f3xima da fronteira turca.<\/p>\n<p>Essencialmente, o que o sult\u00e3o Erdogan est\u00e1 a fazer \u00e9 combater tanto Damasco (a longo prazo) como os curdos (a m\u00e9dio prazo), ao passo que realmente abre o caminho (a curto prazo) ao ISIS\/ISIL\/Daesh. E no entanto, mais adiante, o jornalista turco Fehim Tastekin tem raz\u00e3o: o treino de inexistentes rebeldes s\u00edrios \u201cmoderados\u201d na t\u00e3o <em>democr\u00e1tica<\/em> Ar\u00e1bia Saudita, apenas conduzir\u00e1 \u00e0 paquistaniza\u00e7\u00e3o da Turquia. Uma nova vers\u00e3o (mais uma) do cen\u00e1rio ocorrido durante a jihad afeg\u00e3 dos anos 1980.<\/p>\n<p>Se isto n\u00e3o fosse j\u00e1 suficientemente confuso, numa mudan\u00e7a do terreno de jogo, e revertendo o seu dogma \u201cterrorista\u201d, Washington mant\u00e9m agora um acordo cordial com o PYD. E isso representa uma dor de cabe\u00e7a adicional para o sult\u00e3o Erdogan.<\/p>\n<p>Estas trocas entre Washington e o PYD ainda mexem. No entanto, alguns factos dizem tudo: mais bombardeamentos dos EUA, mais abastecimentos pelo ar por parte dos EUA (incluindo grandes fracassos, nos quais as novas armas acabam por ficar nas m\u00e3os dos terroristas do Califa).<\/p>\n<p>N\u00e3o se deve esquecer um facto chave. Enquanto o PYD foi mais ou menos \u201creconhecido\u201d por Washington, o chefe do PYD, Saleh Muslim, foi reunir-se com o astuto l\u00edder do Governo Regional do Curdist\u00e3o (KRG), Masoud Barzani. Nessa ocasi\u00e3o, o PYD prometeu \u201ccompartilhar o poder\u201d com os peshmergas de Barzani no governo de Rojava.<\/p>\n<p>Os curdos s\u00edrios que foram obrigados a abandonar Kobane e a exilar-se na Turquia e que apoiam o PYD n\u00e3o podem voltar \u00e0 S\u00edria; mas os curdos iraquianos podem ir e voltar. Este suspeito acordo foi negociado pelo chefe de informa\u00e7\u00e3o do KRG, Lahur Talabani. O KRG, factor crucial, relaciona-se muito bem com Ancara.<\/p>\n<p>Isto lan\u00e7a mais luz sobre o jogo de Erdogan: quer que os peshmergas, que s\u00e3o ferozes inimigos do PKK, se tornem a vanguarda contra o ISIS\/ISIL\/Daesh e que dessa forma enfraque\u00e7a a alian\u00e7a PYD\/PKK. Mais uma vez, a Turquia vira curdos contra curdos.<\/p>\n<p>Washington, por sua parte, est\u00e1 a manipular Kobane para legitimar completamente &#8211; utilizando uma veia \u201chumanit\u00e1ria\u201d R2P (responsabilidade de proteger) &#8211; a sua cruzada contra o ISIS\/ISIL\/Daesh. Nunca \u00e9 demais relembrar que todo o assunto come\u00e7ou por um bombardeamento enviesado de Washington sobre o esp\u00fario, fantasm\u00e1tico grupo de Khorasan, que estaria a preparar um novo 11-S. Khorasan, previsivelmente, desapareceu por completo das not\u00edcias.<\/p>\n<p>A longo prazo, a tram\u00f3ia dos EUA \u00e9 uma s\u00e9ria amea\u00e7a para a experi\u00eancia de democracia directa em Rojava, que Washington apenas pode interpretar como (Deus nos livre!) um regresso do comunismo.<\/p>\n<p>Portanto, Kobane \u00e9 agora um pe\u00e3o crucial num jogo impiedoso manipulado por Washington, Ancara e Erbil. Nenhum desses actores quer que a experi\u00eancia de democracia directa em Kobane e Rojava tenha \u00eaxito, seja expandida e comece a ser conhecida em todo o Sul. As mulheres de Kobane correm um perigo mortal de ser, se n\u00e3o escravizadas, cruelmente tra\u00eddas.<\/p>\n<p>E o assunto torna-se ainda mais sinistro quando a ac\u00e7\u00e3o do ISIS\/ISIL\/Daesh em Kobane \u00e9 vista essencialmente pelo que \u00e9: uma manobra de divers\u00e3o, uma armadilha ao governo de Obama. Na realidade, os terroristas do Califa apontam para a prov\u00edncia Al-Anbar no Iraque, que j\u00e1 controlam em grande parte, e \u00e0 crucial cintura de Bagdad. Os b\u00e1rbaros est\u00e3o \u00e0s portas, n\u00e3o apenas de Kobane, mas tamb\u00e9m de Bagdad.<\/p>\n<p><a href=\"http:\/\/www.odiario.info\/?p=3462\">http:\/\/www.odiario.info\/?p=3462<\/a><\/p>\n","protected":false},"excerpt":{"rendered":"\nPepe Escobar\n<a class=\"moretag\" href=\"https:\/\/pcb.org.br\/portal2\/7089\"> <\/a>","protected":false},"author":1,"featured_media":0,"comment_status":"closed","ping_status":"closed","sticky":false,"template":"","format":"standard","meta":{"jetpack_post_was_ever_published":false,"_jetpack_newsletter_access":"","_jetpack_dont_email_post_to_subs":false,"_jetpack_newsletter_tier_id":0,"_jetpack_memberships_contains_paywalled_content":false,"_jetpack_memberships_contains_paid_content":false,"footnotes":"","jetpack_publicize_message":"","jetpack_publicize_feature_enabled":true,"jetpack_social_post_already_shared":false,"jetpack_social_options":{"image_generator_settings":{"template":"highway","default_image_id":0,"font":"","enabled":false},"version":2}},"categories":[38],"tags":[],"class_list":["post-7089","post","type-post","status-publish","format-standard","hentry","category-c43-imperialismo"],"jetpack_publicize_connections":[],"jetpack_featured_media_url":"","jetpack_shortlink":"https:\/\/wp.me\/p659gw-1Ql","jetpack-related-posts":[],"jetpack_likes_enabled":true,"jetpack_sharing_enabled":true,"_links":{"self":[{"href":"https:\/\/pcb.org.br\/portal2\/wp-json\/wp\/v2\/posts\/7089","targetHints":{"allow":["GET"]}}],"collection":[{"href":"https:\/\/pcb.org.br\/portal2\/wp-json\/wp\/v2\/posts"}],"about":[{"href":"https:\/\/pcb.org.br\/portal2\/wp-json\/wp\/v2\/types\/post"}],"author":[{"embeddable":true,"href":"https:\/\/pcb.org.br\/portal2\/wp-json\/wp\/v2\/users\/1"}],"replies":[{"embeddable":true,"href":"https:\/\/pcb.org.br\/portal2\/wp-json\/wp\/v2\/comments?post=7089"}],"version-history":[{"count":0,"href":"https:\/\/pcb.org.br\/portal2\/wp-json\/wp\/v2\/posts\/7089\/revisions"}],"wp:attachment":[{"href":"https:\/\/pcb.org.br\/portal2\/wp-json\/wp\/v2\/media?parent=7089"}],"wp:term":[{"taxonomy":"category","embeddable":true,"href":"https:\/\/pcb.org.br\/portal2\/wp-json\/wp\/v2\/categories?post=7089"},{"taxonomy":"post_tag","embeddable":true,"href":"https:\/\/pcb.org.br\/portal2\/wp-json\/wp\/v2\/tags?post=7089"}],"curies":[{"name":"wp","href":"https:\/\/api.w.org\/{rel}","templated":true}]}}