{"id":7097,"date":"2014-11-23T16:16:19","date_gmt":"2014-11-23T16:16:19","guid":{"rendered":"http:\/\/pcb.org.br\/portal2\/?p=7097"},"modified":"2017-08-25T00:59:59","modified_gmt":"2017-08-25T03:59:59","slug":"total-repudio-as-demissoes-na-rede-brasil-atual-rba","status":"publish","type":"post","link":"https:\/\/pcb.org.br\/portal2\/7097","title":{"rendered":"Total rep\u00fadio \u00e0s demiss\u00f5es na Rede Brasil Atual (RBA)"},"content":{"rendered":"<p><!--more-->Merece nosso total rep\u00fadio a demiss\u00e3o do editor-chefe, de dois editores e de um rep\u00f3rter especial da Rede Brasil Atual (RBA), ocorrida em 18\/11, depois que esses profissionais foram deixados por alguns dias sem acesso \u00e0s suas plataformas de trabalho, por meio da retirada de senhas e logins, num contexto de ostensivo ass\u00e9dio moral.<\/p>\n<p>\u00c9 inaceit\u00e1vel que um projeto de m\u00eddia contra-hegem\u00f4nica, mantido por sindicatos combativos, reproduza a l\u00f3gica e os m\u00e9todos patronais, em especial ao relacionar-se com os jornalistas que nele trabalham.<\/p>\n<p>As demiss\u00f5es devem-se \u00e0 orienta\u00e7\u00e3o adotada pela dire\u00e7\u00e3o da RBA de privilegiar um notici\u00e1rio de temas leves (tais como direitos do consumidor e servi\u00e7os), na contram\u00e3o da cobertura que vinha sendo concedida aos movimentos sociais, e \u00e0 agenda pol\u00edtica conjuntural, pelos profissionais agora cortados.<\/p>\n<p>No in\u00edcio de 2013, uma rep\u00f3rter detentora de pr\u00eamios por mat\u00e9rias relacionadas a direitos humanos foi demitida da R\u00e1dio Brasil Atual (vinculada \u00e0 RBA), em contexto semelhante.<\/p>\n<p>Deploramos profundamente que uma experi\u00eancia jornal\u00edstica promissora, como a RBA, opte por apartar-se dos movimentos sociais, precisamente neste momento de intensa polariza\u00e7\u00e3o pol\u00edtica no pa\u00eds, e acabe por reproduzir o vi\u00e9s despolitizante e o tratamento superficial da informa\u00e7\u00e3o que prevalecem em certos ve\u00edculos da m\u00eddia comercial.<\/p>\n<p>S\u00e3o Paulo, 19\/11\/2014<\/p>\n<p>Coletivo de Jornalistas de S\u00e3o Paulo Sindicato\u00e9PraLutar!<\/p>\n<p>Movimento LUTAFENAJ!<\/p>\n","protected":false},"excerpt":{"rendered":"\n<a class=\"moretag\" href=\"https:\/\/pcb.org.br\/portal2\/7097\"> <\/a>","protected":false},"author":1,"featured_media":0,"comment_status":"closed","ping_status":"closed","sticky":false,"template":"","format":"standard","meta":{"jetpack_post_was_ever_published":false,"_jetpack_newsletter_access":"","_jetpack_dont_email_post_to_subs":false,"_jetpack_newsletter_tier_id":0,"_jetpack_memberships_contains_paywalled_content":false,"_jetpack_memberships_contains_paid_content":false,"footnotes":"","jetpack_publicize_message":"","jetpack_publicize_feature_enabled":true,"jetpack_social_post_already_shared":false,"jetpack_social_options":{"image_generator_settings":{"template":"highway","default_image_id":0,"font":"","enabled":false},"version":2}},"categories":[7],"tags":[],"class_list":["post-7097","post","type-post","status-publish","format-standard","hentry","category-s8-brasil"],"jetpack_publicize_connections":[],"jetpack_featured_media_url":"","jetpack_shortlink":"https:\/\/wp.me\/p659gw-1Qt","jetpack-related-posts":[],"jetpack_likes_enabled":true,"jetpack_sharing_enabled":true,"_links":{"self":[{"href":"https:\/\/pcb.org.br\/portal2\/wp-json\/wp\/v2\/posts\/7097","targetHints":{"allow":["GET"]}}],"collection":[{"href":"https:\/\/pcb.org.br\/portal2\/wp-json\/wp\/v2\/posts"}],"about":[{"href":"https:\/\/pcb.org.br\/portal2\/wp-json\/wp\/v2\/types\/post"}],"author":[{"embeddable":true,"href":"https:\/\/pcb.org.br\/portal2\/wp-json\/wp\/v2\/users\/1"}],"replies":[{"embeddable":true,"href":"https:\/\/pcb.org.br\/portal2\/wp-json\/wp\/v2\/comments?post=7097"}],"version-history":[{"count":0,"href":"https:\/\/pcb.org.br\/portal2\/wp-json\/wp\/v2\/posts\/7097\/revisions"}],"wp:attachment":[{"href":"https:\/\/pcb.org.br\/portal2\/wp-json\/wp\/v2\/media?parent=7097"}],"wp:term":[{"taxonomy":"category","embeddable":true,"href":"https:\/\/pcb.org.br\/portal2\/wp-json\/wp\/v2\/categories?post=7097"},{"taxonomy":"post_tag","embeddable":true,"href":"https:\/\/pcb.org.br\/portal2\/wp-json\/wp\/v2\/tags?post=7097"}],"curies":[{"name":"wp","href":"https:\/\/api.w.org\/{rel}","templated":true}]}}