{"id":7153,"date":"2014-11-29T00:06:04","date_gmt":"2014-11-29T03:06:04","guid":{"rendered":"http:\/\/pcb.org.br\/portal2\/?p=7153"},"modified":"2017-11-09T17:03:19","modified_gmt":"2017-11-09T20:03:19","slug":"acoes-comuns-e-convergentes-dos-partidos-comunistas-e-operarios","status":"publish","type":"post","link":"https:\/\/pcb.org.br\/portal2\/7153","title":{"rendered":"A\u00e7\u00f5es comuns e convergentes dos partidos comunistas e oper\u00e1rios"},"content":{"rendered":"<p><img data-recalc-dims=\"1\" decoding=\"async\" class=\"imagem\" title=\"imagem\" src=\"https:\/\/i0.wp.com\/lh3.googleusercontent.com\/-jLdvcVdmZsY\/VHkPB9DpQnI\/AAAAAAAAI7U\/qcKksdV8N2k\/w432-h287-no\/Captura%2Bde%2Btela%2Bde%2B2014-11-28%2B22%3A10%3A00.png?w=747&#038;ssl=1\" alt=\"imagem\" \/><!--more--><strong>XVI ENCONTRO INTERNACIONAL DOS PARTIDOS COMUNISTAS E OPER\u00c1RIOS<\/strong><\/p>\n<p>13, 14 e 15 de novembro de 2014 \u2013 Guayaquil-Equador<\/p>\n<p>1. Honrar o 1\u00b0 de maio com a participa\u00e7\u00e3o nas lutas da classe trabalhadora em cada pa\u00eds em prol das for\u00e7as do trabalho, dos direitos sociais e democr\u00e1ticos dos trabalhadores, destacando o papel do movimento sindical de classe, ou seja, da Federa\u00e7\u00e3o Sindical Mundial que comemora seu 70\u00b0 anivers\u00e1rio em outubro de 2015.<\/p>\n<p>2. Denunciar os planos imperialistas hegem\u00f4nicos, as verdadeiras raz\u00f5es por tr\u00e1s da guerra, e a manipula\u00e7\u00e3o da chamada luta contra o terrorismo, destacando a import\u00e2ncia da luta pela paz. Desenvolver a\u00e7\u00f5es contra a OTAN, suas bases militares e aquelas que o imperialismo imp\u00f4s em muitos pa\u00edses, contra as interven\u00e7\u00f5es, o militarismo, com um enfoque especial no enorme exerc\u00edcio da OTAN \u201cConjuntura Tridente 2015\u201d<\/p>\n<p>3. Intensificar a luta contra as guerras imperialistas no Iraque e na S\u00edria e a guerra feita pelos grupos criminosos apoiados, pelo imperialismo e Estados reacion\u00e1rios, contra o L\u00edbano, L\u00edbia e Tun\u00edsia. A condena\u00e7\u00e3o da interven\u00e7\u00e3o imperialista do EUA, da OTAN e da UE na Ucr\u00e2nia e \u00c1frica.<\/p>\n<p>4. Comemorar o 70\u00b0 Anivers\u00e1rio sobre o Nazi-fascismo, destacando o papel da URSS e dos partidos comunistas na luta e a unidade contra o fascismo e o nazismo, e desenvolver a luta contra a reescritura reacion\u00e1ria da Hist\u00f3ria e da suaviza\u00e7\u00e3o do fascismo e nazismo.<\/p>\n<p>5. Comemorar o 40\u00b0 Anivers\u00e1rio da Vit\u00f3ria do povo do Vietn\u00e3, em sua luta de liberta\u00e7\u00e3o contra a agress\u00e3o imperialista dos Estados Unidos.<\/p>\n<p>6. Denunciar e lutar contra as leis e disposi\u00e7\u00f5es legais de ass\u00e9dio anticomunista. Desenvolver a\u00e7\u00f5es de solidariedade aos partidos que enfrentam ataques anticomunistas, proibi\u00e7\u00f5es e persegui\u00e7\u00f5es, como, por exemplo, os comunistas ucranianos.<\/p>\n<p>7. Fortalecer a solidariedade e a a\u00e7\u00e3o comum de apoio aos povos e aos companheiros que est\u00e3o na vanguarda da resist\u00eancia contra a ofensiva imperialista. Refor\u00e7ar a solidariedade ao povo palestino, por ocasi\u00e3o do 29 de novembro. Facilitar uma visita de solidariedade \u00e0 Palestina, aberta a todos os membros da lista Solidnet.<\/p>\n<p>8. Refor\u00e7ar a solidariedade aos Partidos Comunistas, aos trabalhadores e aos povos nas lutas pela emancipa\u00e7\u00e3o nacional e social, que est\u00e1 sendo travada na Am\u00e9rica Latina e em outras partes do mundo. Afirmar o direito dos povos \u00e0 soberania, contra o grande capital e as imposi\u00e7\u00f5es, interfer\u00eancia e agress\u00f5es imperialistas. Reafirmar a solidariedade \u00e0 luta dos povos pelo socialismo em diferentes pa\u00edses.<\/p>\n<p>9. Fortalecer a solidariedade a Cuba Socialista com o prop\u00f3sito de colocar fim ao bloqueio dos Estados Unidos, a aboli\u00e7\u00e3o da posi\u00e7\u00e3o comum da UE e repelir as interven\u00e7\u00f5es imperialistas e as guerras levadas a cabo pelos meios de comunica\u00e7\u00e3o burgueses. Intensificar a atividade pela liberta\u00e7\u00e3o dos tr\u00eas cubanos que permanecem encarcerados nos EUA e apoiar a campanha internacional que culminar\u00e1 em setembro de 2015.<\/p>\n<p>10. Apoiar e fortalecer as organiza\u00e7\u00f5es de massas anti-imperialistas internacionais, a Federa\u00e7\u00e3o Sindical Mundial (FSM), o Congresso Mundial da Paz (CMP), a Federa\u00e7\u00e3o Democr\u00e1tica Internacional de Mulheres (FDIM), ressaltando seu papel e import\u00e2ncia na ocasi\u00e3o dos respectivos anivers\u00e1rios comemorados em 2015.<\/p>\n<p>11. Instruir que o Grupo de Trabalho inicie uma reflex\u00e3o em coordena\u00e7\u00e3o com as partes da antiga Uni\u00e3o Sovi\u00e9tica, sobre as comemora\u00e7\u00f5es e a\u00e7\u00f5es comuns acerca do centen\u00e1rio da Revolu\u00e7\u00e3o Socialista de Outubro.<\/p>\n","protected":false},"excerpt":{"rendered":"\nXVI ENCONTRO INTERNACIONAL DOS PARTIDOS COMUNISTAS E OPER\u00c1RIOS\n13, 14 e 15 de novembro de 2014 \u2013 Guayaquil-Equador\n1. Honrar o 1\u00b0 de maio com a participa\u00e7\u00e3o nas lutas da classe trabalhadora em cada pa\u00eds em prol das for\u00e7as do trabalho, dos direitos sociais e democr\u00e1ticos dos trabalhadores, destacando o papel do movimento sindical de classe, ou seja, da Federa\u00e7\u00e3o Sindical Mundial que comemora seu 70\u00b0 anivers\u00e1rio em outubro de 2015.\n<a class=\"moretag\" href=\"https:\/\/pcb.org.br\/portal2\/7153\"> <\/a>","protected":false},"author":1,"featured_media":0,"comment_status":"closed","ping_status":"closed","sticky":false,"template":"","format":"standard","meta":{"jetpack_post_was_ever_published":false,"_jetpack_newsletter_access":"","_jetpack_dont_email_post_to_subs":false,"_jetpack_newsletter_tier_id":0,"_jetpack_memberships_contains_paywalled_content":false,"_jetpack_memberships_contains_paid_content":false,"footnotes":"","jetpack_publicize_message":"","jetpack_publicize_feature_enabled":true,"jetpack_social_post_already_shared":false,"jetpack_social_options":{"image_generator_settings":{"template":"highway","default_image_id":0,"font":"","enabled":false},"version":2}},"categories":[36],"tags":[],"class_list":["post-7153","post","type-post","status-publish","format-standard","hentry","category-c41-unidade-comunista"],"jetpack_publicize_connections":[],"jetpack_featured_media_url":"","jetpack_shortlink":"https:\/\/wp.me\/p659gw-1Rn","jetpack-related-posts":[],"jetpack_likes_enabled":true,"jetpack_sharing_enabled":true,"_links":{"self":[{"href":"https:\/\/pcb.org.br\/portal2\/wp-json\/wp\/v2\/posts\/7153","targetHints":{"allow":["GET"]}}],"collection":[{"href":"https:\/\/pcb.org.br\/portal2\/wp-json\/wp\/v2\/posts"}],"about":[{"href":"https:\/\/pcb.org.br\/portal2\/wp-json\/wp\/v2\/types\/post"}],"author":[{"embeddable":true,"href":"https:\/\/pcb.org.br\/portal2\/wp-json\/wp\/v2\/users\/1"}],"replies":[{"embeddable":true,"href":"https:\/\/pcb.org.br\/portal2\/wp-json\/wp\/v2\/comments?post=7153"}],"version-history":[{"count":0,"href":"https:\/\/pcb.org.br\/portal2\/wp-json\/wp\/v2\/posts\/7153\/revisions"}],"wp:attachment":[{"href":"https:\/\/pcb.org.br\/portal2\/wp-json\/wp\/v2\/media?parent=7153"}],"wp:term":[{"taxonomy":"category","embeddable":true,"href":"https:\/\/pcb.org.br\/portal2\/wp-json\/wp\/v2\/categories?post=7153"},{"taxonomy":"post_tag","embeddable":true,"href":"https:\/\/pcb.org.br\/portal2\/wp-json\/wp\/v2\/tags?post=7153"}],"curies":[{"name":"wp","href":"https:\/\/api.w.org\/{rel}","templated":true}]}}