{"id":72,"date":"2009-11-03T17:56:08","date_gmt":"2009-11-03T17:56:08","guid":{"rendered":"http:\/\/pcb.org.br\/portal2\/?p=72"},"modified":"2009-11-03T17:56:08","modified_gmt":"2009-11-03T17:56:08","slug":"paraguai-realizar-as-mudancas-democraticas-neutralizar-o-golpismo-provocador","status":"publish","type":"post","link":"https:\/\/pcb.org.br\/portal2\/72","title":{"rendered":"PARAGUAI: REALIZAR AS MUDAN\u00c7AS DEMOCR\u00c1TICAS; NEUTRALIZAR O GOLPISMO PROVOCADOR"},"content":{"rendered":"<p> N\u00e3o \u00e9 com concess\u00f5es aos poderes sediciosos e \u00e0 interven\u00e7\u00e3o estrangeira que avan\u00e7aremos na dire\u00e7\u00e3o da democracia com justi\u00e7a social e independ\u00eancia nacional. Em vez disso, a anunciada presen\u00e7a de tropas norte-americanas com m\u00e1scara humanit\u00e1ria, se materializada, ser\u00e1 uma punhalada no cora\u00e7\u00e3o democr\u00e1tico do nosso povo.<\/p>\n<p>Sabemos da experi\u00eancia amarga e tr\u00e1gica de v\u00e1rias partes do mundo, em que os comandos e fuzileiros yanquis disparam contra o povo, contra os progressistas e lutadores, e n\u00e3o contra a minoria nativa opressora e repressiva. Vemos o que est\u00e1 acontecendo em Honduras, Iraque, no Afeganist\u00e3o. H\u00e1 uma reedi\u00e7\u00e3o aumentada e &#8220;corrigida&#8221; dos crimes de guerra que ocorreram no Chile de Pinochet.<\/p>\n<p>Vamos apoiar todas as coisas positivas que o governo faz e criticar Lugo nas quest\u00f5es negativas, como por exemplo, a criminaliza\u00e7\u00e3o das lutas sociais, as privatiza\u00e7\u00f5es confiscat\u00f3rias das rotas e empresas estatais, e a poss\u00edvel presen\u00e7a de tropas estrangeiras.<\/p>\n<p>Muitos s\u00e3o os sinais da conspira\u00e7\u00e3o e da prepara\u00e7\u00e3o do golpe contra a possibilidade de mudan\u00e7as e contra os seus maiores expoentes no Executivo e no movimento popular.<\/p>\n<p>O repert\u00f3rio do anti-povo \u00e9 variado: a amea\u00e7a evidente de liquidar &#8220;comunista&#8221; (ou seja, lutadores sociais), proferidas por certos chefes da ARP, fazendo coro com o chileno pinochetista Eduardo Aviles, a amea\u00e7a de seq\u00fcestro e assassinato de Fidel Zavala, que tem nas m\u00e3os a c\u00fapula policial mafiosa, al\u00e9m de seus capangas em outras inst\u00e2ncias do poder de fato.<\/p>\n<p>O senador Jaeggli, ex-membro dos terroristas do Pastor Coronel e outros senhores da ditadura de Stroessner, exigem o caminho da ren\u00fancia e\/ou impeachment para destituir Lugo, buscando deter as mudan\u00e7as democr\u00e1ticas.<\/p>\n<p>O que h\u00e1 de mais sombrio e sinistro no Parlamento se une para impedir o di\u00e1logo sobre o problema da inseguran\u00e7a entre os m\u00e1ximos expoentes dos tr\u00eas poderes do governo.<\/p>\n<p>Provocadores pagos e jornalistas corruptos e mercen\u00e1rios ensurdecem e poluem o ambiente com o seu &#8220;discurso&#8221; sobre os guerrilheiros, cuidado com os &#8220;comunistas&#8221;, \u00e9 preciso liquid\u00e1-los.<\/p>\n<p>Eles tentam dividir e fragmentar o movimento popular progressista.<\/p>\n<p>Nossa resposta: formar em todas as partes, nas cidades e no campo, n\u00facleos e comit\u00eas de defesa de uma pol\u00edtica conseq\u00fcente de mudan\u00e7as democr\u00e1ticas, contra os golpistas e sabotadores que planejam derrotar Lugo e derrub\u00e1-lo, atrav\u00e9s de procedimentos desonestos e criminosos.<\/p>\n<p>O slogan \u00e9: Fortalecer o Espa\u00e7o Unit\u00e1rio &#8211; Congresso do Povo (EU-CP) em torno da democracia participativa, do Plano de Reforma Agr\u00e1ria Integral, para recupera\u00e7\u00e3o da soberania nacional.<\/p>\n<p>Ampliar a unidade ou coordenar-se com setores progressistas que est\u00e3o no seio da Alian\u00e7a Patri\u00f3tica para a Mudan\u00e7a, e em outros \u00e2mbitos!<\/p>\n<p>Defender a pol\u00edtica de mudan\u00e7as prometidas por Lugo contra os golpistas!<\/p>\n<p>PCP &#8211; Partido Comunista Paraguaio<\/p>\n<p>Tradu\u00e7\u00e3o: Daniel Oliveira (PCB\/MG)<\/p>\n","protected":false},"excerpt":{"rendered":"PCP &#8211; Partido Comunista Paraguaio\nO movimento popular, atrav\u00e9s de uma mobiliza\u00e7\u00e3o unida e ampla em torno da democratiza\u00e7\u00e3o, deve participar mais ativamente nas quest\u00f5es de governo e de Estado, atrav\u00e9s de m\u00faltiplos canais constitucionais abertos, e assim derrotar os planos de paralisar a pol\u00edtica de mudan\u00e7as e derrubar o governo Lugo. \n<a class=\"moretag\" href=\"https:\/\/pcb.org.br\/portal2\/72\"> <\/a>","protected":false},"author":1,"featured_media":0,"comment_status":"open","ping_status":"open","sticky":false,"template":"","format":"standard","meta":{"jetpack_post_was_ever_published":false,"_jetpack_newsletter_access":"","_jetpack_dont_email_post_to_subs":false,"_jetpack_newsletter_tier_id":0,"_jetpack_memberships_contains_paywalled_content":false,"_jetpack_memberships_contains_paid_content":false,"footnotes":"","jetpack_publicize_message":"","jetpack_publicize_feature_enabled":true,"jetpack_social_post_already_shared":false,"jetpack_social_options":{"image_generator_settings":{"template":"highway","default_image_id":0,"font":"","enabled":false},"version":2}},"categories":[49],"tags":[],"class_list":["post-72","post","type-post","status-publish","format-standard","hentry","category-c59-guatemala"],"jetpack_publicize_connections":[],"jetpack_featured_media_url":"","jetpack_shortlink":"https:\/\/wp.me\/p659gw-1a","jetpack-related-posts":[],"jetpack_likes_enabled":true,"jetpack_sharing_enabled":true,"_links":{"self":[{"href":"https:\/\/pcb.org.br\/portal2\/wp-json\/wp\/v2\/posts\/72","targetHints":{"allow":["GET"]}}],"collection":[{"href":"https:\/\/pcb.org.br\/portal2\/wp-json\/wp\/v2\/posts"}],"about":[{"href":"https:\/\/pcb.org.br\/portal2\/wp-json\/wp\/v2\/types\/post"}],"author":[{"embeddable":true,"href":"https:\/\/pcb.org.br\/portal2\/wp-json\/wp\/v2\/users\/1"}],"replies":[{"embeddable":true,"href":"https:\/\/pcb.org.br\/portal2\/wp-json\/wp\/v2\/comments?post=72"}],"version-history":[{"count":0,"href":"https:\/\/pcb.org.br\/portal2\/wp-json\/wp\/v2\/posts\/72\/revisions"}],"wp:attachment":[{"href":"https:\/\/pcb.org.br\/portal2\/wp-json\/wp\/v2\/media?parent=72"}],"wp:term":[{"taxonomy":"category","embeddable":true,"href":"https:\/\/pcb.org.br\/portal2\/wp-json\/wp\/v2\/categories?post=72"},{"taxonomy":"post_tag","embeddable":true,"href":"https:\/\/pcb.org.br\/portal2\/wp-json\/wp\/v2\/tags?post=72"}],"curies":[{"name":"wp","href":"https:\/\/api.w.org\/{rel}","templated":true}]}}