{"id":73,"date":"2009-09-14T16:19:19","date_gmt":"2009-09-14T16:19:19","guid":{"rendered":"http:\/\/pcb.org.br\/portal2\/?p=73"},"modified":"2009-09-14T16:19:19","modified_gmt":"2009-09-14T16:19:19","slug":"brasileiros-recuperem-a-vossa-honra-devolvam-ao-paraguai-os-seus-documentos-historicos","status":"publish","type":"post","link":"https:\/\/pcb.org.br\/portal2\/73","title":{"rendered":"BRASILEIROS: RECUPEREM A VOSSA HONRA, DEVOLVAM AO PARAGUAI OS SEUS DOCUMENTOS HIST\u00d3RICOS!"},"content":{"rendered":"\n<p>Pergunto se a atitude dos respons\u00e1veis pela negativa em entregar esse formid\u00e1vel legado se deve \u00e0 mesquinhez ou ao temor ou a ambos, pois que outra motiva\u00e7\u00e3o racional pode ser alegada? Talvez algum rancor escondido explique, por n\u00e3o terem conseguido enterrar o passado glorioso de uma experi\u00eancia emancipat\u00f3ria guaran\u00edtica.<\/p>\n<p>Eis aqui, precisamente, o ponto da quest\u00e3o: o povo brasileiro deve exigir essa justa devolu\u00e7\u00e3o dos &#8220;pr\u00eamios&#8221; e documentos hist\u00f3ricos, de leg\u00edtimo patrim\u00f4nio paraguaio, \u00e0s suas autoridades de direito, para iniciar o seu pr\u00f3prio processo de liberta\u00e7\u00e3o hist\u00f3rica de um passado que os ofende em demasia.<\/p>\n<p>O ex\u00e9rcito brasileiro perseguiu implacavelmente, e beirando a loucura, \u00e0s tropas extenuadas do Marechal Francisco Solano L\u00f3pez, e num ato de extrema covardia encurralaram e assassinaram a este homem s\u00edmbolo de uma na\u00e7\u00e3o independente e aut\u00f4noma\u2026 livre dos grilh\u00f5es estrangeiros que oprimem o seu destino!<\/p>\n<p>Logo depois\u2026o despojo, o confisco de bens, e o desaparecimento de documentos contendo o pensamento, a vis\u00e3o e o porvir venturoso planejado a partir de vontades comuns.<\/p>\n<p>Quantas mentiras e cal\u00fanias se levantaram, com a in\u00fatil pretens\u00e3o de apagar da face da terra tanto hero\u00edsmo e laboriosidade coletiva de um povo que construiu uma sociedade moderna e din\u00e2mica, baseada na igualdade em direitos!<\/p>\n<p>Os atuais padecimentos, derivados de uma estrutura pol\u00edtica da qual o povo paraguaio \u00e9 consciente, encontram a sua origem inequ\u00edvoca nesse despojo inicial e no posterior atrelamento de um poder olig\u00e1rquico conservador e reacion\u00e1rio com seus pares brasileiros.<\/p>\n<p>Insisto, o povo brasileiro n\u00e3o merece tanto esc\u00e1rnio, tanta vergonha em seu processo hist\u00f3rico, perpetuando as pesadas cargas de tal depreda\u00e7\u00e3o feita por sujeitos ultrajantes, e \u00e0s escondidas do povo. Ele merece a irmandade latinoamericana, merece o abra\u00e7o de confraterniza\u00e7\u00e3o.<\/p>\n<p>Os integrantes da Tr\u00edplice Alian\u00e7a em sua genocida guerra contra o Paraguai Independente, acaso encontraram no Paraguai uma na\u00e7\u00e3o submetida ao jugo ditatorial como o que eles mesmos possu\u00edam em suas respectivas rep\u00fablicas nascentes [e por nascer]? Encontraram uma pr\u00f3spera rep\u00fablica, em realidade, o mais moderno desenvolvimento socioecon\u00f4mico e tecnol\u00f3gico que se conhecia nestes tempos.<\/p>\n<p>Um povo feliz e laborioso, profundamente entrela\u00e7ado com as suas autoridades, disposto a os seguir at\u00e9 a morte, como o fez, \u00e9 o que encontraram as mil\u00edcias mercen\u00e1rias invasoras em solo livre e venturoso.<\/p>\n<p>Ao retardar o que inevitavelmente ter\u00e1 que acontecer, a entrega de &#8220;todos os fragmentos da hist\u00f3ria paraguaia para conhecer, refletir e assumir o seu passado&#8221;, fortalece-se o desejo e expande-se globalmente essa reivindica\u00e7\u00e3o leg\u00edtima.<\/p>\n<p>Necessitamos resgatar a hist\u00f3ria, tal como se deram os fatos, mas sobretudo o porqu\u00ea ocorreram tais acontecimentos para configur\u00e1-los em uma proposta pedag\u00f3gica desde um crit\u00e9rio rigorosamente \u00e9tico, din\u00e2mico e profundamente libert\u00e1rio, que leve \u00e0s escolas &#8211; prim\u00e1ria, secund\u00e1ria e universit\u00e1ria &#8211; um olhar que desvele os verdadeiros fatores respons\u00e1veis pela interrup\u00e7\u00e3o de uma experi\u00eancia baseada em mudan\u00e7as sociais, econ\u00f4micas, jur\u00eddicas e pol\u00edticas.<\/p>\n<p>Ent\u00e3o, j\u00e1 \u00e9 tempo de satisfa\u00e7\u00f5es, brasileiros Recuperem vossa honra, devolvam ao Paraguai os seus documentos hist\u00f3ricos!<\/p>\n<p>Em fraternidade, um abra\u00e7o cooperativo!<\/p>\n<p>(tradu\u00e7\u00e3o de Rodrigo Oliveira Fonseca)<\/p>\n","protected":false},"excerpt":{"rendered":"Jos\u00e9 Yorg\n&#8220;cooper\u00e1rio&#8221;, professor do ensino prim\u00e1rio, t\u00e9cnico em cooperativismo e licenciado em administra\u00e7\u00e3o\nSegunda-feira, 07 de Setembro de 2009.\nO Dr. Mart\u00edn Almada enviou uma nota ao presidente do Brasil, Luiz In\u00e1cio Lula da Silva, expressando a necessidade de se abrirem os arquivos secretos da Guerra da Tr\u00edplice Alian\u00e7a (1864-1870): &#8220;abrir esses documentos &#8211; ilustrou &#8211; ser\u00e1 de vital import\u00e2ncia, neste momento em que o bicenten\u00e1rio da independ\u00eancia paraguaia est\u00e1 prestes a acontecer, pois \u00e9 de grande significa\u00e7\u00e3o que o Paraguai disponha de todos os fragmentos de sua Hist\u00f3ria, para conhecer, refletir e assumir o seu passado&#8221;.\n<a class=\"moretag\" href=\"https:\/\/pcb.org.br\/portal2\/73\"> <\/a>","protected":false},"author":1,"featured_media":0,"comment_status":"open","ping_status":"open","sticky":false,"template":"","format":"standard","meta":{"jetpack_post_was_ever_published":false,"_jetpack_newsletter_access":"","_jetpack_dont_email_post_to_subs":false,"_jetpack_newsletter_tier_id":0,"_jetpack_memberships_contains_paywalled_content":false,"_jetpack_memberships_contains_paid_content":false,"footnotes":"","jetpack_publicize_message":"","jetpack_publicize_feature_enabled":true,"jetpack_social_post_already_shared":false,"jetpack_social_options":{"image_generator_settings":{"template":"highway","default_image_id":0,"font":"","enabled":false},"version":2}},"categories":[35],"tags":[],"class_list":["post-73","post","type-post","status-publish","format-standard","hentry","category-c40-paraguai"],"jetpack_publicize_connections":[],"jetpack_featured_media_url":"","jetpack_shortlink":"https:\/\/wp.me\/p659gw-1b","jetpack-related-posts":[],"jetpack_likes_enabled":true,"jetpack_sharing_enabled":true,"_links":{"self":[{"href":"https:\/\/pcb.org.br\/portal2\/wp-json\/wp\/v2\/posts\/73","targetHints":{"allow":["GET"]}}],"collection":[{"href":"https:\/\/pcb.org.br\/portal2\/wp-json\/wp\/v2\/posts"}],"about":[{"href":"https:\/\/pcb.org.br\/portal2\/wp-json\/wp\/v2\/types\/post"}],"author":[{"embeddable":true,"href":"https:\/\/pcb.org.br\/portal2\/wp-json\/wp\/v2\/users\/1"}],"replies":[{"embeddable":true,"href":"https:\/\/pcb.org.br\/portal2\/wp-json\/wp\/v2\/comments?post=73"}],"version-history":[{"count":0,"href":"https:\/\/pcb.org.br\/portal2\/wp-json\/wp\/v2\/posts\/73\/revisions"}],"wp:attachment":[{"href":"https:\/\/pcb.org.br\/portal2\/wp-json\/wp\/v2\/media?parent=73"}],"wp:term":[{"taxonomy":"category","embeddable":true,"href":"https:\/\/pcb.org.br\/portal2\/wp-json\/wp\/v2\/categories?post=73"},{"taxonomy":"post_tag","embeddable":true,"href":"https:\/\/pcb.org.br\/portal2\/wp-json\/wp\/v2\/tags?post=73"}],"curies":[{"name":"wp","href":"https:\/\/api.w.org\/{rel}","templated":true}]}}