{"id":7331,"date":"2015-01-15T14:06:30","date_gmt":"2015-01-15T14:06:30","guid":{"rendered":"http:\/\/pcb.org.br\/portal2\/?p=7331"},"modified":"2015-01-15T14:06:30","modified_gmt":"2015-01-15T14:06:30","slug":"o-kke-forte-e-um-apoio-para-o-povo","status":"publish","type":"post","link":"https:\/\/pcb.org.br\/portal2\/7331","title":{"rendered":"O KKE forte \u00e9 um apoio para o povo"},"content":{"rendered":"\n<p>Em 11 de janeiro, no est\u00e1dio coberto do Pireo, ocorreu um grande evento pol\u00edtico-cultural organizado pela Organiza\u00e7\u00e3o Partid\u00e1ria do KKE da Regi\u00e3o de \u00c1tica para homenagear o 96\u00b0 anivers\u00e1rio do KKE, onde falou o Secret\u00e1rio Geral do CC do KKE, Dimitris Koutsoumpas.<\/p>\n<p>Milhares de pessoas de todas as idades, trabalhadores, desempregados e jovens inundaram o est\u00e1dio enviando a mensagem de que o KKE e a oposi\u00e7\u00e3o popular devem permanecer sendo fortes.<\/p>\n<p>No evento, participaram sindicalistas da Federa\u00e7\u00e3o Sindical Mundial e o embaixador de Cuba, Osvaldo Cobacho Mart\u00ednez, o embaixador da Venezuela, Farid Fern\u00e1ndez, o embaixador da Palestina, Marwan Toubas\u00ed, assim como representantes das embaixadas do Vietn\u00e3 e da China. Tamb\u00e9m assistiram ao evento Alejandro Castro Esp\u00edn, filho do presidente de Cuba, Ra\u00fal Castro, os prefeitos de Petr\u00fapoli, Jaidari e de Kesarian\u00ed, assim como escritores e artistas.<\/p>\n<p>Antes do ato cultural, que inclu\u00eda uma composi\u00e7\u00e3o m\u00fasico-teatral com a participa\u00e7\u00e3o de 200 artistas, o Secret\u00e1rio do CC do KKE, Dimitris Koutsoumpas, pronunciou um discurso em que destacou, entre outras coisas:<\/p>\n<p>\u201cNoventa e seis anos! Aprendemos com nossa hist\u00f3ria heroica, continuamos comprometidos com nosso objetivo de abolir a explora\u00e7\u00e3o do homem pelo homem. Utilizamos de maneira criativa as conclus\u00f5es que tiramos das lutas tit\u00e2nicas de nosso povo, com o KKE na linha de frente\u201d.<\/p>\n<p>Em refer\u00eancia aos acontecimentos pol\u00edticos, destacou: \u201cNo dia de amanh\u00e3, um governo, seja baseado na ND, seja baseado na SYRIZA, tomar\u00e1 em relevo o governo anterior e, inclusive, se segue uma trajet\u00f3ria algo diferente\u201d. O certo \u00e9 que iniciar\u00e1 do mesmo ponto de partida e ter\u00e1 o mesmo objetivo, na linha com a estrat\u00e9gia da UE, a rentabilidade dos monop\u00f3lios, o caminho de desenvolvimento capitalista.<\/p>\n<p>Por isso, este governo ser\u00e1 inevitavelmente antipopular, pois colocar\u00e1 em pr\u00e1tica os compromissos da UE. Ser\u00e1 um governo que vai negociar a d\u00edvida, porque aceita que se trata da d\u00edvida do povo, do pa\u00eds. Ser\u00e1 um governo que defender\u00e1 os interesses dos grandes grupos empresariais.<\/p>\n<p>N\u00e3o somos os \u00fanicos que dizemos isto. Eles mesmos admitem. \u201cPor exemplo, quando a ND diz que \u2018dever\u00edamos aplicar as reformas e, inclusive, por nossa pr\u00f3pria vontade; iremos mais al\u00e9m de nossos compromissos\u2019 enquanto a SYRIZA diz \u2018vamos negociar dentro do marco da Uni\u00e3o Europeia e das institui\u00e7\u00f5es europeias\u2019\u201d.<\/p>\n<p>Dimitris Koutsoumpas exp\u00f4s detalhadamente a estrat\u00e9gia antipopular comum da ND e da SYRIZA, apesar das diferen\u00e7as parciais entre eles e acrescentou que: \u201cA ND com sua experi\u00eancia pr\u00e9via no governo e a SYRIZA com sua experi\u00eancia pr\u00e9via no enfraquecimento do movimento, est\u00e3o lutando para levar a cabo o papel do partido escolhido da UE e dos monop\u00f3lios\u201d, destacando, sobretudo, a promessa de A.Tsipras, presidente da SYRIZA, em um canal da televis\u00e3o brit\u00e2nica, de que SYRIZA far\u00e1 todo o poss\u00edvel para salvar \u201cnossa casa comum, a UE\u201d. D.Koutsoumpas disse que, por esta raz\u00e3o, promete somente migalhas.<\/p>\n<p>O SG do CC do KKE destacou acerca da negativa do partido de participar ou apoiar um governo de \u201cesquerda\u201d:<\/p>\n<p>\u201cTodas e todos deveriam considerar que: nos anos anteriores se alternaram governos de um s\u00f3 partido ou de coaliz\u00e3o, extorquindo o voto do povo, fomentando o medo do \u2018pior\u2019 ou a ilus\u00e3o sobre o \u2018mal menor\u2019\u201d.<\/p>\n<p>Isto \u00e9 o que repetem agora. Que, supostamente, \u00e9 poss\u00edvel obter um acordo sobre alguns assuntos e que o KKE deve ser tolerante com a SYRIZA. Por\u00e9m as coisas n\u00e3o s\u00e3o t\u00e3o simples, j\u00e1 que os assuntos inferiores est\u00e3o determinados pelos grandes assuntos estrat\u00e9gicos.<\/p>\n<p>Em ess\u00eancia, chamam o KKE para respaldar tal governo em sua totalidade.<\/p>\n<p>Porque, na realidade, um governo trata todos os assuntos. Os acontecimentos n\u00e3o se limitam em duas ou tr\u00eas quest\u00f5es.<\/p>\n<p>Seguir\u00e3o existindo todos os problemas na economia, no setor da sa\u00fade, da educa\u00e7\u00e3o, na imigra\u00e7\u00e3o, a repress\u00e3o estatal, a justi\u00e7a, a pol\u00edtica exterior, etc.<\/p>\n<p>Alguns dizem que se a SYRIZA pode resolver um problema, isto seria bom. Por\u00e9m, um governo n\u00e3o se encarrega de resolver somente um ou dois problemas. Tem que tratar uma ampla gama de assuntos relacionados \u00e0 UE, \u00e0 OTAN, \u00e0s rela\u00e7\u00f5es entre Gr\u00e9cia e Turquia, assuntos relacionados ao mar Egeu, \u00e0 quest\u00e3o do Chipre, \u00e0s interven\u00e7\u00f5es, e aos enfrentamentos militares na regi\u00e3o e al\u00e9m dela, ou seja, tudo. Algu\u00e9m conhece algum governo que tenha sido s debru\u00e7ado apenas sobre um ou dois temas?<\/p>\n<p>O que deve ficar claro \u00e9 que: enquanto um governo gerenciar o futuro de um povo e de um pa\u00eds, permanecer preso pelas restri\u00e7\u00f5es da UE e do caminho de desenvolvimento capitalista que j\u00e1 ficou antiquado e podre, a armadilha do \u201cmal menor\u201d levar\u00e1 continuamente a novos governos antipopulares.<\/p>\n<p>\u00c9 necess\u00e1rio que o povo seja libertado dos governos antipopulares e de sua pol\u00edtica, que tome o pode ele mesmo. A situa\u00e7\u00e3o atual na Gr\u00e9cia e a n\u00edvel internacional n\u00e3o nos permite perder mais tempo\u201d.<\/p>\n<p>D. Koutsoumpas disse sobre o valor do voto pelo KKE: \u201cO KKE \u00e9 uma garantia de que o povo n\u00e3o ser\u00e1 enganado novamente\u201d. N\u00e3o deve sucumbir \u00e0 chantagem e \u00e0s ilus\u00f5es.<\/p>\n<p>\u00c9 necess\u00e1rio que o KKE seja forte em todas as partes porque \u00e9 o \u00fanico oponente verdadeiro frente aos monop\u00f3lios e seu poder, a UE dos memorandos permanentes, aos governos antipopulares. Depois das elei\u00e7\u00f5es haver\u00e1 um governo, j\u00e1 que muitos partidos e forma\u00e7\u00f5es t\u00eam a vontade de contribuir com ele. Para o povo o importante \u00e9 que o KKE seja forte, para que o pr\u00f3prio povo seja forte.<\/p>\n<p>Todos sabem que o KKE \u00e9 conhecido como uma for\u00e7a est\u00e1vel, inquebrant\u00e1vel frente a todos os ataques antitrabalhistas e antipopulares. Sabem o que tem feito o KKE, que tem sido a for\u00e7a est\u00e1vel da oposi\u00e7\u00e3o oper\u00e1ria e popular, dentro e fora do parlamento durante os \u00faltimos 3 anos, desde as elei\u00e7\u00f5es de 2012.<\/p>\n<p>Em todos os momentos \u00e9 poss\u00edvel notar a contribui\u00e7\u00e3o e o impacto da luta dos comunistas. Al\u00e9m disso, \u00e9 sabido que a dissimula\u00e7\u00e3o da influ\u00eancia eleitoral do KKE tem um impacto negativo na din\u00e2mica e no car\u00e1ter de massas do movimento oper\u00e1rio e popular.<\/p>\n<p>No entanto, o KKE n\u00e3o se deu por vencido. Apoiou os trabalhadores assalariados, os camponeses, os trabalhadores aut\u00f4nomos, os aposentados, os estudantes, os alunos pelo direito \u00e0 sa\u00fade, \u00e0 seguridade social, \u00e0 pens\u00e3o, \u00e0 educa\u00e7\u00e3o, \u00e0 prote\u00e7\u00e3o salarial, \u00e0 habita\u00e7\u00e3o, frente aos empr\u00e9stimos usur\u00e1rios e os impostos insuport\u00e1veis.<\/p>\n<p>O KKE nunca mentiu ao povo. Dirigimo-nos, sobretudo, \u00e0queles que pensam justificadamente que a situa\u00e7\u00e3o n\u00e3o pode continuar assim, que \u2018eles devem ir embora\u2019. O governo atual deve ser condenado a repudiar a estrat\u00e9gia da UE e do capital. Ao mesmo tempo, n\u00e3o se deve escolher outro governo que implementar\u00e1 a mesma estrat\u00e9gia, com algumas diferen\u00e7as insignificantes para o povo.<\/p>\n<p>Hoje, \u00e9 poss\u00edvel ver mais claramente que a lideran\u00e7a da SYRIZA, com as credenciais que d\u00e1 ao capital e aos organismos imperialistas, est\u00e1 cortando todo o la\u00e7o com a hist\u00f3ria do movimento popular. Assim, d\u00e1 oportunidade \u00e0s for\u00e7as mais reacion\u00e1rias de caluniar as tradi\u00e7\u00f5es militantes de nosso povo. Est\u00e1 tomando rapidamente o lugar de nova socialdemocracia e, inclusive, uma vers\u00e3o pior, porque as condi\u00e7\u00f5es no capitalismo e a situa\u00e7\u00e3o do movimento oper\u00e1rio s\u00e3o tamb\u00e9m piores.<\/p>\n<p>O KKE \u00e9 um apoio constante para o povo. Tudo o que o povo ganhou foi atrav\u00e9s de lutas com o KKE na linha de frente. Quando o movimento e o KKE se enfraqueceram, o povo tamb\u00e9m teve perdas.<\/p>\n<p>Devemos pensar em qual ser\u00e1 a for\u00e7a que amanh\u00e3 estar\u00e1 ao lado do povo, na primeira fileira da luta pelo sal\u00e1rio, pelo trabalho, pelos direitos.<\/p>\n<p>O KKE faz um chamamento aos jovens que se preocupam com a situa\u00e7\u00e3o, aos trabalhadores, aos aposentados, \u00e0s e aos que n\u00e3o se conformam com a mis\u00e9ria e o derrotismo a unir for\u00e7as com ele. Chama a todos para votar e a fortalecer o KKE em todos os lugares. Para que se fortale\u00e7a o povo, para que se fortale\u00e7a a resist\u00eancia e a luta do povo, a Alian\u00e7a Popular contra os monop\u00f3lios e o capitalismo, para que se trilhe o caminho com a perspectiva do poder oper\u00e1rio e popular\u201d.<\/p>\n<p>Fonte: http:\/\/www.solidnet.org\/greece-communist-party-of-greece\/cp-of-greece-a-powerful-kke-is-a-pillar-of-support-for-the-people-en-ru-ar<\/p>\n<p>Tradu\u00e7\u00e3o: Partido Comunista Brasileiro (PCB)<\/p>\n","protected":false},"excerpt":{"rendered":"\nSegunda-feira, 12 de janeiro de 2015 Partido Comunista da Gr\u00e9cia\n<a class=\"moretag\" href=\"https:\/\/pcb.org.br\/portal2\/7331\"> <\/a>","protected":false},"author":1,"featured_media":0,"comment_status":"closed","ping_status":"closed","sticky":false,"template":"","format":"standard","meta":{"jetpack_post_was_ever_published":false,"_jetpack_newsletter_access":"","_jetpack_dont_email_post_to_subs":false,"_jetpack_newsletter_tier_id":0,"_jetpack_memberships_contains_paywalled_content":false,"_jetpack_memberships_contains_paid_content":false,"footnotes":"","jetpack_publicize_message":"","jetpack_publicize_feature_enabled":true,"jetpack_social_post_already_shared":false,"jetpack_social_options":{"image_generator_settings":{"template":"highway","default_image_id":0,"font":"","enabled":false},"version":2}},"categories":[37],"tags":[],"class_list":["post-7331","post","type-post","status-publish","format-standard","hentry","category-c42-comunistas"],"jetpack_publicize_connections":[],"jetpack_featured_media_url":"","jetpack_shortlink":"https:\/\/wp.me\/p659gw-1Uf","jetpack-related-posts":[],"jetpack_likes_enabled":true,"jetpack_sharing_enabled":true,"_links":{"self":[{"href":"https:\/\/pcb.org.br\/portal2\/wp-json\/wp\/v2\/posts\/7331","targetHints":{"allow":["GET"]}}],"collection":[{"href":"https:\/\/pcb.org.br\/portal2\/wp-json\/wp\/v2\/posts"}],"about":[{"href":"https:\/\/pcb.org.br\/portal2\/wp-json\/wp\/v2\/types\/post"}],"author":[{"embeddable":true,"href":"https:\/\/pcb.org.br\/portal2\/wp-json\/wp\/v2\/users\/1"}],"replies":[{"embeddable":true,"href":"https:\/\/pcb.org.br\/portal2\/wp-json\/wp\/v2\/comments?post=7331"}],"version-history":[{"count":0,"href":"https:\/\/pcb.org.br\/portal2\/wp-json\/wp\/v2\/posts\/7331\/revisions"}],"wp:attachment":[{"href":"https:\/\/pcb.org.br\/portal2\/wp-json\/wp\/v2\/media?parent=7331"}],"wp:term":[{"taxonomy":"category","embeddable":true,"href":"https:\/\/pcb.org.br\/portal2\/wp-json\/wp\/v2\/categories?post=7331"},{"taxonomy":"post_tag","embeddable":true,"href":"https:\/\/pcb.org.br\/portal2\/wp-json\/wp\/v2\/tags?post=7331"}],"curies":[{"name":"wp","href":"https:\/\/api.w.org\/{rel}","templated":true}]}}