{"id":736,"date":"2010-08-14T03:05:18","date_gmt":"2010-08-14T03:05:18","guid":{"rendered":"http:\/\/pcb.org.br\/portal2\/?p=736"},"modified":"2010-08-14T03:05:18","modified_gmt":"2010-08-14T03:05:18","slug":"resposta-do-eln-da-colombia-a-proposta-do-governo-venezuelano","status":"publish","type":"post","link":"https:\/\/pcb.org.br\/portal2\/736","title":{"rendered":"Resposta do ELN da Col\u00f4mbia \u00e0 proposta do Governo Venezuelano"},"content":{"rendered":"\n<p>O Ex\u00e9rcito de Liberta\u00e7\u00e3o Nacional da Col\u00f4mbia reafirma sua ideia de trabalhar por uma sa\u00edda pol\u00edtica para o prolongado conflito colombiano.<\/p>\n<p align=\"justify\">O Governo de Uribe foi a express\u00e3o mais clara do guerreirismo na Col\u00f4mbia e no Continente. Sempre esteve alinhado com os interesses gringos e apoiou todas as suas iniciativas de agress\u00e3o internacional e em nosso solo. Deixa-nos a heran\u00e7a de mais 7 bases militares gringas como amea\u00e7a para o pa\u00eds e para o conjunto de pa\u00edses da Am\u00e9rica do Sul e do Caribe.<\/p>\n<p align=\"justify\">A continua\u00e7\u00e3o desta pol\u00edtica guerreirista e intervencionista foi difundida pelo atual presidente eleito, Juan Manuel Santos, em sua campanha eleitoral. Neste sentido as amea\u00e7as continuam vigentes e n\u00e3o h\u00e1 motivos para pensar o contr\u00e1rio.<\/p>\n<p align=\"justify\">O governo de Uribe e seu sucessor quiseram vender a ideia de que a insurg\u00eancia colombiana e, em particular, o ELN negam-se a construir um caminho rumo \u00e0 paz, negando o que em diversos processos de paz foi tentado, e nos quais a \u00fanica coisa que interessa aos governos de plant\u00e3o \u00e9 que as guerrilhas se desmobilizem e desarmem-se, impedindo as mudan\u00e7as estruturais que s\u00e3o as verdadeiras causas da exist\u00eancia do conflito interno colombiano.<\/p>\n<p align=\"justify\">Os Estados Unidos e a oligarquia colombiana pretendem internacionalizar o conflito colombiano, usando-o como pretexto para intervir militarmente nos pa\u00edses vizinhos e afetar os processos democr\u00e1ticos e de mudan\u00e7as sociais que se constroem em nosso continente.<\/p>\n<p align=\"justify\">As inten\u00e7\u00f5es guerreiristas dos aventureiros do Pent\u00e1gono e as loucuras do governo de Uribe s\u00e3o o maior perigo para o futuro da vida das pessoas de todo o continente. Frear tamanha loucura \u00e9 uma prioridade para o continente. Nesse sentido, consideramos da maior seriedade a proposta de paz que foi manifestada pelo Governo da Venezuela.<\/p>\n<p align=\"justify\">O ELN est\u00e1 interessado em trabalhar para construir uma sa\u00edda pol\u00edtica para o conflito da Col\u00f4mbia, nos marcos de uma proposta de paz para o continente, vinculante aos esfor\u00e7os dos pa\u00edses que integram a UNASUR e de outras iniciativas de acompanhamento que surjam na comunidade internacional.<\/p>\n<p align=\"justify\">Desde j\u00e1, dispomo-nos a intercambiar com o Governo Venezuelano e outros Governos do Continente para explorar os caminhos que tornem poss\u00edvel a paz na Col\u00f4mbia e em Nossa Am\u00e9rica.<\/p>\n<p align=\"center\">Nicol\u00e1s Ridr\u00edguez Bautista<\/p>\n<p align=\"center\">Primeiro Comandante<\/p>\n<p align=\"center\">Antonio Garcia<\/p>\n<p align=\"center\">Segundo Comandante<\/p>\n<p align=\"center\">EX\u00c9RCITO DE LIBERTA\u00c7\u00c3O NACIONAL<\/p>\n<p align=\"center\">Colombia&#8230; Para os trabalhadores!<\/p>\n<p align=\"center\">Nem um passo atr\u00e1s&#8230; Liberta\u00e7\u00e3o ou Morte!<\/p>\n<p align=\"center\">Montanhas da Col\u00f4mbia<\/p>\n<p align=\"center\">04 de agosto de 2010<\/p>\n<p>Traduzido por Valeria Lima<\/p>\n<p align=\"justify\">\n","protected":false},"excerpt":{"rendered":"\n\n\nCr\u00e9dito: Resumen\n\n\n\n\n\n\n\n\nResumen Latinoamericano\n<a class=\"moretag\" href=\"https:\/\/pcb.org.br\/portal2\/736\"> <\/a>","protected":false},"author":1,"featured_media":0,"comment_status":"open","ping_status":"open","sticky":false,"template":"","format":"standard","meta":{"jetpack_post_was_ever_published":false,"_jetpack_newsletter_access":"","_jetpack_dont_email_post_to_subs":false,"_jetpack_newsletter_tier_id":0,"_jetpack_memberships_contains_paywalled_content":false,"_jetpack_memberships_contains_paid_content":false,"footnotes":"","jetpack_publicize_message":"","jetpack_publicize_feature_enabled":true,"jetpack_social_post_already_shared":false,"jetpack_social_options":{"image_generator_settings":{"template":"highway","default_image_id":0,"font":"","enabled":false},"version":2}},"categories":[34],"tags":[],"class_list":["post-736","post","type-post","status-publish","format-standard","hentry","category-c39-colombia"],"jetpack_publicize_connections":[],"jetpack_featured_media_url":"","jetpack_shortlink":"https:\/\/wp.me\/p659gw-bS","jetpack-related-posts":[],"jetpack_likes_enabled":true,"jetpack_sharing_enabled":true,"_links":{"self":[{"href":"https:\/\/pcb.org.br\/portal2\/wp-json\/wp\/v2\/posts\/736","targetHints":{"allow":["GET"]}}],"collection":[{"href":"https:\/\/pcb.org.br\/portal2\/wp-json\/wp\/v2\/posts"}],"about":[{"href":"https:\/\/pcb.org.br\/portal2\/wp-json\/wp\/v2\/types\/post"}],"author":[{"embeddable":true,"href":"https:\/\/pcb.org.br\/portal2\/wp-json\/wp\/v2\/users\/1"}],"replies":[{"embeddable":true,"href":"https:\/\/pcb.org.br\/portal2\/wp-json\/wp\/v2\/comments?post=736"}],"version-history":[{"count":0,"href":"https:\/\/pcb.org.br\/portal2\/wp-json\/wp\/v2\/posts\/736\/revisions"}],"wp:attachment":[{"href":"https:\/\/pcb.org.br\/portal2\/wp-json\/wp\/v2\/media?parent=736"}],"wp:term":[{"taxonomy":"category","embeddable":true,"href":"https:\/\/pcb.org.br\/portal2\/wp-json\/wp\/v2\/categories?post=736"},{"taxonomy":"post_tag","embeddable":true,"href":"https:\/\/pcb.org.br\/portal2\/wp-json\/wp\/v2\/tags?post=736"}],"curies":[{"name":"wp","href":"https:\/\/api.w.org\/{rel}","templated":true}]}}