{"id":737,"date":"2010-08-14T14:57:58","date_gmt":"2010-08-14T14:57:58","guid":{"rendered":"http:\/\/pcb.org.br\/portal2\/?p=737"},"modified":"2010-08-14T14:57:58","modified_gmt":"2010-08-14T14:57:58","slug":"denuncia-publica-da-falsa-democracia-burguesa","status":"publish","type":"post","link":"https:\/\/pcb.org.br\/portal2\/737","title":{"rendered":"Den\u00fancia p\u00fablica da falsa democracia burguesa"},"content":{"rendered":"\n<p align=\"justify\"><em>F\u00e1bio Bezerra* <\/em><\/p>\n<p align=\"justify\">Hoje 12 de agosto, o PCB entrou com uma peti\u00e7\u00e3o junto ao Tribunal Regional Eleitoral de Minas Gerais, alegando inconstitucionalidade na elabora\u00e7\u00e3o do debate eleitoral entre os candidatos ao<\/p>\n<p align=\"justify\">Governo de Minas que acontecer\u00e1 nesta data, na Rede de Televis\u00e3o Bandeirantes, solicitando a nossa participa\u00e7\u00e3o junto aos demais candidatos confirmados pela emissora.<\/p>\n<p align=\"justify\">Infelizmente, fomos barrados pela emissora de participar do debate sob a alega\u00e7\u00e3o de n\u00e3o possuirmos representa\u00e7\u00e3o congressual.<\/p>\n<p align=\"justify\">Por\u00e9m, apelamos para o direito dos eleitores e da popula\u00e7\u00e3o em geral de nosso estado, ter acesso \u00e0s concep\u00e7\u00f5es e programas governamentais que cada um dos candidatos representa nesse processo eleitoral, pois entendemos que todos deveriam ter as mesmas condi\u00e7\u00f5es de igualdade na exposi\u00e7\u00e3o de seus programas e no confronto de id\u00e9ias que, sem d\u00favida, exporia as diferen\u00e7as de opini\u00f5es sobre a condu\u00e7\u00e3o do poder p\u00fablico e os respectivos compromissos de classe, dando \u00e0 popula\u00e7\u00e3o condi\u00e7\u00f5es de julgar n\u00e3o apenas as candidaturas, mas ajudando a politizar esse rico momento onde tudo o que est\u00e1 acontecendo e j\u00e1 aconteceu em rela\u00e7\u00e3o ao poder p\u00fablico e \u00e0 sociedade, estaria sendo visto e revisto.<\/p>\n<p align=\"justify\">Baseado em uma regra eleitoral que norteia o processo de debates pelos meios de comunica\u00e7\u00e3o e faculta \u00e0s emissoras a condi\u00e7\u00e3o de convite ou n\u00e3o das candidaturas concorrentes, o TRE-MG negou nosso pedido na peti\u00e7\u00e3o encaminhada, prejudicando dessa forma o debate pol\u00edtico e o aprofundamento anal\u00edtico da atual situa\u00e7\u00e3o pol\u00edtica em nosso Estado.<\/p>\n<p align=\"justify\">Os comunistas do PCB esperam fazer desse processo eleitoral um debate pol\u00edtico sobre as contradi\u00e7\u00f5es do sistema capitalista, inclusive sobre seus instrumentos de domina\u00e7\u00e3o e manipula\u00e7\u00e3o, que entre outros, cerceiam a liberdade de express\u00e3o e manifesta\u00e7\u00e3o ideol\u00f3gica, numa clara tentativa de manter a ordem de classe vigente, que \u00e9 justamente o status quo da burguesia.<\/p>\n<p align=\"justify\">\u00c9 inadmiss\u00edvel que n\u00e3o tenhamos todas as chapas concorrentes ao processo eleitoral presentes em debates televisivos, que possuem um alcance territorial incontest\u00e1vel, ainda mais em se tratando de um Estado com mais de 800 munic\u00edpios e com cerca de 20 milh\u00f5es de habitantes, onde mais de 99% dessa popula\u00e7\u00e3o padece dia a dia do descaso do Governo e da cumplicidade deste para com apenas 1%, representada pela elite agr\u00e1ria e urbana.<\/p>\n<p align=\"justify\">Os meios de comunica\u00e7\u00e3o s\u00e3o concess\u00f5es p\u00fablicas do poder p\u00fablico federal (executivo e congresso) deveriam garantir isonomia de condi\u00e7\u00f5es a todas as organiza\u00e7\u00f5es partid\u00e1rias em um momento de relev\u00e2ncia como \u00e9 o caso dos debates eleitorais. Mas o que vemos \u00e9 uma restri\u00e7\u00e3o e com claro corte de classe, pois no debate que se seguir\u00e1 nessa noite, apenas um Partido da oposi\u00e7\u00e3o de esquerda estar\u00e1 presente, enquanto os demais convidados consubstanciam o mesmo projeto de classe e possuem as mesmas rela\u00e7\u00f5es com as elites dominantes, ora com mais autenticidade liberal, ora travestidos de democratas e sociais democratas.<\/p>\n<p align=\"justify\">Mas continuaremos lutando, contra tudo e contra todos os que manipulam a realidade e exploram a classe trabalhadora.<\/p>\n<p align=\"justify\">O dia de hoje \u00e9 mais um exemplo das restri\u00e7\u00f5es \u00e0s quais os comunistas e todas as organiza\u00e7\u00f5es prolet\u00e1rias t\u00eam que enfrentar diuturnamente na luta contra o modo operante do sistema capitalista. Essa carta \u00e9 uma den\u00fancia p\u00fablica da desigualdade de condi\u00e7\u00f5es \u00e0s quais somos submetidos, mas isso n\u00e3o nos desanima da condi\u00e7\u00e3o de tribunos do povo, de den\u00fancia das fal\u00e1cias da democracia burguesa e da defesa de um novo patamar de governo e de sociedade.<\/p>\n<p align=\"justify\">Viva o Poder Popular.<\/p>\n<p align=\"justify\">Viva o socialismo.<\/p>\n<p align=\"justify\">F\u00e1bio Bezerra.<\/p>\n<p align=\"justify\">(*Candidato ao Governo de Minas Gerais, pelo Partido Comunista Brasileiro)<\/p>\n<p>Belo Horizonte, 12 de agosto de 2010.<\/p>\n<p align=\"justify\">\n","protected":false},"excerpt":{"rendered":"\n\n\nCr\u00e9dito: PCB\n\n\n\n\n\n\n\n\n(Aos Camaradas e companheiros de Luta)\n<a class=\"moretag\" href=\"https:\/\/pcb.org.br\/portal2\/737\"> <\/a>","protected":false},"author":1,"featured_media":0,"comment_status":"open","ping_status":"open","sticky":false,"template":"","format":"standard","meta":{"jetpack_post_was_ever_published":false,"_jetpack_newsletter_access":"","_jetpack_dont_email_post_to_subs":false,"_jetpack_newsletter_tier_id":0,"_jetpack_memberships_contains_paywalled_content":false,"_jetpack_memberships_contains_paid_content":false,"footnotes":"","jetpack_publicize_message":"","jetpack_publicize_feature_enabled":true,"jetpack_social_post_already_shared":false,"jetpack_social_options":{"image_generator_settings":{"template":"highway","default_image_id":0,"font":"","enabled":false},"version":2}},"categories":[62],"tags":[],"class_list":["post-737","post","type-post","status-publish","format-standard","hentry","category-c73-eleicoes-2010"],"jetpack_publicize_connections":[],"jetpack_featured_media_url":"","jetpack_shortlink":"https:\/\/wp.me\/p659gw-bT","jetpack-related-posts":[],"jetpack_likes_enabled":true,"jetpack_sharing_enabled":true,"_links":{"self":[{"href":"https:\/\/pcb.org.br\/portal2\/wp-json\/wp\/v2\/posts\/737","targetHints":{"allow":["GET"]}}],"collection":[{"href":"https:\/\/pcb.org.br\/portal2\/wp-json\/wp\/v2\/posts"}],"about":[{"href":"https:\/\/pcb.org.br\/portal2\/wp-json\/wp\/v2\/types\/post"}],"author":[{"embeddable":true,"href":"https:\/\/pcb.org.br\/portal2\/wp-json\/wp\/v2\/users\/1"}],"replies":[{"embeddable":true,"href":"https:\/\/pcb.org.br\/portal2\/wp-json\/wp\/v2\/comments?post=737"}],"version-history":[{"count":0,"href":"https:\/\/pcb.org.br\/portal2\/wp-json\/wp\/v2\/posts\/737\/revisions"}],"wp:attachment":[{"href":"https:\/\/pcb.org.br\/portal2\/wp-json\/wp\/v2\/media?parent=737"}],"wp:term":[{"taxonomy":"category","embeddable":true,"href":"https:\/\/pcb.org.br\/portal2\/wp-json\/wp\/v2\/categories?post=737"},{"taxonomy":"post_tag","embeddable":true,"href":"https:\/\/pcb.org.br\/portal2\/wp-json\/wp\/v2\/tags?post=737"}],"curies":[{"name":"wp","href":"https:\/\/api.w.org\/{rel}","templated":true}]}}