{"id":7379,"date":"2015-01-28T20:00:35","date_gmt":"2015-01-28T20:00:35","guid":{"rendered":"http:\/\/pcb.org.br\/portal2\/?p=7379"},"modified":"2017-08-25T00:47:56","modified_gmt":"2017-08-25T03:47:56","slug":"kobane-livre-do-estado-islamico","status":"publish","type":"post","link":"https:\/\/pcb.org.br\/portal2\/7379","title":{"rendered":"Kobane livre do Estado Isl\u00e2mico"},"content":{"rendered":"\n<p>Resumen Latinoamericano\/Leandro Albani \u2013 Foram 134 dias de duros combates contra o Estado Isl\u00e2mico (EI), uma m\u00e1quina militar financiada por Qatar e Ar\u00e1bia Saudita, e respaldada abertamente pela Turquia. 134 dias em que os guerrilheiros e guerrilheiras das mil\u00edcias YPG\/ YPJ defenderam casa por casa a cidade de Kobane, situada no norte da S\u00edria, zona que historicamente corresponde ao Curdist\u00e3o. Foram quatro meses em que os pouco mais de 2.000 civis, que permaneceram na principal cidade da regi\u00e3o de Rojava (Ocidente, em curdo), resistiram junto da guerrilha aos embates do EI e \u00e0 \u201cp\u00e9ssima pontaria\u201d da Coaliz\u00e3o Internacional (encabe\u00e7ada pelos Estados Unidos), que deixou cair seus m\u00edsseis sobre uma localidade, onde sua infraestrutura foi devastada e os feridos s\u00e3o atendidos por quatro m\u00e9dicos e duas enfermeiras.<\/p>\n<p>Depois de 134 dias, os primeiros fogos de artif\u00edcios come\u00e7aram a ser ouvidos e vistos na cidade que se converteu em s\u00edmbolo de resist\u00eancia para o povo s\u00edrio. Com o correr das horas, tamb\u00e9m se multiplicaram os festejos ao longo e ao largo dos 18 mil 300 quil\u00f4metros quadrados que compreende Rojava, regi\u00e3o fronteiri\u00e7a com a Turquia, e na qual o povo, junto das mil\u00edcias guerrilheiras, se autogovernava h\u00e1 mais de dois anos, quando o Ex\u00e9rcito s\u00edrio se retirou e o velho anseio da autonomia para os povoados curdos come\u00e7ou a crescer a partir da s profundezas da Mesopot\u00e2mia.<\/p>\n<p><strong>Vit\u00f3ria e liberdade<\/strong><\/p>\n<p>Logo ap\u00f3s a noticia da liberta\u00e7\u00e3o come\u00e7ou a difundir-se, a partir do Comando Geral das YPG emitiram uma declara\u00e7\u00e3o na qual afirma que \u201cesta \u00e9 a vit\u00f3ria da liberdade sobre a escurid\u00e3o\u201d do Estado Isl\u00e2mico. \u201cNossas for\u00e7as n\u00e3o defraudaram as expectativas de nosso povo e da humanidade\u201d, assinalaram as mil\u00edcias curdas e acrescentaram que a derrota dos terroristas foi obtida depois de \u201clutar uma batalha \u00e9pica\u201d. \u201cEsta vit\u00f3ria \u00e9 obtida pela revolu\u00e7\u00e3o Rojava\u201d, observou o Comando Geral.<\/p>\n<p>De sua parte, o Observat\u00f3rio S\u00edrio de Direitos Humanos (OSDH), organismo opositor ao governo de Bashar Al Assad e coms ede em Londres, confirmou que as YPG \u201ctem quase todo o controle de Kobane ap\u00f3s expulsar os combatentes do EIIL\u201d.<\/p>\n<p>Desde que as YPG manifestaram que a verdadeira batalha n\u00e3o foi contra o EI, mas \u201cuma batalha entre a humanidade e a selvageria\u201d. Por sua vez, advertiram que a derrota do Estado Isl\u00e2mico em Kobana \u00e9 \u201co princ\u00edpio do fim\u201d para esse grupo terrorista.<\/p>\n<p>O territ\u00f3rio que abarca Rojava n\u00e3o apenas \u00e9 rico em petr\u00f3leo, mas com o correr dos dias, se converteu em uma refer\u00eancia para o povo do Curdist\u00e3o em sua busca pela independ\u00eancia. Apesar da situa\u00e7\u00e3o de guerra permanente, nos cant\u00f5es dessa regi\u00e3o se iniciou um processo de autogoverno, orientado pelo PYD (partido majorit\u00e1rio e afim ao Partido dos Trabalhadores do Curdist\u00e3o). Assembleias populares, novos organismos administrativos, a tentativa de construir uma economia alternativa ao capitalismo e o papel fundamental das mulheres tanto nos combates como nos espa\u00e7os civis colocam Rojava sob a aten\u00e7\u00e3o de todos.<\/p>\n<p><strong>Os \u00faltimos dias<\/strong><\/p>\n<p>Nas \u00faltimas semanas, os mercen\u00e1rios do EI se encontravam resguardados nas colinas de Mistenur. Por\u00e9m, em 19 de janeiro, soube-se que as mil\u00edcias guerrilheiras tinham tomado a zona. Segundo relatou ao Resumen Latinoamericano uma brigadista internacional que se encontra em Kobane, \u201cem apenas dez minutos, os Estados Unidos poderiam ter varrido com seus bombardeios o Estado Isl\u00e2mico dessas colinas\u201d. Ainda que isto n\u00e3o tenha acontecido, e carecendo a guerrilha de poder de fogo para chegar at\u00e9 o lugar, os ataques das mil\u00edcias permitiram que o EI se retirasse, deixando como saldo 40 mercen\u00e1rios mortos e tr\u00eas capturados.<\/p>\n<p>Abdullah Asya, copresidente do PYD, declarou \u00e0 imprensa que unidades das YPG\/YPJ continuam com algumas opera\u00e7\u00f5es militares contra os mercen\u00e1rios \u201cnos povoados em torno\u201d de Kobane. O primeiro-tenente dos peshmergas, Raed Hassan, tamb\u00e9m confirmou que \u201ckobane est\u00e1 sob o controle curdo agora\u201d. Os peshmergas s\u00e3o as for\u00e7as de seguran\u00e7a sob o controle do governo aut\u00f4nomo do Curdist\u00e3o iraquiano, administrado pelo presidente Masoud Barzani, aliado dos Estados Unidos e da Turquia. Devido \u00e0 press\u00e3o popular nessa regi\u00e3o, meses atr\u00e1s, aceitou enviar algo em torno de mil soldados peshmergas a Kobane, para que combatessem junto \u00e0 guerrilha.<\/p>\n<p>O ass\u00e9dio a Kobane por parte do EI e da Turquia, cujo governo permite a passagem de mercen\u00e1rios por sua fronteira com o norte da S\u00edria, provocou um \u00eaxodo de quase 200.000 pessoas, muitas delas refugiadas da cidade curda de Suru\u00e7, no territ\u00f3rio turco.<\/p>\n<p>H\u00e1 24 horas, na cidade de Kobane, tribulam as bandeiras amarelas com uma estrela vermelha nas colinas e ruas, s\u00edmbolo da guerrilha. Agora nessa regi\u00e3o do Curdist\u00e3o se abrem novas inc\u00f3gnitas ap\u00f3s a sa\u00edda do EI. A posi\u00e7\u00e3o que tomar\u00e1 a Turquia ante a efervesc\u00eancia do povo curdo, reprimido h\u00e1 d\u00e9cadas por esse Estado; a poss\u00edvel transfer\u00eancia das repres\u00e1lias do EI aos cantos de Efrin e Cezire; as decis\u00f5es que tomar\u00e1 a Casa Branca com seus aliados ante esta nova realidade, e a posi\u00e7\u00e3o que o governo s\u00edrio apresentar\u00e1 (se permitir o desenvolvimento da autonomia em Kobane ou sua repress\u00e3o) s\u00e3o algumas interroga\u00e7\u00f5es que surgem entre a urg\u00eancia das not\u00edcias que chegam do Curdist\u00e3o. Interroga\u00e7\u00f5es que, por hoje, ser\u00e3o deixadas de lado para sentir os fogos de artif\u00edcios e gritos de vit\u00f3ria dos povos de Kobane e de todo o Curdist\u00e3o.<\/p>\n<p>Fonte: <a href=\"http:\/\/www.resumenlatinoamericano.org\/?p=8241\" target=\"_blank\">http:\/\/www.resumenlatinoamericano.org\/?p=8241<\/a><\/p>\n<p>Tradu\u00e7\u00e3o: Partido Comunista Brasileiro (PCB)<\/p>\n","protected":false},"excerpt":{"rendered":"\n<a class=\"moretag\" href=\"https:\/\/pcb.org.br\/portal2\/7379\"> <\/a>","protected":false},"author":1,"featured_media":0,"comment_status":"closed","ping_status":"closed","sticky":false,"template":"","format":"standard","meta":{"jetpack_post_was_ever_published":false,"_jetpack_newsletter_access":"","_jetpack_dont_email_post_to_subs":false,"_jetpack_newsletter_tier_id":0,"_jetpack_memberships_contains_paywalled_content":false,"_jetpack_memberships_contains_paid_content":false,"footnotes":"","jetpack_publicize_message":"","jetpack_publicize_feature_enabled":true,"jetpack_social_post_already_shared":false,"jetpack_social_options":{"image_generator_settings":{"template":"highway","default_image_id":0,"font":"","enabled":false},"version":2}},"categories":[9],"tags":[],"class_list":["post-7379","post","type-post","status-publish","format-standard","hentry","category-s10-internacional"],"jetpack_publicize_connections":[],"jetpack_featured_media_url":"","jetpack_shortlink":"https:\/\/wp.me\/p659gw-1V1","jetpack-related-posts":[],"jetpack_likes_enabled":true,"jetpack_sharing_enabled":true,"_links":{"self":[{"href":"https:\/\/pcb.org.br\/portal2\/wp-json\/wp\/v2\/posts\/7379","targetHints":{"allow":["GET"]}}],"collection":[{"href":"https:\/\/pcb.org.br\/portal2\/wp-json\/wp\/v2\/posts"}],"about":[{"href":"https:\/\/pcb.org.br\/portal2\/wp-json\/wp\/v2\/types\/post"}],"author":[{"embeddable":true,"href":"https:\/\/pcb.org.br\/portal2\/wp-json\/wp\/v2\/users\/1"}],"replies":[{"embeddable":true,"href":"https:\/\/pcb.org.br\/portal2\/wp-json\/wp\/v2\/comments?post=7379"}],"version-history":[{"count":0,"href":"https:\/\/pcb.org.br\/portal2\/wp-json\/wp\/v2\/posts\/7379\/revisions"}],"wp:attachment":[{"href":"https:\/\/pcb.org.br\/portal2\/wp-json\/wp\/v2\/media?parent=7379"}],"wp:term":[{"taxonomy":"category","embeddable":true,"href":"https:\/\/pcb.org.br\/portal2\/wp-json\/wp\/v2\/categories?post=7379"},{"taxonomy":"post_tag","embeddable":true,"href":"https:\/\/pcb.org.br\/portal2\/wp-json\/wp\/v2\/tags?post=7379"}],"curies":[{"name":"wp","href":"https:\/\/api.w.org\/{rel}","templated":true}]}}