{"id":7398,"date":"2015-02-08T01:11:07","date_gmt":"2015-02-08T01:11:07","guid":{"rendered":"http:\/\/pcb.org.br\/portal2\/?p=7398"},"modified":"2015-02-08T01:11:07","modified_gmt":"2015-02-08T01:11:07","slug":"pela-retirada-das-tropas-do-haiti-2","status":"publish","type":"post","link":"https:\/\/pcb.org.br\/portal2\/7398","title":{"rendered":"Pela retirada das tropas do Haiti"},"content":{"rendered":"\n<p>Montevid\u00e9u,3 de fevereiro de 2015<\/p>\n<p><strong>ALTA TENS\u00c3O NO HAITI<\/strong><\/p>\n<p><strong>O Haiti est\u00e1 desde segunda-feira, 02 de fevereiro, paralisado por uma greve geral convocada pelos movimentos sociais e a oposi\u00e7\u00e3o pol\u00edtica, que exigem a ren\u00fancia do ditador Martelly e o fim da ocupa\u00e7\u00e3o militar da MINUSTAH<\/strong>. Dita greve foi iniciada hoje pelos motoristas do transporte p\u00fablico, por\u00e9m a tens\u00e3o continua e as atividades banc\u00e1rias, escolares, de transporte, etc., permanecem bastante paralisadas.<\/p>\n<p>O governo concedeu a redu\u00e7\u00e3o do pre\u00e7o dos combust\u00edveis, por\u00e9m o mesmo \u00e9 considerado insuficiente por grande parte dos motoristas aut\u00f4nomos de transporte. As ruas das cidades est\u00e3o semidesertas, continuam as barricadas com pneus presos ao fogo, que dificultam a escassa circula\u00e7\u00e3o. Est\u00e3o convocadas manifesta\u00e7\u00f5es em todo o pa\u00eds.<\/p>\n<p><strong>O sindicato Batay Ouvryer denuncia a tentativa de assassinato de Yannick Etienne, uma de suas principais dirigentes<\/strong>, ao sair de uma negocia\u00e7\u00e3o em uma f\u00e1brica em conflito com o patronato. Atacada com armas brancas e pedras, foi ferida, mas resgatada por seus companheiros a tempo.<\/p>\n<p><strong>J\u00e1 s\u00e3o v\u00e1rios os incidentes protagonizados por desconhecidos, por paramilitares contra militantes sociais, que o governo quer fazer passar como disputas entre grupos rivais.<\/strong><\/p>\n<p>A isso se somam os feridos a balas e outros proj\u00e9teis dos \u00faltimos dias pela pol\u00edcia em manifesta\u00e7\u00f5es pac\u00edficas.<\/p>\n<p>Por todas as reivindica\u00e7\u00f5es pol\u00edticas e sindicais, o Batay Ouvryer convocou uma plen\u00e1ria em frente ao Minist\u00e9rio das Finan\u00e7as.<\/p>\n<p><strong>NO URUGUAI<\/strong><\/p>\n<p>Em 30 de setembro de 2014, o Presidente Mujica recebeu uma delega\u00e7\u00e3o integrada por Adolfo P\u00e9rez Esquivel, Nora Corti\u00f1as, m\u00e3e da Plaza de Mayo (Linha Fundadora), Beverly Keene, do Jubileu Sul, e Henry Boisrolin, do Comit\u00ea Democr\u00e1tico Haitiano, quase um ano depois de declarar que retiraria as tropas em 90 dias caso n\u00e3o ocorressem elei\u00e7\u00f5es no Haiti (29 de outubro de 2013).<\/p>\n<p>Na audi\u00eancia, deixou entrever sua vontade de retirar as tropas antes do fim de seu mandato na Presid\u00eancia da Rep\u00fablica, em mar\u00e7o de 2015, se a situa\u00e7\u00e3o vigente fosse mantida no Haiti.<\/p>\n<p>Em conhecimento da intensa mobiliza\u00e7\u00e3o social e pol\u00edtica no Haiti, com manifesta\u00e7\u00f5es massivas exigindo a ren\u00fancia do ditador Martelly e o aumento da repress\u00e3o, o Poder Executivo acrescentou um inciso, o artigo 3 \u00e0 lei votada em dezembro passado para a renova\u00e7\u00e3o de tropas, que autoriza o Presidente pela retirada total das tropas quando considerar pertinente.<\/p>\n<p>No entanto, de maneira inesperada, quando se concretizou a situa\u00e7\u00e3o como uma ditadura aberta de Martelly pelo Poder Executivo, (Mujica) mudou radicalmente sua posi\u00e7\u00e3o, manifestando que apenas no caso de uma \u201cditadura descarada\u201d sair\u00e1 do Haiti.<\/p>\n<p><strong>N\u00e3o sabemos quantos mortos mais s\u00e3o necess\u00e1rios, quantos presos, viola\u00e7\u00f5es, estupros, massacres para que a ditadura seja \u201cdescarada\u201d.<\/strong><\/p>\n<p><strong>\u00c9 PRECISO SABER<\/strong><\/p>\n<p>* A interven\u00e7\u00e3o neocolonial no Haiti, que existe h\u00e1 100 anos da parte dos EUA, fez retroceder seu processo democr\u00e1tico, promovendo crimes, ditaduras, invas\u00f5es, massacres, explora\u00e7\u00e3o extrema de sua m\u00e3o de obra, provocando estupros, a perda absoluta de sua soberania alimentar e pol\u00edtica.<\/p>\n<p>* A terceiriza\u00e7\u00e3o imperialista, j\u00e1 existente h\u00e1 dez anos, com a participa\u00e7\u00e3o da MINUSTAH, que assume o papel de for\u00e7a de ocupa\u00e7\u00e3o, de pol\u00edcia militar, de repressor do movimento social.<\/p>\n<p><strong>O QUE N\u00c2O SE PODE FAZER<\/strong><\/p>\n<p><strong>* A autodetermina\u00e7\u00e3o do povo haitiano N\u00c3O PODE SER sacrificada, comercializada como barganha para obter cargos e benef\u00edcios econ\u00f4micos mercen\u00e1rios. Esse \u00e9 um comportamento que repudiamos e exigimos mudar em nosso governo. <\/strong>S\u00e3o decis\u00f5es que representam os interesses imperiais e n\u00e3o os do nosso povo.<\/p>\n<p>Estas posturas tamb\u00e9m contradizem as do F\u00f3rum de S\u00e3o Paulo, que acabam de condenar a ocupa\u00e7\u00e3o do Haiti, exigindo a retirada imediata das tropas da MINUSTAH.<\/p>\n<p><strong>ONDE FICOU NOSSA SOBERANIA?<\/strong><\/p>\n<p>O Presidente Mujica declarou que ele segue o Brasil.<\/p>\n<p>O Brasil possui interesses pr\u00f3prios, investimentos privados de membros do governo no Haiti, aproveitando a m\u00e3o de obra quase escrava e o \u201cHaiti for BUSINESS\u201d, posto em pr\u00e1tica por Martelly.<\/p>\n<p>O Brasil integra o CORE GROUP (Grupo Central) com os embaixadores dos EUA, Espanha, Fran\u00e7a, Canad\u00e1, UE e representantes especiais da ONU e da OEA no Haiti. O CORE GROUP emitiu em 12 de janeiro de 2015, dia em que se dissolveu o Parlamento, um comunicado de total apoio a Martelly \u201ccomo presidente constitucional\u201d e o instou a cumprir com o cronograma fixado pela embaixada dos EUA para \u201creinstitucionalizar\u201d o Haiti, organizando as elei\u00e7\u00f5es de 2015.<\/p>\n<p>Perguntamo-nos: por que o Uruguai segue o Brasil em qualquer circunst\u00e2ncia? Em suas aspira\u00e7\u00f5es de subimp\u00e9rio?<\/p>\n<p>\u201c<strong>Perdeu-se a sensibilidade acerca do que representa a soberania\u201d, afirmou, em 2005, o ent\u00e3o deputado Guillermo Chifflet.<\/strong><\/p>\n<p><strong>JOGAM COM AS PALAVRAS E COM A VIDA DO POVO<\/strong><\/p>\n<p>\u00c9 poss\u00edvel esperar de um pseudopresidente acusado de crimes e corrup\u00e7\u00e3o como Martelly, sa\u00eddo de uma fraude, organizar junto a um ex\u00e9rcito de ocupa\u00e7\u00e3o e dirigido in situ pelas pot\u00eancias mundiais \u00e0 espreita para roubar, com sua cumplicidade, o ouro, o ur\u00e2nio, todos os recursos e a vida de trabalhadores haitianos, trabalhadores violados, <strong>\u201celei\u00e7\u00f5es inclusivas, cr\u00edveis e transparentes\u201d <\/strong>como as exigidas?<\/p>\n<p>* As miss\u00f5es de paz como pol\u00edcia mundial militarizada de submiss\u00e3o \u00e0 ordem imperial (o Uruguai com escola inclu\u00edda) n\u00e3o t\u00eam nenhum componente democr\u00e1tico.<\/p>\n<p><strong>O GOVERNO URUGUAIO ATUAL, TODAVIA, AINDA TEM TEMPO DE CUMPRIR COM SUA PALAVRA e acabar imediatamente com esta agress\u00e3o inqualific\u00e1vel contra o povo mais oprimido de toda Nossa Am\u00e9rica.<\/strong><\/p>\n<p>COORDENA\u00c7\u00c3O PELA RETIRADA DAS TROPAS DO HAITI<\/p>\n<p>Fonte: <a href=\"http:\/\/haitinominustah.info\/2015\/02\/03\/uruguay-declaracion-de-la-coordinacion-por-el-retiro-de-las-tropas-de-haiti\/\">http:\/\/haitinominustah.info\/2015\/02\/03\/uruguay-declaracion-de-la-coordinacion-por-el-retiro-de-las-tropas-de-haiti\/<\/a><\/p>\n<p><em><strong>Tradu\u00e7\u00e3o: Partido Comunista Brasileiro (PCB)<\/strong><\/em><\/p>\n","protected":false},"excerpt":{"rendered":"\nUruguai: Declara\u00e7\u00e3o da Coordena\u00e7\u00e3o pela retirada das tropas do Haiti\n<a class=\"moretag\" href=\"https:\/\/pcb.org.br\/portal2\/7398\"> <\/a>","protected":false},"author":1,"featured_media":0,"comment_status":"closed","ping_status":"closed","sticky":false,"template":"","format":"standard","meta":{"jetpack_post_was_ever_published":false,"_jetpack_newsletter_access":"","_jetpack_dont_email_post_to_subs":false,"_jetpack_newsletter_tier_id":0,"_jetpack_memberships_contains_paywalled_content":false,"_jetpack_memberships_contains_paid_content":false,"footnotes":"","jetpack_publicize_message":"","jetpack_publicize_feature_enabled":true,"jetpack_social_post_already_shared":false,"jetpack_social_options":{"image_generator_settings":{"template":"highway","default_image_id":0,"font":"","enabled":false},"version":2}},"categories":[54],"tags":[],"class_list":["post-7398","post","type-post","status-publish","format-standard","hentry","category-c65-lulismo"],"jetpack_publicize_connections":[],"jetpack_featured_media_url":"","jetpack_shortlink":"https:\/\/wp.me\/p659gw-1Vk","jetpack-related-posts":[],"jetpack_likes_enabled":true,"jetpack_sharing_enabled":true,"_links":{"self":[{"href":"https:\/\/pcb.org.br\/portal2\/wp-json\/wp\/v2\/posts\/7398","targetHints":{"allow":["GET"]}}],"collection":[{"href":"https:\/\/pcb.org.br\/portal2\/wp-json\/wp\/v2\/posts"}],"about":[{"href":"https:\/\/pcb.org.br\/portal2\/wp-json\/wp\/v2\/types\/post"}],"author":[{"embeddable":true,"href":"https:\/\/pcb.org.br\/portal2\/wp-json\/wp\/v2\/users\/1"}],"replies":[{"embeddable":true,"href":"https:\/\/pcb.org.br\/portal2\/wp-json\/wp\/v2\/comments?post=7398"}],"version-history":[{"count":0,"href":"https:\/\/pcb.org.br\/portal2\/wp-json\/wp\/v2\/posts\/7398\/revisions"}],"wp:attachment":[{"href":"https:\/\/pcb.org.br\/portal2\/wp-json\/wp\/v2\/media?parent=7398"}],"wp:term":[{"taxonomy":"category","embeddable":true,"href":"https:\/\/pcb.org.br\/portal2\/wp-json\/wp\/v2\/categories?post=7398"},{"taxonomy":"post_tag","embeddable":true,"href":"https:\/\/pcb.org.br\/portal2\/wp-json\/wp\/v2\/tags?post=7398"}],"curies":[{"name":"wp","href":"https:\/\/api.w.org\/{rel}","templated":true}]}}