{"id":7401,"date":"2015-02-08T01:20:44","date_gmt":"2015-02-08T01:20:44","guid":{"rendered":"http:\/\/pcb.org.br\/portal2\/?p=7401"},"modified":"2015-02-08T01:20:44","modified_gmt":"2015-02-08T01:20:44","slug":"israel-prende-meninos-palestinos-em-jaulas-ao-ar-livre","status":"publish","type":"post","link":"https:\/\/pcb.org.br\/portal2\/7401","title":{"rendered":"Israel prende meninos palestinos em jaulas ao ar livre"},"content":{"rendered":"\n<p>Resumen Latinoamericano \/ 06\/02\/2015.- O Comit\u00ea Israelense contra a tortura acaba de revelar um novo esc\u00e2ndalo ap\u00f3s a descoberta de meninos palestinos presos em gaiolas ao ar livre em lugares cercados ou em jaulas durante o inverno.<\/p>\n<p>Este comit\u00ea publicou um informe que provava que as crian\u00e7as suspeitas de delitos menores contra as autoridades de ocupa\u00e7\u00e3o foram mantidas ao relento e sofreram amea\u00e7as regulares de atos violentos ou sexuais. Uma situa\u00e7\u00e3o que pode durar meses.<\/p>\n<p>\u00c9 preciso salientar que se trata exclusivamente de crian\u00e7as palestinas e que nunca nenhuma crian\u00e7a israelense foi submetida a tais pr\u00e1ticas. Al\u00e9m disso, habitualmente as crian\u00e7as s\u00e3o levadas a tribunais militares, independente de quais forem as faltas supostamente cometidas por elas e sem que esteja presente nenhuma representa\u00e7\u00e3o legal.<\/p>\n<p>O Comit\u00ea menciona uma recente visita particularmente chocante dos advogados a uma pris\u00e3o israelense.<\/p>\n<p>\u201cDurante nossa visita a Ramla, que ocorreu no transcurso de uma violenta tempestade, os advogados encontraram detidos que testemunharam que, no meio da noite, dezenas de menores presos foram transferidos para jaulas de a\u00e7o ao relento\u201d. \u201cDescobriu-se que esta pr\u00e1tica dura v\u00e1rios anos e foi confirmada por diversos funcion\u00e1rios\u201d, assinala a ONG.<\/p>\n<p>\u201cA tortura \u00e9 um meio de atacar as formas de funcionamento psicol\u00f3gico e social de um indiv\u00edduo\u201d, diz o Protocolo de Istambul, que acrescenta que \u201ca tortura pode ter um impacto sobre uma crian\u00e7a seja de forma direta ou indireta, seja ao tortur\u00e1-la diretamente ou obrigando-a a presenciar a tortura e a viol\u00eancia com os pais ou outros parentes pr\u00f3ximos\u201d.<\/p>\n<p>A maioria dos meninos palestinos detidos \u00e9 acusada de lan\u00e7ar pedras e 74% afirmam ter sofrido viol\u00eancia f\u00edsica durante a pris\u00e3o, o traslado ou o interrogat\u00f3rio.<\/p>\n<p>O Comit\u00ea Israelense contra a Tortura aponta que Israel \u00e9 o \u00fanico pa\u00eds a julgar sistematicamente meninos em tribunais militares e acrescenta que \u201cnunca nenhum menino israelense entrou em contato com o sistema jur\u00eddico militar\u201d.<\/p>\n<p>Fonte: http:\/\/www.resumenlatinoamericano.org\/?p=8512<\/p>\n<p>Tradu\u00e7\u00e3o: Partido Comunista Brasileiro (PCB)<\/p>\n","protected":false},"excerpt":{"rendered":"\n<a class=\"moretag\" href=\"https:\/\/pcb.org.br\/portal2\/7401\"> <\/a>","protected":false},"author":1,"featured_media":0,"comment_status":"closed","ping_status":"closed","sticky":false,"template":"","format":"standard","meta":{"jetpack_post_was_ever_published":false,"_jetpack_newsletter_access":"","_jetpack_dont_email_post_to_subs":false,"_jetpack_newsletter_tier_id":0,"_jetpack_memberships_contains_paywalled_content":false,"_jetpack_memberships_contains_paid_content":false,"footnotes":"","jetpack_publicize_message":"","jetpack_publicize_feature_enabled":true,"jetpack_social_post_already_shared":false,"jetpack_social_options":{"image_generator_settings":{"template":"highway","default_image_id":0,"font":"","enabled":false},"version":2}},"categories":[38],"tags":[],"class_list":["post-7401","post","type-post","status-publish","format-standard","hentry","category-c43-imperialismo"],"jetpack_publicize_connections":[],"jetpack_featured_media_url":"","jetpack_shortlink":"https:\/\/wp.me\/p659gw-1Vn","jetpack-related-posts":[],"jetpack_likes_enabled":true,"jetpack_sharing_enabled":true,"_links":{"self":[{"href":"https:\/\/pcb.org.br\/portal2\/wp-json\/wp\/v2\/posts\/7401","targetHints":{"allow":["GET"]}}],"collection":[{"href":"https:\/\/pcb.org.br\/portal2\/wp-json\/wp\/v2\/posts"}],"about":[{"href":"https:\/\/pcb.org.br\/portal2\/wp-json\/wp\/v2\/types\/post"}],"author":[{"embeddable":true,"href":"https:\/\/pcb.org.br\/portal2\/wp-json\/wp\/v2\/users\/1"}],"replies":[{"embeddable":true,"href":"https:\/\/pcb.org.br\/portal2\/wp-json\/wp\/v2\/comments?post=7401"}],"version-history":[{"count":0,"href":"https:\/\/pcb.org.br\/portal2\/wp-json\/wp\/v2\/posts\/7401\/revisions"}],"wp:attachment":[{"href":"https:\/\/pcb.org.br\/portal2\/wp-json\/wp\/v2\/media?parent=7401"}],"wp:term":[{"taxonomy":"category","embeddable":true,"href":"https:\/\/pcb.org.br\/portal2\/wp-json\/wp\/v2\/categories?post=7401"},{"taxonomy":"post_tag","embeddable":true,"href":"https:\/\/pcb.org.br\/portal2\/wp-json\/wp\/v2\/tags?post=7401"}],"curies":[{"name":"wp","href":"https:\/\/api.w.org\/{rel}","templated":true}]}}