{"id":7406,"date":"2015-02-09T15:01:26","date_gmt":"2015-02-09T15:01:26","guid":{"rendered":"http:\/\/pcb.org.br\/portal2\/?p=7406"},"modified":"2015-02-09T15:01:26","modified_gmt":"2015-02-09T15:01:26","slug":"zuleide-faria-de-melo-professora-de-marxismo","status":"publish","type":"post","link":"https:\/\/pcb.org.br\/portal2\/7406","title":{"rendered":"ZULEIDE FARIA DE MELO, PROFESSORA DE MARXISMO"},"content":{"rendered":"\n<p>A grande maioria dos comunistas n\u00e3o leu <em>O Capital.<\/em> Mas uma percentagem elevada assimilou as li\u00e7\u00f5es fundamentais do marxismo e aplica esse conhecimento na compreens\u00e3o da realidade social.<\/p>\n<p>O papel dos intelectuais comunistas na transmiss\u00e3o do pensamento de Marx \u00e9 portanto muito importante.<\/p>\n<p>Escrever sobre marxismo \u00e9 dif\u00edcil e falar tamb\u00e9m n\u00e3o \u00e9 f\u00e1cil.<\/p>\n<p>O intermedi\u00e1rio, ao dirigir-se a trabalhadores e a jovens, tem de ser um comunicador muito dotado para que a mensagem seja assimilada.<\/p>\n<p>O franc\u00eas Georges Politzer foi um dos intelectuais comunistas que cumpriu exemplarmente essa tarefa. Contribuiu decisivamente para a difus\u00e3o do marxismo na Europa no in\u00edcio do s\u00e9culo XX.<\/p>\n<p>No Brasil li h\u00e1 meses, oferecido pela autora, um livro, <em>Atualidade do Marxismo,<\/em> que me fez recordar Politzer.<\/p>\n<p>Zuleide Faria de Mello foi presidente do Partido Comunista Brasileiro e lecionou, como professora titular, na Universidade Federal do Rio de Janeiro. Identifico nela aquilo a que Gramsci chamou o intelectual org\u00e2nico.<\/p>\n<p>O livro \u00e9 a transcri\u00e7\u00e3o de uma aula sua na Universidade de Bras\u00edlia em 2003. Em 64 p\u00e1ginas, ela d\u00e1 uma li\u00e7\u00e3o original e cativante sobre marxismo.<\/p>\n<p>Perguntaram um dia a Lenin qual o primeiro dever de um comunista? Respondeu: estudar, estudar, estudar!<\/p>\n<p>Pierre Bourdieu escreveu que o saber de um grande cientista vale muito pouco se ele n\u00e3o souber transmiti-lo.<\/p>\n<p>Zuleide estudou desde menina para transmitir a sucessivas gera\u00e7oes o conhecimento acumulado.<\/p>\n<p>Na sua aula em Bras\u00edlia, dirigindo-se a jovens, para ser convincente na defesa da atualidade de Marx, recorreu a um discurso semeado de met\u00e1foras e exemplos.<\/p>\n<p>Principiou por descer aos materialistas gregos para demonstrar que Dem\u00f3crito e Epicuro foram precursores da dial\u00e9tica. Lembra-nos que Marx colocou a dial\u00e9tica hegeliana \u00abde cabe\u00e7a para baixo\u00bb ao combater a filosofia idealista e formular os princ\u00edpios do materialismo hist\u00f3rico.<\/p>\n<p>Enquanto o objetivo da filosofia alem\u00e3 era a compreens\u00e3o do mundo, a grande tarefa do homem para Marx era a transforma\u00e7\u00e3o do mundo.<\/p>\n<p>Zuleide, did\u00e1tica, em viagem pela aventura humana, arranca da Gr\u00e9cia, dos conceitos de Estado, de democracia (e do seu uso perverso) de povo, de classes, para, em linguagem muito acess\u00edvel, o que \u00e9 a mais valia, o que significa a aliena\u00e7\u00e3o no trabalho. \u00c9 atrav\u00e9s de exemplos, citando Zola e Galeano e recorrendo a filmes bem conhecidos e a telenovelas que desmonta o mecanismo do fetichismo e ilumina as consequ\u00eancias do massacre da publicidade colocada a servi\u00e7o do capital que, de banc\u00e1rio e industrial. passou a especulativo.<\/p>\n<p>Obras de Marx, desde <em>O Capital \u00e0 Ideologia Alem\u00e3,<\/em> passando pela <em>Critica da Economia Pol\u00edtica, <\/em>s\u00e3o repetidamente citadas, para concluir que o grande revolucion\u00e1rio \u00abajuda a pensar a realidade do mundo, a realidade humana, como pensamos o mundo, atuamos no mundo e o reinterpretamos\u00bb.<\/p>\n<p>Os sacerdotes do grande capital acreditaram que o neoliberalismo iria \u00abjogar Marx para fora da Hist\u00f3ria\u00bb.<\/p>\n<p>Ilus\u00e3o. O marxismo, como afirma Zuleide Faria de Mello no seu belo livro, \u00ab\u00e9 absolutamente atual\u00bb.<\/p>\n<p>Vila Nova de Gaia, 3 de Fevereiro de 2015.<\/p>\n","protected":false},"excerpt":{"rendered":"\nMiguel Urbano Rodrigues\n<a class=\"moretag\" href=\"https:\/\/pcb.org.br\/portal2\/7406\"> <\/a>","protected":false},"author":1,"featured_media":0,"comment_status":"closed","ping_status":"closed","sticky":false,"template":"","format":"standard","meta":{"jetpack_post_was_ever_published":false,"_jetpack_newsletter_access":"","_jetpack_dont_email_post_to_subs":false,"_jetpack_newsletter_tier_id":0,"_jetpack_memberships_contains_paywalled_content":false,"_jetpack_memberships_contains_paid_content":false,"footnotes":"","jetpack_publicize_message":"","jetpack_publicize_feature_enabled":true,"jetpack_social_post_already_shared":false,"jetpack_social_options":{"image_generator_settings":{"template":"highway","default_image_id":0,"font":"","enabled":false},"version":2}},"categories":[46],"tags":[],"class_list":["post-7406","post","type-post","status-publish","format-standard","hentry","category-c56-memoria"],"jetpack_publicize_connections":[],"jetpack_featured_media_url":"","jetpack_shortlink":"https:\/\/wp.me\/p659gw-1Vs","jetpack-related-posts":[],"jetpack_likes_enabled":true,"jetpack_sharing_enabled":true,"_links":{"self":[{"href":"https:\/\/pcb.org.br\/portal2\/wp-json\/wp\/v2\/posts\/7406","targetHints":{"allow":["GET"]}}],"collection":[{"href":"https:\/\/pcb.org.br\/portal2\/wp-json\/wp\/v2\/posts"}],"about":[{"href":"https:\/\/pcb.org.br\/portal2\/wp-json\/wp\/v2\/types\/post"}],"author":[{"embeddable":true,"href":"https:\/\/pcb.org.br\/portal2\/wp-json\/wp\/v2\/users\/1"}],"replies":[{"embeddable":true,"href":"https:\/\/pcb.org.br\/portal2\/wp-json\/wp\/v2\/comments?post=7406"}],"version-history":[{"count":0,"href":"https:\/\/pcb.org.br\/portal2\/wp-json\/wp\/v2\/posts\/7406\/revisions"}],"wp:attachment":[{"href":"https:\/\/pcb.org.br\/portal2\/wp-json\/wp\/v2\/media?parent=7406"}],"wp:term":[{"taxonomy":"category","embeddable":true,"href":"https:\/\/pcb.org.br\/portal2\/wp-json\/wp\/v2\/categories?post=7406"},{"taxonomy":"post_tag","embeddable":true,"href":"https:\/\/pcb.org.br\/portal2\/wp-json\/wp\/v2\/tags?post=7406"}],"curies":[{"name":"wp","href":"https:\/\/api.w.org\/{rel}","templated":true}]}}