{"id":7432,"date":"2015-02-14T16:44:40","date_gmt":"2015-02-14T16:44:40","guid":{"rendered":"http:\/\/pcb.org.br\/portal2\/?p=7432"},"modified":"2015-02-14T16:44:40","modified_gmt":"2015-02-14T16:44:40","slug":"depois-de-passar-45-dias-na-prisao-libertaram-malak-al-khatib-a-menina-de-14-anos-que-foi-presa-pelo-exercito-sionista","status":"publish","type":"post","link":"https:\/\/pcb.org.br\/portal2\/7432","title":{"rendered":"Depois de passar 45 dias na pris\u00e3o: LIBERTARAM MALAK AL-KHATIB, A MENINA DE 14 ANOS QUE FOI PRESA PELO EX\u00c9RCITO SIONISTA"},"content":{"rendered":"\n<p>No dia 21 de janeiro, Malak al-Khatib, de 14 anos de idade, foi condenada a 2 meses no c\u00e1rcere israelense. Malak estava presa desde 31 de dezembro de 2014, e sua deten\u00e7\u00e3o foi prolongada em v\u00e1rias ocasi\u00f5es durante esse tempo. Ela \u00e9 acusada de ter \u201catirado pedras\u201d nos soldados de ocupa\u00e7\u00e3o israelense no anel rodovi\u00e1rio de colonos, caminho fechado aos palestinos, pr\u00f3ximo de sua escola.<\/p>\n<p>Sua deten\u00e7\u00e3o foi postergada tr\u00eas vezes desde sua pris\u00e3o. Ela \u00e9 uma das, aproximadamente, 500 a 700 crian\u00e7as palestinas que s\u00e3o detidas e presas pelas for\u00e7as de ocupa\u00e7\u00e3o israelenses a cada ano. A maioria das acusa\u00e7\u00f5es contra as crian\u00e7as palestinas \u00e9 por \u201catirar pedras\u201d.<\/p>\n<p>Algemada e com l\u00e1grimas nos olhos, Malaak al-Khatib, de 14 anos, da aldeia de Beitin, no distrito de Ramallah, foi transferida do tribunal militar israelense Ofer para come\u00e7ar a cumprir os dois meses de condena\u00e7\u00e3o no c\u00e1rcere.<\/p>\n<p>Depois de ficar detida durante 23 dias, Malak foi condenada a dois meses de pris\u00e3o e uma multa de 6000 shekels (US$ 1523), apesar de ter esperan\u00e7a de ser libertada para reunir-se com sua fam\u00edlia, que vive na ang\u00fastia desde sua deten\u00e7\u00e3o em 31 de dezembro de 2014.<\/p>\n<p>Ali al-Khatib, o pai de Malak, antes de sua filha ser detida supostamente sob o pretexto de ter lan\u00e7ado pedras em soldados israelenses no anel rodovi\u00e1rio pr\u00f3ximo de sua escola, disse \u00e0 ag\u00eancia WAFA que estes fatos n\u00e3o tinham ocorrido.<\/p>\n<p>Ele declarou que \u201cela sa\u00eda da escola depois de fazer se \u00faltimo exame do primeiro semestre quando, de repente, os soldados se lan\u00e7aram sobre ela, algemaram suas m\u00e3os e a levaram com eles\u201d.<\/p>\n<p>Supostamente, o conselho militar devia se reunir em 4 de janeiro. No entanto, o tribunal adiou sua audi\u00eancia para 11 de janeiro.<\/p>\n<p>O pai de Malak, Ali, disse aos meios de comunica\u00e7\u00e3o: \u201cN\u00f3s esper\u00e1vamos que fosse na sess\u00e3o de ontem. Est\u00e1vamos otimistas, por\u00e9m a decis\u00e3o do juiz nos surpreendeu. Malak, de repente, rompeu em prantos\u201d.<\/p>\n<p>Recordou o dia da deten\u00e7\u00e3o de Malak: \u201cQuando fui ao centro de deten\u00e7\u00e3o para ver Malak, pensando que era um mal-entendido, os soldados me disseram: \u2018certamente n\u00e3o \u00e9 uma crian\u00e7a. Assustou-nos e amea\u00e7ou a vida de um soldado\u2019\u201d.<\/p>\n<p>A deten\u00e7\u00e3o de Malak se prolongou v\u00e1rias vezes e ela passou em torno de 23 dias esperando sua senten\u00e7a. Nesse momento, o defensor est\u00e1 tentando reduzir a multa, disse brevemente o pai \u00e0 WAFA.<\/p>\n<p>Agora, ela est\u00e1 cumprindo sua condena\u00e7\u00e3o no centro de deten\u00e7\u00e3o de Hasharon com outras tr\u00eas mulheres presas que est\u00e3o, segundo seu pai, cuidando de Malak e apoiando-a emocionalmente.<\/p>\n<p>Malak \u00e9 considerada a prisioneira mais jovem que, atualmente, cumpre uma condena\u00e7\u00e3o nos c\u00e1rceres israelenses. Ela \u00e9 uma das 7.000 crian\u00e7as palestinas que foram detidas desde o in\u00edcio da segunda Intifada em setembro de 2000, muitas dos quais est\u00e3o cumprindo condena\u00e7\u00f5es.<\/p>\n<p>O advogado, Ayed Abu Qutesh, disse \u00e0 WAFA que, apesar do direito internacional permitir a deten\u00e7\u00e3o de menores, esta deve ser sempre a \u00faltima decis\u00e3o a ser tomada por qualquer tribunal ou o estado. Todas as partes interessadas deveriam tentar encontrar outras possibilidades \u00e0 deten\u00e7\u00e3o e ao encarceramento real das crian\u00e7as, como multas e penas alternativas.<\/p>\n<p>A fam\u00edlia de Malak n\u00e3o pode visit\u00e1-la no centro de deten\u00e7\u00e3o. Somente a viu na corte, em 11 de janeiro, pela primeira vez ap\u00f3s sua pris\u00e3o. Ent\u00e3o, seu pai disse que ela se encontrava assustada e angustiada. \u201cDepois de tudo o que ela passou\u2026 Ela s\u00f3 tem 14 anos\u201d, explicou desesperadamente.<\/p>\n<p>De acordo com a Defesa das Crian\u00e7as Internacional Palestina (DCI- Palestina), \u201cIsrael \u00e9 o \u00fanico Estado que, autom\u00e1tica e sistematicamente, processa as crian\u00e7as nos tribunais militares, que carecem de normas b\u00e1sicas do devido processo&#8221;.<\/p>\n<p>Segundo um informe sobre a deten\u00e7\u00e3o de menores por parte de Israel, algo \u201cem torno de 500 a 700 crian\u00e7as palestinas, algumas de t\u00e3o somente 12 anos, s\u00e3o presas e processadas no sistema de deten\u00e7\u00e3o militar israelense a cada ano. A maioria das crian\u00e7as palestinas detidas \u00e9 acusada de \u2018atirar pedras\u2019\u201d.<\/p>\n<p>Um informe da UNICEF chegou \u00e0 conclus\u00e3o de que \u201cos maus tratos sofridos pelas crian\u00e7as palestinas no sistema de deten\u00e7\u00e3o militar israelense parece ser \u2018generalizado, sistem\u00e1tico e institucionalizado\u2019\u201d.<\/p>\n<p>\u201cAo redor de 700 crian\u00e7as palestinas comparecem, por ano, ante ao tribunal militar de Israel\u201d, disse a ONU.<\/p>\n<p>A ONU disse que cerca de 726.000 homens, mulheres e crian\u00e7as palestinos passaram pela corte desde a ocupa\u00e7\u00e3o dos territ\u00f3rios palestinos, em 1967.<\/p>\n<p>Fonte: http:\/\/lavozarmenia.blogspot.com.br\/2015\/02\/despues-de-pasar-45-dias-en-prision.html?utm_source=feedburner&amp;utm_medium=feed&amp;utm_campaign=Feed:+LaVozArmenia+(LA+VOZ+ARMENIA)<\/p>\n<p>Tradu\u00e7\u00e3o: Partido Comunista Brasileiro (PCB)<\/p>\n","protected":false},"excerpt":{"rendered":"\nLA VOZ ARMENIA (RES\u00daMEN LATINOAMERICANO)\n<a class=\"moretag\" href=\"https:\/\/pcb.org.br\/portal2\/7432\"> <\/a>","protected":false},"author":1,"featured_media":0,"comment_status":"closed","ping_status":"closed","sticky":false,"template":"","format":"standard","meta":{"jetpack_post_was_ever_published":false,"_jetpack_newsletter_access":"","_jetpack_dont_email_post_to_subs":false,"_jetpack_newsletter_tier_id":0,"_jetpack_memberships_contains_paywalled_content":false,"_jetpack_memberships_contains_paid_content":false,"footnotes":"","jetpack_publicize_message":"","jetpack_publicize_feature_enabled":true,"jetpack_social_post_already_shared":false,"jetpack_social_options":{"image_generator_settings":{"template":"highway","default_image_id":0,"font":"","enabled":false},"version":2}},"categories":[78],"tags":[],"class_list":["post-7432","post","type-post","status-publish","format-standard","hentry","category-c91-solidariedade-a-palestina"],"jetpack_publicize_connections":[],"jetpack_featured_media_url":"","jetpack_shortlink":"https:\/\/wp.me\/p659gw-1VS","jetpack-related-posts":[],"jetpack_likes_enabled":true,"jetpack_sharing_enabled":true,"_links":{"self":[{"href":"https:\/\/pcb.org.br\/portal2\/wp-json\/wp\/v2\/posts\/7432","targetHints":{"allow":["GET"]}}],"collection":[{"href":"https:\/\/pcb.org.br\/portal2\/wp-json\/wp\/v2\/posts"}],"about":[{"href":"https:\/\/pcb.org.br\/portal2\/wp-json\/wp\/v2\/types\/post"}],"author":[{"embeddable":true,"href":"https:\/\/pcb.org.br\/portal2\/wp-json\/wp\/v2\/users\/1"}],"replies":[{"embeddable":true,"href":"https:\/\/pcb.org.br\/portal2\/wp-json\/wp\/v2\/comments?post=7432"}],"version-history":[{"count":0,"href":"https:\/\/pcb.org.br\/portal2\/wp-json\/wp\/v2\/posts\/7432\/revisions"}],"wp:attachment":[{"href":"https:\/\/pcb.org.br\/portal2\/wp-json\/wp\/v2\/media?parent=7432"}],"wp:term":[{"taxonomy":"category","embeddable":true,"href":"https:\/\/pcb.org.br\/portal2\/wp-json\/wp\/v2\/categories?post=7432"},{"taxonomy":"post_tag","embeddable":true,"href":"https:\/\/pcb.org.br\/portal2\/wp-json\/wp\/v2\/tags?post=7432"}],"curies":[{"name":"wp","href":"https:\/\/api.w.org\/{rel}","templated":true}]}}