{"id":7433,"date":"2015-02-14T16:47:23","date_gmt":"2015-02-14T16:47:23","guid":{"rendered":"http:\/\/pcb.org.br\/portal2\/?p=7433"},"modified":"2015-02-14T16:47:23","modified_gmt":"2015-02-14T16:47:23","slug":"os-vermelhos-da-brigada-prizrak","status":"publish","type":"post","link":"https:\/\/pcb.org.br\/portal2\/7433","title":{"rendered":"Os vermelhos da Brigada Prizrak"},"content":{"rendered":"\n<p>Respondendo ao chamamento internacional para unir-se \u00e0 resist\u00eancia contra o governo golpista de Poroshenko, in\u00fameros volunt\u00e1rios de toda Europa chegaram \u00e0 Donbass em defesa da Nova R\u00fassia. V\u00e1rios deles provenientes de Castela e Catalunha que, depois de passarem pelo Batalh\u00e3o Vostok, decidiram integrar-se na Brigada Prizrak e mais concretamente ao Esquadr\u00e3o Vermelho 404, uma unidade de ideologia comunista.<\/p>\n<p>Conversamos com Sergio, H\u00e9ctor, Miguel e Oriol para conhecer sua nova vida na 404 e as fun\u00e7\u00f5es que desempenham dentro da resist\u00eancia popular de Nova R\u00fassia.<\/p>\n<p>&#8211; \u201cNosso principal objetivo militar \u00e9 n\u00e3o parar at\u00e9 libertarmos o futuro estado da Nova R\u00fassia da esc\u00f3ria fascista. Eles provocaram esta guerra. Quanto aos objetivos pol\u00edticos, nossa principal tarefa \u00e9 contribuir com a constru\u00e7\u00e3o do estado socialista da Nova R\u00fassia, participando ativamente das for\u00e7as e unidades militares revolucion\u00e1rias e comunistas que aqui lutam. A bandeira vermelha voltar\u00e1 a tribular na Europa\u201d.<\/p>\n<p>&#8211; \u201cA presen\u00e7a de comunistas na resist\u00eancia popular \u00e9 muito destacada. Existem duas unidades inteiras de ideologia comunista; uma no batalh\u00e3o Vostok e outra aqui, na Brigada Prizrak. Existe uma grande nostalgia pela Uni\u00e3o Sovi\u00e9tica entre os volunt\u00e1rios que combatem nas mil\u00edcias populares. Desde o colapso da URSS, tudo foi de mal a pior e o povo \u00e9 consciente disso.<\/p>\n<p>Igor Plotnitsky, l\u00edder pol\u00edtico da Rep\u00fablica Popular de Lugansk, \u00e9 de ideologia comunista. Muitos dos comandantes e coron\u00e9is lutam pela constru\u00e7\u00e3o de uma Nova R\u00fassia livre de fascistas e oligarcas\u201d.<\/p>\n<p>&#8211; \u201cA vida nesta unidade \u00e9 similar a das outras unidades: disciplina militar, mesmos hor\u00e1rios e mesmos objetivos para seguir em frente. O que, sem d\u00favida, muda \u00e9 a hierarquia. Aqui, tudo \u00e9 mais igualit\u00e1rio, n\u00e3o existem comandantes. Existe a figura do comiss\u00e1rio pol\u00edtico que se encarrega das a\u00e7\u00f5es, disciplina e moral dos soldados. Al\u00e9m disso, existem dois l\u00edderes; um que se encarrega do treinamento militar quando estamos no quartel e outro que se encarrega de guiar os camaradas que est\u00e3o na frente\u201d.<\/p>\n<p>&#8211; \u201cA luta pela Nova R\u00fassia \u00e9 uma luta contra o fascismo, contra a oligarquia e \u00e9, tamb\u00e9m, uma luta nacional. Luta-se contra os fascistas de Kiev e contra a oligarquia que saqueou a Ucr\u00e2nia p\u00f3s-sovi\u00e9tica. Al\u00e9m disso, \u00e9 tamb\u00e9m uma luta nacional, porque o povo defende sua cultura, seu idioma e sua gente\u201d.<\/p>\n<p>Fonte: <a href=\"http:\/\/www.resumenlatinoamericano.org\/?p=8627\" target=\"_blank\">http:\/\/www.resumenlatinoamericano.org\/?p=8627<\/a><\/p>\n<p>Tradu\u00e7\u00e3o: Partido Comunista Brasileiro (PCB)<\/p>\n<hr \/>\n<p><strong>O caldeir\u00e3o de Debaltsevo: \u00e0 espera do cessar-fogo<\/strong><\/p>\n<p>11 de fevereiro de 2015<\/p>\n<p>Em 11 de fevereiro, as For\u00e7as Armadas da Ucr\u00e2nia n\u00e3o conseguiram libertar o grupo cercado na \u00e1rea de Debaltsevo. Neste momento, \u00e9 poss\u00edvel separar o grupo de Svetlodarsk do grupo de Debaltsevo como dois fatores operativos diferentes.<\/p>\n<p>Uma parte significativa da rodovia M-103 segue sujeita ao fogo da artilharia e do morteiro da mil\u00edcia na zona de Logvinovo, onde a mil\u00edcia come\u00e7ou a fortalecer suas posi\u00e7\u00f5es. Grupos de sabotagem e reconhecimento que trabalham ao longo da rota fornecem controle adicional. A mil\u00edcia come\u00e7ou a minar as zonas de aproxima\u00e7\u00e3o. Nestas condi\u00e7\u00f5es, a comunica\u00e7\u00e3o entre os grupos de Svetlodarsk e Debaltsevo \u00e9 imposs\u00edvel. O caldeir\u00e3o \u00e9 um fato: a artilharia e os contra-ataques da infantaria e blindados se encontram com o controle a base de fogo e das posi\u00e7\u00f5es estrat\u00e9gicas da mil\u00edcia, o que implica uma cat\u00e1strofe para o grupo de Debaltsevo. \u00c9 claro, esta situa\u00e7\u00e3o n\u00e3o est\u00e1 isenta de problemas para a mil\u00edcia, que sofre sob o fogo constante da artilharia ucraniana, ap\u00f3s ter fracassado em sua miss\u00e3o de libertar a zona, o que torna mais dif\u00edcil e perigoso fortificar a zona. Por\u00e9m, apenas trata-se de complica\u00e7\u00f5es.<\/p>\n<p>Ontem j\u00e1 eran evidente os sinais de desintegra\u00e7\u00e3o do comando militar (alguns oficiais simplesmente fogem) e tamb\u00e9m da redu\u00e7\u00e3o da intensidade do fogo da artilharia, sinal de que as for\u00e7as ucranianas tentam economizar muni\u00e7\u00e3o. A moral cair\u00e1 mais rapidamente nas unidades da Guarda Nacional, do Minist\u00e9rio do Interior ou do SBU com maior propor\u00e7\u00e3o de recrutas, o que poderia dar lugar a um maior n\u00famero de prisioneiros de guerra. A defesa se basear\u00e1 nas tropas punitivas mais motivadas (sem incluir a\u00ed o batalh\u00e3o Donbass) e unidades do ex\u00e9rcito que demonstraram sua boa capacidade defensiva desde que se reiniciara a luta em janeiro. Na realidade, s\u00e3o eles que formam a coluna vertebral da resist\u00eancia. \u00c9 preciso n\u00e3o subestimar o inimigo nessas zonas, onde a defesa est\u00e1 nas m\u00e3os de unidades motivadas, que continuar\u00e3o sofrendo baixas, mas que se a pol\u00edtica n\u00e3o intervier, acabar\u00e3o por ser destru\u00eddas.<\/p>\n<p>Em pouco tempo, as posi\u00e7\u00f5es ucranianas deveriam retirar-se at\u00e9 as cidades: uma parte delas deveria ser empurrada at\u00e9 Debaltsevo e as unidades no sudeste, para Olkhovatka. Depois de ter limpado Chernukhino, a mil\u00edcia poderia tentar dividir em dois o grupo cercado, isolando Debaltsevo e Olkhovatka. \u00c0 medida que as for\u00e7as ucranianas come\u00e7arem a notar a escassez de combust\u00edvel e muni\u00e7\u00e3o, a mobilidade e efetividade destas unidades decair\u00e1 e sua defesa acabar\u00e1 por ficar est\u00e1tica, quando as possibilidades de um avan\u00e7o a partir dessa bolsa decair\u00e3o progressivamente.<\/p>\n<p>Certamente, no caso de continuar com a a\u00e7\u00e3o militar, as for\u00e7as ucranianas tentar\u00e3o libertar o grupo na zona de Svetlodarsk e recapturar Nizhnyaya, Lozovaya, Logvinovo e Kalinovka para voltar a estabelecer um corredor at\u00e9 Debaltsevo. Por\u00e9m, essa ideia se complica \u00e0 medida que a mil\u00edcia toma o controle de colinas estrat\u00e9gicas e fortifica posi\u00e7\u00f5es nelas. Esta ideia requer um esfor\u00e7o importante para varrer essas posi\u00e7\u00f5es e a mil\u00edcia demonstrou em Krasny Pakhar e Sanzharovka que n\u00e3o cede facilmente suas posi\u00e7\u00f5es tomadas.<\/p>\n<p>Neste sentido, a op\u00e7\u00e3o alternativa \u00e9 um golpe a Donetsk ou Gorlovka com o objetivo de melhorar a situa\u00e7\u00e3o em Debaltsevo e Svetlodarsk. Ontem, o comando da mil\u00edcia informou que as for\u00e7as ucranianas concentram um n\u00famero significativo de for\u00e7as na zona de Donetsk e que avizinham suas reservas \u00e0 zona. Spartak e Yasinovataya s\u00e3o as dire\u00e7\u00f5es mais prop\u00edcias para um poss\u00edvel ataque. Tendo \u00eaxito, a mil\u00edcia poderia ver-se obrigada a relaxar a press\u00e3o sobre Debaltsevo. Por\u00e9m, at\u00e9 que se produza um ataque, a mil\u00edcia se centrar\u00e1 em liquidar a resist\u00eancia em Debaltsevo, onde al\u00e9m de um n\u00famero significativo de prisioneiros de guerra, se conta um bom n\u00famero de trof\u00e9us.<\/p>\n<p>A tentativa da junta de organizar uma ofensiva de sucesso desde Mariupol como resposta ao cerco de Debaltsevo n\u00e3o deu em nada. O ru\u00eddo midi\u00e1tico, as imagens de popula\u00e7\u00f5es indefesas, perdidas e prisioneiros de guerra mostram que para a junta \u00e9 mais importante a representa\u00e7\u00e3o midi\u00e1tica da guerra que os \u00eaxitos militares em si. Ao final, as tropas punitivas do batalh\u00e3o Azov n\u00e3o conseguir\u00e3o mais que uma duvidosa opera\u00e7\u00e3o de rela\u00e7\u00f5es p\u00fablicas. N\u00e3o \u00e9 previs\u00edvel que isto tenha efeito na situa\u00e7\u00e3o de Debaltsevo. Quanto a essa situa\u00e7\u00e3o, Muzhenko, que chegou a assumir pessoalmente, ter\u00e1 uma dif\u00edcil tarefa mais al\u00e9m de posar para as c\u00e2meras.<\/p>\n<p>Em geral, como \u00e9 habitual, a junta tenta recuperar-se de suas derrotas na frente, disparando contra civis. Mais uma vez, volta a golpear com dureza Donetsk e outras cidades de primeira linha da frente.<\/p>\n<p>Por\u00e9m, o \u201cmundo civilizado\u201d continuar\u00e1 ignorando estas coisas, como faz normalmente.<\/p>\n<p>Em resumo, a situa\u00e7\u00e3o da junta em Debaltsevo \u00e9 desesperadora, assim, claramente, est\u00e1 mais necessitada que as tropas da mil\u00edcia de uma pausa operativa ap\u00f3s a rodada de negocia\u00e7\u00f5es. Apesar das dificuldades e do importante n\u00famero de baixas, a mil\u00edcia conseguiu culminar a longa e dura ofensiva de janeiro com s\u00e9rias vit\u00f3rias operativas na hora de fechar o cerco em torno de Debaltsevo. A ofensiva n\u00e3o esteve isenta de problemas, dos quais se est\u00e1 aprendendo. Mais adiante poderemos discutir a ofensiva de janeiro da mil\u00edcia.<\/p>\n<p>Em caso de se tomar a decis\u00e3o por uma nova \u201ctr\u00e9gua\u201d, esta n\u00e3o entrar\u00e1 em vigor em poucos dias (sexta-feira ou s\u00e1bado). Podemos esperar que as opera\u00e7\u00f5es militares continuem por mais alguns dias at\u00e9 a pausa operativa, quando ambas partes realizar\u00e3o uma avalia\u00e7\u00e3o de suas perdas, curar\u00e3o suas feridas e continuar\u00e3o sua prepara\u00e7\u00e3o para a campanha de primavera, salvo que ocorra algum milagre e se obtenha um compromisso pol\u00edtico que satisfa\u00e7a todas as partes.<\/p>\n<p>Fonte: <a href=\"http:\/\/www.resumenlatinoamericano.org\/?p=8627\" target=\"_blank\">http:\/\/www.resumenlatinoamericano.org\/?p=8627<\/a><\/p>\n<p>Tradu\u00e7\u00e3o: Partido Comunista Brasileiro (PCB)<\/p>\n","protected":false},"excerpt":{"rendered":"\nPor Ibai Trebi\u00f1o\n<a class=\"moretag\" href=\"https:\/\/pcb.org.br\/portal2\/7433\"> <\/a>","protected":false},"author":1,"featured_media":0,"comment_status":"closed","ping_status":"closed","sticky":false,"template":"","format":"standard","meta":{"jetpack_post_was_ever_published":false,"_jetpack_newsletter_access":"","_jetpack_dont_email_post_to_subs":false,"_jetpack_newsletter_tier_id":0,"_jetpack_memberships_contains_paywalled_content":false,"_jetpack_memberships_contains_paid_content":false,"footnotes":"","jetpack_publicize_message":"","jetpack_publicize_feature_enabled":true,"jetpack_social_post_already_shared":false,"jetpack_social_options":{"image_generator_settings":{"template":"highway","default_image_id":0,"font":"","enabled":false},"version":2}},"categories":[125],"tags":[],"class_list":["post-7433","post","type-post","status-publish","format-standard","hentry","category-c138-ucrania"],"jetpack_publicize_connections":[],"jetpack_featured_media_url":"","jetpack_shortlink":"https:\/\/wp.me\/p659gw-1VT","jetpack-related-posts":[],"jetpack_likes_enabled":true,"jetpack_sharing_enabled":true,"_links":{"self":[{"href":"https:\/\/pcb.org.br\/portal2\/wp-json\/wp\/v2\/posts\/7433","targetHints":{"allow":["GET"]}}],"collection":[{"href":"https:\/\/pcb.org.br\/portal2\/wp-json\/wp\/v2\/posts"}],"about":[{"href":"https:\/\/pcb.org.br\/portal2\/wp-json\/wp\/v2\/types\/post"}],"author":[{"embeddable":true,"href":"https:\/\/pcb.org.br\/portal2\/wp-json\/wp\/v2\/users\/1"}],"replies":[{"embeddable":true,"href":"https:\/\/pcb.org.br\/portal2\/wp-json\/wp\/v2\/comments?post=7433"}],"version-history":[{"count":0,"href":"https:\/\/pcb.org.br\/portal2\/wp-json\/wp\/v2\/posts\/7433\/revisions"}],"wp:attachment":[{"href":"https:\/\/pcb.org.br\/portal2\/wp-json\/wp\/v2\/media?parent=7433"}],"wp:term":[{"taxonomy":"category","embeddable":true,"href":"https:\/\/pcb.org.br\/portal2\/wp-json\/wp\/v2\/categories?post=7433"},{"taxonomy":"post_tag","embeddable":true,"href":"https:\/\/pcb.org.br\/portal2\/wp-json\/wp\/v2\/tags?post=7433"}],"curies":[{"name":"wp","href":"https:\/\/api.w.org\/{rel}","templated":true}]}}