{"id":7434,"date":"2015-02-14T16:50:47","date_gmt":"2015-02-14T16:50:47","guid":{"rendered":"http:\/\/pcb.org.br\/portal2\/?p=7434"},"modified":"2015-02-14T16:50:47","modified_gmt":"2015-02-14T16:50:47","slug":"mobilizacao-feminista-em-montevideu","status":"publish","type":"post","link":"https:\/\/pcb.org.br\/portal2\/7434","title":{"rendered":"Mobiliza\u00e7\u00e3o feminista em Montevid\u00e9u"},"content":{"rendered":"\n<p>Ante um novo femic\u00eddio, o quinto do ano, Feministas em alerta e nas ruas convocaram um ato com mobiliza\u00e7\u00e3o no centro de Montevid\u00e9u para repudiar a viol\u00eancia machista e os reiterados assassinatos de mulheres. Por rebelArte<\/p>\n<p>MACHISMO MATA<\/p>\n<p>Na segunda-feira, \u00e0s 19 horas, centenas de mulheres e homens concentraram na Plaza Independencia para repudiar o novo femic\u00eddio e exigir justi\u00e7a.<\/p>\n<p>Com panelas, cartazes, buzinas e gritos ao c\u00e9u, marcharam para a Plaza Libertad, onde terminaram mais uma manifesta\u00e7\u00e3o. As feministas em alerta e nas ruas tomaram o centro da cidade como em cada vez que um femic\u00eddio ocorre no Uruguai. Para romper com a indiferen\u00e7a, mas tamb\u00e9m para dizer e exigir justi\u00e7a.<\/p>\n<p>Compartilhamos o comunicado:<\/p>\n<p>SE TOCAM EM UMA, TOCAM EM TODAS!<\/p>\n<p>Horror, dor, raiva, impot\u00eancia\u2026 Na sexta-feira, 30 de janeiro, a viol\u00eancia machista acabou com a vida de outra das nossas, desta vez em Tacuaremb\u00f3, e nos voltamos \u00e0s ruas para gritar:<\/p>\n<p>SE TOCAM EM UMA, TOCAM EM TODAS!<\/p>\n<p>Cinco femic\u00eddios no primeiro m\u00eas do ano. Cinco mulheres assassinadas por homens com o quais mantinham ou mantiveram algum tipo de rela\u00e7\u00e3o.<\/p>\n<p>Nesta ocasi\u00e3o, a v\u00edtima foi uma adolescente de 15 anos. Pouco sabemos dela, no entanto n\u00e3o importa se ia ao col\u00e9gio ou aonde fosse, se vestia saia curta ou longa, se sa\u00eda de noite ou de dia, se o decote era mais ou menos pronunciado.<\/p>\n<p>Todos esses coment\u00e1rios desviam a aten\u00e7\u00e3o sobre as verdadeiras causas do problema. Julga-se a v\u00edtima e, assim, a mesma \u00e9 convertida em principal suspeita de sua pr\u00f3pria morte. BASTA DE VIOL\u00caNCIAS!<\/p>\n<p>Isto n\u00e3o \u00e9 um \u201cdrama passional\u201d. \u00c9 o femic\u00eddio de uma adolescente por parte de um homem adulto, \u00fanico respons\u00e1vel de manter uma rela\u00e7\u00e3o desigual e violenta com uma jovem.<\/p>\n<p>Neste sistema em que inserem as mulheres no lugar de objetos sexuais, as meninas e adolescentes s\u00e3o especialmente vulner\u00e1veis.<\/p>\n<p>S\u00e3o consideradas \u201cnaturais\u201d as rela\u00e7\u00f5es desiguais entre homens e mulheres. \u00c9 compreendida e justificada ao homem adulto que mant\u00e9m uma rela\u00e7\u00e3o com uma adolescente. Assim, se julga, acusa, difama e suspeita da v\u00edtima.<\/p>\n<p>As adolescentes est\u00e3o em uma etapa vital de transi\u00e7\u00e3o da inf\u00e2ncia para a vida adulta que merece uma prote\u00e7\u00e3o especial de todas as dimens\u00f5es de sua vida, inclu\u00eddas as rela\u00e7\u00f5es afetivas e sexuais.<\/p>\n<p>Queremos uma sociedade onde as adolescentes possam viver livres de rela\u00e7\u00f5es nas quais a desigualdade, o machismo e o poder do adulto, as colocam em um lugar de extrema vulnerabilidade.<\/p>\n<p>Queremos uma sociedade onde as adolescentes sejam protegidas e possam viver as experi\u00eancias da vida adulta seguras, livres e sem abusos de poder por motivos de g\u00eanero e gera\u00e7\u00f5es.<\/p>\n<p>N\u00e3o existem desculpas, os adultos s\u00e3o os \u00fanicos respons\u00e1veis. N\u00e3o s\u00e3o enfermos, n\u00e3o s\u00e3o desviados, nem enganados. S\u00c3O FILHOS S\u00c3OS DO PATRIARCADO.<\/p>\n<p>Chamamos a sociedade em seu conjunto para somar-se dia a dia, em sua vida cotidiana, ao rep\u00fadio a todo tipo de viol\u00eancia contra meninas, adolescentes e mulheres.<\/p>\n<p>Necessitamos mudan\u00e7as na educa\u00e7\u00e3o, no trabalho, nas casas, para que nenhuma mulher, NUNCA MAIS, sofra ass\u00e9dio nas ruas, abuso sexual, espancamentos ou insultos em casa, discrimina\u00e7\u00e3o, explora\u00e7\u00e3o sexual, \u201cmanipula\u00e7\u00e3o\u201d, ass\u00e9dio cibern\u00e9tico&#8230; todas elas fruto do cultivo da express\u00e3o mais grave da viol\u00eancia de g\u00eanero: o femic\u00eddio.<\/p>\n<p>Exigimos do Estado medidas concretas, recursos, alternativas reais para sair da espiral violenta, legisla\u00e7\u00e3o que aborde e responda de forma integral e espec\u00edfica ao conjunto de viol\u00eancias machistas, das quais s\u00e3o v\u00edtimas as meninas, adolescentes e mulheres.<\/p>\n<p>NEM UMA MULHER MENOS! NEM UMA MORTA MAIS!<\/p>\n<p>QUEREMOS UMA VIDA LIVRE DE MEDOS.<\/p>\n<p>QUEREMOS UMA VIDA LIVRE DE VIOL\u00caNCIAS MACHISTAS.<\/p>\n<p>SE TOCAM EM UMA, TOCAM EM TODAS.<\/p>\n<p>Feministas em Alerta e nas Ruas<\/p>\n<p>Fotografias por Chinita, Luci\u00e9rnaga<\/p>\n<p>Licen\u00e7a: Creative Commons Atribuci\u00f3n &#8211; NoComercial 2.5<\/p>\n<p>Cobertura completa em fotos: Machismo mata Mobiliza\u00e7\u00e3o feminista em Montevid\u00e9u<\/p>\n<p>Fonte: http:\/\/www.anred.org\/spip.php?article9257<\/p>\n<p>Tradu\u00e7\u00e3o: Partido Comunista Brasileiro (PCB)<\/p>\n","protected":false},"excerpt":{"rendered":"\n<a class=\"moretag\" href=\"https:\/\/pcb.org.br\/portal2\/7434\"> <\/a>","protected":false},"author":1,"featured_media":0,"comment_status":"closed","ping_status":"closed","sticky":false,"template":"","format":"standard","meta":{"jetpack_post_was_ever_published":false,"_jetpack_newsletter_access":"","_jetpack_dont_email_post_to_subs":false,"_jetpack_newsletter_tier_id":0,"_jetpack_memberships_contains_paywalled_content":false,"_jetpack_memberships_contains_paid_content":false,"footnotes":"","jetpack_publicize_message":"","jetpack_publicize_feature_enabled":true,"jetpack_social_post_already_shared":false,"jetpack_social_options":{"image_generator_settings":{"template":"highway","default_image_id":0,"font":"","enabled":false},"version":2}},"categories":[20],"tags":[],"class_list":["post-7434","post","type-post","status-publish","format-standard","hentry","category-c1-popular"],"jetpack_publicize_connections":[],"jetpack_featured_media_url":"","jetpack_shortlink":"https:\/\/wp.me\/p659gw-1VU","jetpack-related-posts":[],"jetpack_likes_enabled":true,"jetpack_sharing_enabled":true,"_links":{"self":[{"href":"https:\/\/pcb.org.br\/portal2\/wp-json\/wp\/v2\/posts\/7434","targetHints":{"allow":["GET"]}}],"collection":[{"href":"https:\/\/pcb.org.br\/portal2\/wp-json\/wp\/v2\/posts"}],"about":[{"href":"https:\/\/pcb.org.br\/portal2\/wp-json\/wp\/v2\/types\/post"}],"author":[{"embeddable":true,"href":"https:\/\/pcb.org.br\/portal2\/wp-json\/wp\/v2\/users\/1"}],"replies":[{"embeddable":true,"href":"https:\/\/pcb.org.br\/portal2\/wp-json\/wp\/v2\/comments?post=7434"}],"version-history":[{"count":0,"href":"https:\/\/pcb.org.br\/portal2\/wp-json\/wp\/v2\/posts\/7434\/revisions"}],"wp:attachment":[{"href":"https:\/\/pcb.org.br\/portal2\/wp-json\/wp\/v2\/media?parent=7434"}],"wp:term":[{"taxonomy":"category","embeddable":true,"href":"https:\/\/pcb.org.br\/portal2\/wp-json\/wp\/v2\/categories?post=7434"},{"taxonomy":"post_tag","embeddable":true,"href":"https:\/\/pcb.org.br\/portal2\/wp-json\/wp\/v2\/tags?post=7434"}],"curies":[{"name":"wp","href":"https:\/\/api.w.org\/{rel}","templated":true}]}}