{"id":7438,"date":"2015-02-17T01:37:35","date_gmt":"2015-02-17T01:37:35","guid":{"rendered":"http:\/\/pcb.org.br\/portal2\/?p=7438"},"modified":"2015-02-17T01:37:35","modified_gmt":"2015-02-17T01:37:35","slug":"convocamos-a-urgente-solidariedade-a-venezuela-bolivariana","status":"publish","type":"post","link":"https:\/\/pcb.org.br\/portal2\/7438","title":{"rendered":"Convocamos a urgente solidariedade \u00e0 Venezuela Bolivariana"},"content":{"rendered":"\n<p>Novamente a ultradireita opositora ao processo revolucion\u00e1rio tentou dar um golpe na Venezuela Bolivariana. Desta vez, a conspira\u00e7\u00e3o olig\u00e1rquica monitorada por Washington, pretendia n\u00e3o apenas gerar um cen\u00e1rio de desestabiliza\u00e7\u00e3o. Seu objetivo principal consistia em assassinar o presidente Nicol\u00e1s Maduro, mediante o bombardeio de um ato de massas no qual ele estaria presente.<\/p>\n<p>Os fatos denunciados pelo pr\u00f3prio Maduro s\u00e3o muito graves, j\u00e1 que na intentona estavam comprometidos alguns militares traidores do mandato revolucion\u00e1rio e do pr\u00f3prio povo venezuelano. Os organismos populares de intelig\u00eancia e autodefesa, em conjunto com a f\u00e9rrea unidade c\u00edvico-militar, felizmente conseguiram abortar esta manobra criminosa. No entanto, isto n\u00e3o significa que n\u00e3o voltar\u00e3o a tentar.<\/p>\n<p>N\u00e3o \u00e9 coincid\u00eancia que os ataques \u201cmade in USA\u201d tenham se fortalecido a partir de 02 de fevereiro passado, com o an\u00fancio de novas san\u00e7\u00f5es por parte do Senado norte-americano e tenham prosseguido em 08 do mesmo m\u00eas, quando o general Vincent Stewart, diretor da Ag\u00eancia de Intelig\u00eancia do Departamento de Defesa nos EUA, antecipou, em uma apari\u00e7\u00e3o ante a Comiss\u00e3o de Assuntos Militares da C\u00e2mara norte-americana de Representantes, que a Venezuela enfrentar\u00e1 \u201cprotestos massivos\u201d nos meses pr\u00e9vios \u00e0s elei\u00e7\u00f5es legislativas previstas para este ano.<\/p>\n<p>Tampouco surpreende que o \u201coperativo de desgaste\u201d inclu\u00eda para todos esses meses a guerra econ\u00f4mica, organizada por uma burguesia parasit\u00e1ria, que provoca de imediato: desabastecimento (a uma escala lim\u00edtrofe na criminalidade), especula\u00e7\u00e3o financeira com o d\u00f3lar como carro-chefe e a amea\u00e7a latente de novos e violentos protestos, pr\u00e9-anunciados pelas redes. Escondendo esse cen\u00e1rio, joga um papel fundamental no terrorismo midi\u00e1tico nacional e internacional, falseando a realidade.<\/p>\n<p>Frente a este panorama que n\u00e3o s\u00f3 afeta a Venezuela, mas a cada um dos pa\u00edses do continente que enfrentam a prepot\u00eancia e as receitas intervencionistas patrocinadas pelos Estados Unidos, os abaixo-assinados consideram que se faz necess\u00e1rio aumentar a solidariedade latino-americana e caribenha com a Venezuela Bolivariana.<\/p>\n<p>N\u00e3o \u00e9 tempo de olhar para tr\u00e1s nem de esperar que as tentativas involucionistas continuem desenvolvendo-se. \u00c9 preciso mobilizar-se unitariamente, deixando de lado as mesquinharias e os sectarismos, para exercer com maior for\u00e7a uma mobiliza\u00e7\u00e3o continental contra o fascismo e a ofensiva imperialista que o cont\u00e9m como ideologia.<\/p>\n<p>&#8211; Defendemos a Revolu\u00e7\u00e3o Bolivariana de qualquer ataque imperialista!<\/p>\n<p>&#8211; Se tocam em um, tocam em todos!<\/p>\n<p>&#8211; Independ\u00eancia e P\u00e1tria Socialista. Venceremos!<\/p>\n<p>Carlos Azn\u00e1rez e Vicente Zito Lema (Resumen Latinoamericano)<\/p>\n<p>Atilio Bor\u00f3n (polit\u00f3logo, escritor)<\/p>\n<p>Roberto Perd\u00eda e Facundo Guill\u00e9n (Organizaciones Libres del Pueblo)<\/p>\n<p>Lito Borello (Organizaci\u00f3n Social y Pol\u00edtica Los Pibes)<\/p>\n<p>Norman Briski (ator e dramaturgo)<\/p>\n<p>Stella Calloni (periodista, escritora)<\/p>\n<p>H\u00e9ctor Carrica (Departamento de Direitos Humanos do ATE)<\/p>\n<p>La Sim\u00f3n Bol\u00edvar<\/p>\n<p>Patria Grande<\/p>\n<p>Armando Jaime<\/p>\n<p>Fernando Esteche (Movimiento Patri\u00f3tico Revolucionario Quebracho)<\/p>\n<p>Frente Popular Dar\u00edo Santill\u00e1n<\/p>\n<p>Guillermo Caviasca (Encuentro antiimperialista)<\/p>\n<p>Natalia Vinelli (BarricadaTV)<\/p>\n<p>Roberto Fornari (MULCS)<\/p>\n<p>Mar\u00eda Torrellas (documentarista)<\/p>\n<p>Graciela R\u00edos (CD ATE Nacional)<\/p>\n<p>Gladys Quiroga (Grupo Or\u00e1n e Resumen Latinoamericano)<\/p>\n<p>Anita Prestes (professora &#8211; Brasil)<\/p>\n<p>Ivan Pinheiro (PC Brasileiro &#8211; PCB)<\/p>\n<p>Associe-se com sua assinatura em: resumenrebel@gmail.com<\/p>\n<p>Fonte: http:\/\/www.resumenlatinoamericano.org\/2015\/02\/14\/frente-a-la-reciente-intentona-golpista-convocamos-a-la-urgente-solidaridad-con-venezuela-bolivariana\/<\/p>\n<p>Tradu\u00e7\u00e3o: Partido Comunista Brasileiro (PCB)<\/p>\n","protected":false},"excerpt":{"rendered":"\n<a class=\"moretag\" href=\"https:\/\/pcb.org.br\/portal2\/7438\"> <\/a>","protected":false},"author":1,"featured_media":0,"comment_status":"closed","ping_status":"closed","sticky":false,"template":"","format":"standard","meta":{"jetpack_post_was_ever_published":false,"_jetpack_newsletter_access":"","_jetpack_dont_email_post_to_subs":false,"_jetpack_newsletter_tier_id":0,"_jetpack_memberships_contains_paywalled_content":false,"_jetpack_memberships_contains_paid_content":false,"footnotes":"","jetpack_publicize_message":"","jetpack_publicize_feature_enabled":true,"jetpack_social_post_already_shared":false,"jetpack_social_options":{"image_generator_settings":{"template":"highway","default_image_id":0,"font":"","enabled":false},"version":2}},"categories":[45],"tags":[],"class_list":["post-7438","post","type-post","status-publish","format-standard","hentry","category-c54-venezuela"],"jetpack_publicize_connections":[],"jetpack_featured_media_url":"","jetpack_shortlink":"https:\/\/wp.me\/p659gw-1VY","jetpack-related-posts":[],"jetpack_likes_enabled":true,"jetpack_sharing_enabled":true,"_links":{"self":[{"href":"https:\/\/pcb.org.br\/portal2\/wp-json\/wp\/v2\/posts\/7438","targetHints":{"allow":["GET"]}}],"collection":[{"href":"https:\/\/pcb.org.br\/portal2\/wp-json\/wp\/v2\/posts"}],"about":[{"href":"https:\/\/pcb.org.br\/portal2\/wp-json\/wp\/v2\/types\/post"}],"author":[{"embeddable":true,"href":"https:\/\/pcb.org.br\/portal2\/wp-json\/wp\/v2\/users\/1"}],"replies":[{"embeddable":true,"href":"https:\/\/pcb.org.br\/portal2\/wp-json\/wp\/v2\/comments?post=7438"}],"version-history":[{"count":0,"href":"https:\/\/pcb.org.br\/portal2\/wp-json\/wp\/v2\/posts\/7438\/revisions"}],"wp:attachment":[{"href":"https:\/\/pcb.org.br\/portal2\/wp-json\/wp\/v2\/media?parent=7438"}],"wp:term":[{"taxonomy":"category","embeddable":true,"href":"https:\/\/pcb.org.br\/portal2\/wp-json\/wp\/v2\/categories?post=7438"},{"taxonomy":"post_tag","embeddable":true,"href":"https:\/\/pcb.org.br\/portal2\/wp-json\/wp\/v2\/tags?post=7438"}],"curies":[{"name":"wp","href":"https:\/\/api.w.org\/{rel}","templated":true}]}}