{"id":7440,"date":"2015-02-20T13:06:10","date_gmt":"2015-02-20T13:06:10","guid":{"rendered":"http:\/\/pcb.org.br\/portal2\/?p=7440"},"modified":"2015-02-20T13:06:10","modified_gmt":"2015-02-20T13:06:10","slug":"jornalistas-sao-vitimas-de-violencia-crescente-na-colombia","status":"publish","type":"post","link":"https:\/\/pcb.org.br\/portal2\/7440","title":{"rendered":"Jornalistas s\u00e3o v\u00edtimas de viol\u00eancia crescente na Col\u00f4mbia"},"content":{"rendered":"\n<p><strong>Adital<\/strong><\/p>\n<p><em>Jornalistas s\u00e3o alvos de amea\u00e7as constantes de grupos do narcotr\u00e1fico.<\/em><\/p>\n<p>O relat\u00f3rio anual, Viola\u00e7\u00f5es \u00e0 Liberdade de Imprensa e o Direito \u00e0 Comunica\u00e7\u00e3o, publicado pela Federa\u00e7\u00e3o Colombiana de Jornalistas (Fecolper), revela n\u00fameros preocupantes para os profissionais de comunica\u00e7\u00e3o na Col\u00f4mbia. Em 2014, foram 184 v\u00edtimas de viol\u00eancia, um aumento de 20 casos em rela\u00e7\u00e3o a 2013. O pa\u00eds tem se configurado como um espa\u00e7o cr\u00edtico para a atividade de imprensa, sob press\u00e3o e persegui\u00e7\u00e3o de grupos do narcotr\u00e1fico e pela omiss\u00e3o do Estado.<\/p>\n<p><img decoding=\"async\" class=\"imagem100\" src=\"https:\/\/ci5.googleusercontent.com\/proxy\/CMauvAQDxN9MTd1LuKnU94AlpSnunzdMtuaU6hUHUjO5wAsBL5QaesTJ1HfP92t3coNpa3TBmayQ64ApfbtkIc1p0Ps4s_BiSXY_ZiBSrM0ZhAvUxa9KSAU3HHmqMg=s0-d-e1-ft#http:\/\/www.adital.com.br\/arquivos2\/2015_02_quadro-agressoes_fecolper.jpg\" border=\"0\" \/><\/p>\n<p><em>Em 42,5% dos casos a amea\u00e7a \u00e9 a principal forma de agress\u00e3o.<\/em><\/p>\n<p>Das 146 agress\u00f5es registradas, em 42,5% dos casos, a amea\u00e7a \u00e9 a principal forma de viol\u00eancia, seguida de agress\u00f5es f\u00edsicas ou verbais (22,6%). A capital Bogot\u00e1 \u00e9 a regi\u00e3o mais insegura para o exerc\u00edcio da profiss\u00e3o com 24% dos casos, \u00e0 frente de Antioquia (13%) e Valle del Cauca (8%).<\/p>\n<p>O estudo revela que 75% das v\u00edtimas s\u00e3o homens. E 21,2% dos respons\u00e1veis pela viol\u00eancia s\u00e3o as For\u00e7as P\u00fablicas. Servidores p\u00fablicos aparecem em 11% como autores de agress\u00e3o. Os meios de comunica\u00e7\u00e3o privados s\u00e3o os mais atingidos (80,2%).<\/p>\n<p><img decoding=\"async\" class=\"imagem100\" src=\"https:\/\/ci5.googleusercontent.com\/proxy\/CMauvAQDxN9MTd1LuKnU94AlpSnunzdMtuaU6hUHUjO5wAsBL5QaesTJ1HfP92t3coNpa3TBmayQ64ApfbtkIc1p0Ps4s_BiSXY_ZiBSrM0ZhAvUxa9KSAU3HHmqMg=s0-d-e1-ft#http:\/\/www.adital.com.br\/arquivos2\/2015_02_quadro-agressoes_fecolper.jpg\" border=\"0\" \/><\/p>\n<p><em>For\u00e7as P\u00fablicas e Servidores p\u00fablicos somados representam 32,2% dos agressores<\/em>.<\/p>\n<p>No in\u00edcio de dezembro de 2014, o grupo paramilitar Bloque Capital \u2013 \u00c1guilas Negras, por meio de panfletos, amea\u00e7ou jornalistas do Canal Capital, cadeia Telesur e da ag\u00eancia Rep\u00f3rteres Sem Fronteiras. Jornalistas da equipe Not\u00edcias Uno tamb\u00e9m sofreram amea\u00e7as e um alerta de bomba contra o edif\u00edcio da Revista Semana chegou a ser registrado ano passado. 38 jornalistas, defensores de direitos humanos e funcion\u00e1rios administrativos do departamento de Atl\u00e1ntico e Magdalena tiveram seus nomes amea\u00e7ados em um panfleto an\u00f4nimo. A Defensoria P\u00fablica solicitou medidas de prote\u00e7\u00e3o para essas pessoas.<\/p>\n<p>Para a Fecolper, parece uma estrat\u00e9gia articulada de estigmatiza\u00e7\u00e3o e persegui\u00e7\u00e3o que tem amea\u00e7ado gravemente comunicadores colombianos e a liberdade de express\u00e3o no pa\u00eds. Den\u00fancias revelam que grupos do narcotr\u00e1fico operam em coniv\u00eancia com pol\u00edticos locais, impedindo coberturas jornal\u00edsticas sobre corrup\u00e7\u00e3o governamental, por exemplo. Jornalistas reclamam que a capacidade de prote\u00e7\u00e3o do Estado diminuiu devido aos poucos recursos econ\u00f4micos atuais para proteger o alto n\u00famero de pessoas amea\u00e7adas. O programa de prote\u00e7\u00e3o do pa\u00eds para jornalistas oferece coletes \u00e0 prova de balas, apoios de transporte e subs\u00eddios para realoca\u00e7\u00e3o tempor\u00e1ria, mas essas medidas n\u00e3o eliminam o risco.<\/p>\n<p><em><strong>*Cristina Fontenele,<\/strong> estudante de Jornalismo pela Faculdades Cearenses (FAC), publicit\u00e1ria e Especialista em Gest\u00e3o de Marketing pela Funda\u00e7\u00e3o DomCabral (FDC\/MG).<\/em><\/p>\n","protected":false},"excerpt":{"rendered":"Cristina Fontenele*\n<a class=\"moretag\" href=\"https:\/\/pcb.org.br\/portal2\/7440\"> <\/a>","protected":false},"author":1,"featured_media":0,"comment_status":"closed","ping_status":"closed","sticky":false,"template":"","format":"standard","meta":{"jetpack_post_was_ever_published":false,"_jetpack_newsletter_access":"","_jetpack_dont_email_post_to_subs":false,"_jetpack_newsletter_tier_id":0,"_jetpack_memberships_contains_paywalled_content":false,"_jetpack_memberships_contains_paid_content":false,"footnotes":"","jetpack_publicize_message":"","jetpack_publicize_feature_enabled":true,"jetpack_social_post_already_shared":false,"jetpack_social_options":{"image_generator_settings":{"template":"highway","default_image_id":0,"font":"","enabled":false},"version":2}},"categories":[34],"tags":[],"class_list":["post-7440","post","type-post","status-publish","format-standard","hentry","category-c39-colombia"],"jetpack_publicize_connections":[],"jetpack_featured_media_url":"","jetpack_shortlink":"https:\/\/wp.me\/p659gw-1W0","jetpack-related-posts":[],"jetpack_likes_enabled":true,"jetpack_sharing_enabled":true,"_links":{"self":[{"href":"https:\/\/pcb.org.br\/portal2\/wp-json\/wp\/v2\/posts\/7440","targetHints":{"allow":["GET"]}}],"collection":[{"href":"https:\/\/pcb.org.br\/portal2\/wp-json\/wp\/v2\/posts"}],"about":[{"href":"https:\/\/pcb.org.br\/portal2\/wp-json\/wp\/v2\/types\/post"}],"author":[{"embeddable":true,"href":"https:\/\/pcb.org.br\/portal2\/wp-json\/wp\/v2\/users\/1"}],"replies":[{"embeddable":true,"href":"https:\/\/pcb.org.br\/portal2\/wp-json\/wp\/v2\/comments?post=7440"}],"version-history":[{"count":0,"href":"https:\/\/pcb.org.br\/portal2\/wp-json\/wp\/v2\/posts\/7440\/revisions"}],"wp:attachment":[{"href":"https:\/\/pcb.org.br\/portal2\/wp-json\/wp\/v2\/media?parent=7440"}],"wp:term":[{"taxonomy":"category","embeddable":true,"href":"https:\/\/pcb.org.br\/portal2\/wp-json\/wp\/v2\/categories?post=7440"},{"taxonomy":"post_tag","embeddable":true,"href":"https:\/\/pcb.org.br\/portal2\/wp-json\/wp\/v2\/tags?post=7440"}],"curies":[{"name":"wp","href":"https:\/\/api.w.org\/{rel}","templated":true}]}}