{"id":7451,"date":"2015-02-24T14:02:44","date_gmt":"2015-02-24T14:02:44","guid":{"rendered":"http:\/\/pcb.org.br\/portal2\/?p=7451"},"modified":"2015-02-24T14:02:44","modified_gmt":"2015-02-24T14:02:44","slug":"ex-comandante-da-otan-revela-que-o-estado-islamico-foi-criado-por-washington-e-seus-aliados","status":"publish","type":"post","link":"https:\/\/pcb.org.br\/portal2\/7451","title":{"rendered":"Ex-comandante da OTAN revela que o Estado Isl\u00e2mico foi criado por Washington e seus aliados"},"content":{"rendered":"\n<p>O general estadunidense Wesley Clark, ex-comandante supremo da OTAN, declarou \u00e0 CNN que o Emirado Isl\u00e2mico (tamb\u00e9m conhecido como Daesh, ISIS, ISIL e anteriormente como EIIL) foi \u201ccriado por nossos amigos e aliados para vencer o Hezbollah\u201d.<\/p>\n<p>Assim, o general Clark colocava claramente em evid\u00eancia a responsabilidade de Israel.<\/p>\n<p>Desde 2001, o general Clark \u00e9 o porta-voz de um grupo de oficiais superiores estadunidenses que se op\u00f5em \u00e0 influ\u00eancia de Israel sobre a pol\u00edtica exterior dos Estados Unidos, a suas a\u00e7\u00f5es imperialistas agressivas e ao replanejamento do \u201cOriente M\u00e9dio ampliado\u201d.<\/p>\n<p>O general Clark se op\u00f4s anteriormente ao deslocamento de tropas estadunidenses no Iraque e \u00e0s guerras contra a L\u00edbia e S\u00edria.<\/p>\n<p>O militar afirmou que \u201co Estado Isl\u00e2mico come\u00e7ou atrav\u00e9s do financiamento de nossos amigos e aliados\u201d.<\/p>\n<p>\u201cCaso precise de algu\u00e9m que lute at\u00e9 a morte contra o Hezbollah, se buscam fan\u00e1ticos e fundamentalistas. Apenas eles podem lidar com o Hezbollah\u201d, destacou.<\/p>\n<p>N\u00e3o s\u00e3o as primeiras cr\u00edticas de Wesley Clark contra Washington. Em seu livro, lan\u00e7ado em 2003, escreveu que os Estados Unidos levava a cabo uma campanha de guerra que tinha come\u00e7ado no Iraque e que se estenderia pela S\u00edria, L\u00edbano, Som\u00e1lia, Sud\u00e3o e, finalmente, Ir\u00e3.<\/p>\n<p>Fonte: http:\/\/www.resumenlatinoamericano.org\/2015\/02\/23\/ex-comandante-de-la-otan-revela-que-estado-islamico-fue-creado-por-washington-y-sus-aliados\/<\/p>\n<p>Tradu\u00e7\u00e3o: Partido Comunista Brasileiro (PCB)<\/p>\n","protected":false},"excerpt":{"rendered":"\nResumen Latinoamericano\/Agencias\n<a class=\"moretag\" href=\"https:\/\/pcb.org.br\/portal2\/7451\"> <\/a>","protected":false},"author":1,"featured_media":0,"comment_status":"closed","ping_status":"closed","sticky":false,"template":"","format":"standard","meta":{"jetpack_post_was_ever_published":false,"_jetpack_newsletter_access":"","_jetpack_dont_email_post_to_subs":false,"_jetpack_newsletter_tier_id":0,"_jetpack_memberships_contains_paywalled_content":false,"_jetpack_memberships_contains_paid_content":false,"footnotes":"","jetpack_publicize_message":"","jetpack_publicize_feature_enabled":true,"jetpack_social_post_already_shared":false,"jetpack_social_options":{"image_generator_settings":{"template":"highway","default_image_id":0,"font":"","enabled":false},"version":2}},"categories":[38],"tags":[],"class_list":["post-7451","post","type-post","status-publish","format-standard","hentry","category-c43-imperialismo"],"jetpack_publicize_connections":[],"jetpack_featured_media_url":"","jetpack_shortlink":"https:\/\/wp.me\/p659gw-1Wb","jetpack-related-posts":[],"jetpack_likes_enabled":true,"jetpack_sharing_enabled":true,"_links":{"self":[{"href":"https:\/\/pcb.org.br\/portal2\/wp-json\/wp\/v2\/posts\/7451","targetHints":{"allow":["GET"]}}],"collection":[{"href":"https:\/\/pcb.org.br\/portal2\/wp-json\/wp\/v2\/posts"}],"about":[{"href":"https:\/\/pcb.org.br\/portal2\/wp-json\/wp\/v2\/types\/post"}],"author":[{"embeddable":true,"href":"https:\/\/pcb.org.br\/portal2\/wp-json\/wp\/v2\/users\/1"}],"replies":[{"embeddable":true,"href":"https:\/\/pcb.org.br\/portal2\/wp-json\/wp\/v2\/comments?post=7451"}],"version-history":[{"count":0,"href":"https:\/\/pcb.org.br\/portal2\/wp-json\/wp\/v2\/posts\/7451\/revisions"}],"wp:attachment":[{"href":"https:\/\/pcb.org.br\/portal2\/wp-json\/wp\/v2\/media?parent=7451"}],"wp:term":[{"taxonomy":"category","embeddable":true,"href":"https:\/\/pcb.org.br\/portal2\/wp-json\/wp\/v2\/categories?post=7451"},{"taxonomy":"post_tag","embeddable":true,"href":"https:\/\/pcb.org.br\/portal2\/wp-json\/wp\/v2\/tags?post=7451"}],"curies":[{"name":"wp","href":"https:\/\/api.w.org\/{rel}","templated":true}]}}