{"id":7488,"date":"2015-03-07T16:02:56","date_gmt":"2015-03-07T16:02:56","guid":{"rendered":"http:\/\/pcb.org.br\/portal2\/?p=7488"},"modified":"2015-03-07T16:02:56","modified_gmt":"2015-03-07T16:02:56","slug":"da-libia-ao-sudao-da-nigeria-a-somalia","status":"publish","type":"post","link":"https:\/\/pcb.org.br\/portal2\/7488","title":{"rendered":"Da L\u00edbia ao Sud\u00e3o, da Nig\u00e9ria \u00e0 Som\u00e1lia*"},"content":{"rendered":"\n<p>Acentua-se a internacionaliza\u00e7\u00e3o de diversos conflitos armados em \u00c1frica, com o seu consequente agravamento. A tend\u00eancia \u00e9 antiga mas intensificou-se nas \u00faltimas semanas, abrindo caminho a uma ainda maior inger\u00eancia das pot\u00eancias imperialistas, com os Estados Unidos e a Fran\u00e7a \u00e0 cabe\u00e7a.<\/p>\n<p>Acentua-se a internacionaliza\u00e7\u00e3o de diversos conflitos armados em \u00c1frica, com o seu consequente agravamento. A tend\u00eancia \u00e9 antiga mas intensificou-se nas \u00faltimas semanas, abrindo caminho a uma ainda maior inger\u00eancia das pot\u00eancias imperialistas, com os Estados Unidos e a Fran\u00e7a \u00e0 cabe\u00e7a.<\/p>\n<p>Na L\u00edbia, rica em petr\u00f3leo, destru\u00edda enquanto Estado pela interven\u00e7\u00e3o \u00abhumanit\u00e1ria\u00bb da NATO, em 2011, h\u00e1 um novo protagonista estrangeiro. O Egipto enviou na semana passada ca\u00e7as-bombardeiros para atacar posi\u00e7\u00f5es de radicais isl\u00e2micos l\u00edbios, junto da cidade de Derna, depois da divulga\u00e7\u00e3o de um v\u00eddeo mostrando a decapita\u00e7\u00e3o de 21 crist\u00e3os coptas que tinham sido raptados por um bando com liga\u00e7\u00f5es ao autodenominado \u00abEstado Isl\u00e2mico\u00bb. Milhares de eg\u00edpcios que trabalhavam na L\u00edbia est\u00e3o, entretanto, a regressar ao seu pa\u00eds, quer pela fronteira entre os dois pa\u00edses, quer atrav\u00e9s da Tun\u00edsia.<\/p>\n<p>No plano pol\u00edtico, a L\u00edbia divide-se entre um governo e um parlamento com sede em Tr\u00edpoli, apoiados por mil\u00edcias isl\u00e2micas, e outro governo e outro parlamento baseados em Tobruk, no Leste, reconhecidos pela \u00abcomunidade internacional\u00bb. Sob a \u00e9gide das Na\u00e7\u00f5es Unidas, decorre em Marrocos uma tentativa de di\u00e1logo, at\u00e9 agora infrut\u00edfero, entre as duas fac\u00e7\u00f5es.<\/p>\n<p>Os observadores que acompanham de perto a ca\u00f3tica situa\u00e7\u00e3o na L\u00edbia consideram que o pa\u00eds se transformou numa gigantesca base \u00abjihadista\u00bb que inquieta governos europeus (preocupados com as vagas de imigrantes clandestinos que tentam chegar \u00e0s costas de It\u00e1lia e, sobretudo, com a seguran\u00e7a do Mediterr\u00e2neo) e desestabiliza n\u00e3o s\u00f3 os vizinhos do Norte de \u00c1frica como uma parte da regi\u00e3o Oeste-africana.<\/p>\n<p>Sabe-se que islamitas l\u00edbios estabeleceram la\u00e7os com os radicais do Mali, onde a Fran\u00e7a mant\u00e9m um forte dispositivo militar, e com o Boko Haram, na Nig\u00e9ria, ao qual fornecem armamento pesado.<\/p>\n<p>A Nig\u00e9ria tornou-se no mais recente exemplo em \u00c1frica da internacionaliza\u00e7\u00e3o de um conflito interno. Os ataques da seita islamita, activa desde h\u00e1 anos no Nordeste do pa\u00eds, aumentaram nos \u00faltimos meses, perante a inefic\u00e1cia do ex\u00e9rcito nigeriano, acusado de corrup\u00e7\u00e3o e de n\u00e3o querer combater. Mais: o Boko Haram estendeu as ac\u00e7\u00f5es aos vizinhos N\u00edger, Camar\u00f5es e Chade, provocando uma resposta militar destes pa\u00edses, que procuram agora, mais o Benim, organizar uma for\u00e7a conjunta, patrocinada pela Uni\u00e3o Africana e pelas Na\u00e7\u00f5es Unidas.<\/p>\n<p>A Fran\u00e7a, com fortes interesses e liga\u00e7\u00f5es na zona, no quadro da sua pol\u00edtica neocolonial, n\u00e3o perdeu tempo. O ministro franc\u00eas dos Neg\u00f3cios Estrangeiros, Laurent Fabius, efectuou h\u00e1 dias um p\u00e9riplo por Ndjamena, Niamey e Yaound\u00e9, as capitais chadiana, nigerina e camaronesa, prometendo aos seus aliados apoio log\u00edstico e em informa\u00e7\u00f5es militares. Assegurando assim que a guerra continua\u2026<\/p>\n<p>Crian\u00e7as e soldados<\/p>\n<p>Noutras regi\u00f5es do continente, o cen\u00e1rio da internacionaliza\u00e7\u00e3o dos conflitos repete-se.<\/p>\n<p>No Corno de \u00c1frica, na Som\u00e1lia, um Estado-falhado ap\u00f3s as interven\u00e7\u00f5es estrangeiras ao longo da d\u00e9cada de 90, registou-se mais um atentado sangrento, atribu\u00eddo \u00e0s mil\u00edcias Al-Shebab. Um casal de bombistas fez-se explodir num luxuoso hotel de Mogad\u00edscio, frequentado por altos funcion\u00e1rios governamentais, matando 25 pessoas e fazendo dezenas de feridos.<\/p>\n<p>Os rebeldes islamitas somalis t\u00eam multiplicado ac\u00e7\u00f5es de terror, sobretudo na capital, mas tamb\u00e9m no vizinho Qu\u00e9nia, que integra a miss\u00e3o militar da Uni\u00e3o Africana que opera na Som\u00e1lia. Estado privado de autoridade central desde 1991, quando caiu o regime autorit\u00e1rio do general Siad Barre, a Som\u00e1lia vive h\u00e1 d\u00e9cadas em permanente guerra civil.<\/p>\n<p>No Sud\u00e3o do Sul \u2013 o mais jovem pa\u00eds africano, que se tornou independente do Sud\u00e3o em 2011, com o apoio dos Estados Unidos e de outras pot\u00eancias ocidentais \u2013, a guerra civil prossegue. Foi not\u00edcia nestes dias porque na cidade de Malakal, que acolhe milhares de deslocados, foram raptadas dezenas de crian\u00e7as que provavelmente ser\u00e3o incorporadas \u00e0 for\u00e7a num dos ex\u00e9rcitos beligerantes, o governamental ou o dos rebeldes.<\/p>\n<p>O conflito Sul-sudan\u00eas, que provocou a interven\u00e7\u00e3o de uma miss\u00e3o das Na\u00e7\u00f5es Unidas e de tropas de pa\u00edses vizinhos, teve in\u00edcio em 2013 e op\u00f5e o presidente Salva Kiir ao seu antigo vice-presidente, Riek Machar.<\/p>\n<p>A Unicef calcula que, no ano findo, cerca de 12 mil crian\u00e7as foram utilizadas como soldados por ambas as partes. A guerra fratricida causou j\u00e1, al\u00e9m de milhares de mortos, um milh\u00e3o e meio de deslocados. H\u00e1 neste momento dois milh\u00f5es e meio de sudaneses amea\u00e7ados por \u00abseveras car\u00eancias alimentares\u00bb, que \u00e9 como as ag\u00eancias internacionais chamam \u00e0 fome.<\/p>\n<p>*Este artigo foi publicado no \u201cAvante!\u201d n\u00ba2052, 26.02.2015<\/p>\n<blockquote data-secret=\"Y2gMJ00bXo\" class=\"wp-embedded-content\"><p><a href=\"https:\/\/pcb.org.br\/portal2\/3570\">SAUDA\u00c7\u00c3O AOS 90 ANOS DO PCB<\/a><\/p><\/blockquote>\n<p><iframe loading=\"lazy\" class=\"wp-embedded-content\" sandbox=\"allow-scripts\" security=\"restricted\" style=\"position: absolute; clip: rect(1px, 1px, 1px, 1px);\" src=\"https:\/\/pcb.org.br\/portal2\/3570\/embed#?secret=Y2gMJ00bXo\" data-secret=\"Y2gMJ00bXo\" width=\"600\" height=\"338\" title=\"&#8220;SAUDA\u00c7\u00c3O AOS 90 ANOS DO PCB&#8221; &#8212; PCB - Partido Comunista Brasileiro\" frameborder=\"0\" marginwidth=\"0\" marginheight=\"0\" scrolling=\"no\"><\/iframe><\/p>\n","protected":false},"excerpt":{"rendered":"\nCarlos Lopes Pereira\n<a class=\"moretag\" href=\"https:\/\/pcb.org.br\/portal2\/7488\"> <\/a>","protected":false},"author":1,"featured_media":0,"comment_status":"closed","ping_status":"closed","sticky":false,"template":"","format":"standard","meta":{"jetpack_post_was_ever_published":false,"_jetpack_newsletter_access":"","_jetpack_dont_email_post_to_subs":false,"_jetpack_newsletter_tier_id":0,"_jetpack_memberships_contains_paywalled_content":false,"_jetpack_memberships_contains_paid_content":false,"footnotes":"","jetpack_publicize_message":"","jetpack_publicize_feature_enabled":true,"jetpack_social_post_already_shared":false,"jetpack_social_options":{"image_generator_settings":{"template":"highway","default_image_id":0,"font":"","enabled":false},"version":2}},"categories":[38],"tags":[],"class_list":["post-7488","post","type-post","status-publish","format-standard","hentry","category-c43-imperialismo"],"jetpack_publicize_connections":[],"jetpack_featured_media_url":"","jetpack_shortlink":"https:\/\/wp.me\/p659gw-1WM","jetpack-related-posts":[],"jetpack_likes_enabled":true,"jetpack_sharing_enabled":true,"_links":{"self":[{"href":"https:\/\/pcb.org.br\/portal2\/wp-json\/wp\/v2\/posts\/7488","targetHints":{"allow":["GET"]}}],"collection":[{"href":"https:\/\/pcb.org.br\/portal2\/wp-json\/wp\/v2\/posts"}],"about":[{"href":"https:\/\/pcb.org.br\/portal2\/wp-json\/wp\/v2\/types\/post"}],"author":[{"embeddable":true,"href":"https:\/\/pcb.org.br\/portal2\/wp-json\/wp\/v2\/users\/1"}],"replies":[{"embeddable":true,"href":"https:\/\/pcb.org.br\/portal2\/wp-json\/wp\/v2\/comments?post=7488"}],"version-history":[{"count":0,"href":"https:\/\/pcb.org.br\/portal2\/wp-json\/wp\/v2\/posts\/7488\/revisions"}],"wp:attachment":[{"href":"https:\/\/pcb.org.br\/portal2\/wp-json\/wp\/v2\/media?parent=7488"}],"wp:term":[{"taxonomy":"category","embeddable":true,"href":"https:\/\/pcb.org.br\/portal2\/wp-json\/wp\/v2\/categories?post=7488"},{"taxonomy":"post_tag","embeddable":true,"href":"https:\/\/pcb.org.br\/portal2\/wp-json\/wp\/v2\/tags?post=7488"}],"curies":[{"name":"wp","href":"https:\/\/api.w.org\/{rel}","templated":true}]}}