{"id":7492,"date":"2015-03-07T16:36:55","date_gmt":"2015-03-07T16:36:55","guid":{"rendered":"http:\/\/pcb.org.br\/portal2\/?p=7492"},"modified":"2015-03-07T16:36:55","modified_gmt":"2015-03-07T16:36:55","slug":"alguns-nao-perdem-tempo-pablo-iglesias-com-o-embaixador-dos-eua","status":"publish","type":"post","link":"https:\/\/pcb.org.br\/portal2\/7492","title":{"rendered":"Alguns n\u00e3o perdem tempo: Pablo Iglesias com o embaixador dos EUA"},"content":{"rendered":"\n<p>Resumen Latinoamericano\/ 03\/03\/2015.- \u00c9 realmente particular a \u201cpol\u00edtica externa\u201d dos meninos do Podemos. Por um lado, Pablo Iglesias (ao qual a direita espanhola assediou de forma brutal durante os \u00faltimos meses) n\u00e3o teve a melhor ideia que aceitar a alguns dias uma entrevista ao Canal 5 (TV lixo da pior esp\u00e9cie) e fazer umas declara\u00e7\u00f5es cr\u00edticas sobre a Venezuela bolivariana. E agora, esta reuni\u00e3o com o embaixador estrangeiro, justamente no momento em que os Estados Unidos atacam com tudo contra o governo de Nicol\u00e1s Maduro. Se para fugir da direita fascista \u00e9 preciso unir-se \u00e0queles que fomentam o terror e a mis\u00e9ria no mundo, \u00e9 preciso perguntar-se qual \u00e9 realmente a linha do Podemos.<\/p>\n<p>Uma coisa s\u00e3o os encontros entre governos que est\u00e3o em desacordo e se justificam nas famosas \u201craz\u00f5es de Estado\u201d. Outra muito diferente, que os pol\u00edticos confraternizem sem nenhum tipo de vergonha com os assassinos de nossos povos. Felipe Gonz\u00e1lez come\u00e7ou suas andan\u00e7as como progressista da mesma forma e sabemos at\u00e9 onde chegou.<\/p>\n<p>O secret\u00e1rio-geral do Podemos, Pablo Iglesias, se reuniu hoje com o embaixador dos Estados Unidos, James Costos, para analisar a situa\u00e7\u00e3o pol\u00edtica e econ\u00f4mica da Espanha e da Europa, em um encontro que o l\u00edder da forma\u00e7\u00e3o qualificou como \u201c\u00fatil, produtivo, cordial e interessante\u201d. O encontro ocorreu por iniciativa de Costos, no qual Iglesias sublinhou que o Podemos v\u00ea as rela\u00e7\u00f5es entre Espanha e Estados Unidos como uma quest\u00e3o \u201cestrat\u00e9gica\u201d.<\/p>\n<p>Em declara\u00e7\u00f5es a EFE, Iglesias mostrou sua satisfa\u00e7\u00e3o pelo desenvolvimento do encontro, no qual ambos compartilharam que \u201ca situa\u00e7\u00e3o econ\u00f4mica da Espanha \u00e9 dif\u00edcil e que a austeridade \u00e9 um problema\u201d, segundo o euro-deputado.<\/p>\n<p>O embaixador se interessou pelo resultado das pesquisas de informa\u00e7\u00e3o acerca do crescimento do Podemos, que Iglesias justificou como sendo reflexo da \u201ccrise do regime na Espanha e do cansa\u00e7o e o esgotamento das velhas elites\u201d.<\/p>\n<p>Al\u00e9m de informar sobre sua recente viagem aos Estados Unidos, Iglesias abordou com Costos quest\u00f5es de \u00e2mbito internacional, como a crise da Gr\u00e9cia.<\/p>\n<p>Neste ponto, o secret\u00e1rio-geral do Podemos considerou \u201ccoerente e razo\u00e1vel\u201d a postura adotada pelo presidente dos Estados Unidos, Barack Obama, para que se d\u00ea uma oportunidade ao novo Governo grego liderado pelo Syriza.<\/p>\n<p>Ainda que tenha admitido existirem \u201cdiferen\u00e7as em algumas quest\u00f5es de pol\u00edtica internacional, em particular sobre a defesa europeia e a gest\u00e3o de determinados assuntos\u201d, Iglesias apontou a \u201ccordialidade\u201d e a \u201cprodutividade\u201d do encontro, no qual n\u00e3o falaram da situa\u00e7\u00e3o pol\u00edtica da Venezuela.<\/p>\n<p>Iglesias manifestou sua inten\u00e7\u00e3o de voltar a visitar os EUA futuramente, ao que Costos demonstrou sua vontade de ajud\u00e1-lo a preparar encontros com os congressistas de seu pa\u00eds.<\/p>\n<p>O embaixador estadunidense, que lembrou a Iglesias ser oriundo de uma fam\u00edlia \u201chumilde\u201d, disse sentir \u201cempatia\u201d por aquelas pessoas t\u00eam passado mais dificuldades nos \u00faltimos anos devido \u00e0 crise.<\/p>\n<p>Na conversa, tamb\u00e9m falaram de pintura, de cinema e, em particular, da serie \u201cGame of Thrones\u201d, uma das favoritas de Iglesias.<\/p>\n<p>Pablo Iglesias publicou esta fotografia no Twitter<\/p>\n<p>Fonte: http:\/\/www.resumenlatinoamericano.org\/2015\/03\/03\/algunos-no-pierden-el-tiempo-pablo-iglesias-con-el-embajador-de-ee-uu\/<\/p>\n<p>Tradu\u00e7\u00e3o: Partido Comunista Brasileiro (PCB)<\/p>\n","protected":false},"excerpt":{"rendered":"\n<a class=\"moretag\" href=\"https:\/\/pcb.org.br\/portal2\/7492\"> <\/a>","protected":false},"author":1,"featured_media":0,"comment_status":"closed","ping_status":"closed","sticky":false,"template":"","format":"standard","meta":{"jetpack_post_was_ever_published":false,"_jetpack_newsletter_access":"","_jetpack_dont_email_post_to_subs":false,"_jetpack_newsletter_tier_id":0,"_jetpack_memberships_contains_paywalled_content":false,"_jetpack_memberships_contains_paid_content":false,"footnotes":"","jetpack_publicize_message":"","jetpack_publicize_feature_enabled":true,"jetpack_social_post_already_shared":false,"jetpack_social_options":{"image_generator_settings":{"template":"highway","default_image_id":0,"font":"","enabled":false},"version":2}},"categories":[38],"tags":[],"class_list":["post-7492","post","type-post","status-publish","format-standard","hentry","category-c43-imperialismo"],"jetpack_publicize_connections":[],"jetpack_featured_media_url":"","jetpack_shortlink":"https:\/\/wp.me\/p659gw-1WQ","jetpack-related-posts":[],"jetpack_likes_enabled":true,"jetpack_sharing_enabled":true,"_links":{"self":[{"href":"https:\/\/pcb.org.br\/portal2\/wp-json\/wp\/v2\/posts\/7492","targetHints":{"allow":["GET"]}}],"collection":[{"href":"https:\/\/pcb.org.br\/portal2\/wp-json\/wp\/v2\/posts"}],"about":[{"href":"https:\/\/pcb.org.br\/portal2\/wp-json\/wp\/v2\/types\/post"}],"author":[{"embeddable":true,"href":"https:\/\/pcb.org.br\/portal2\/wp-json\/wp\/v2\/users\/1"}],"replies":[{"embeddable":true,"href":"https:\/\/pcb.org.br\/portal2\/wp-json\/wp\/v2\/comments?post=7492"}],"version-history":[{"count":0,"href":"https:\/\/pcb.org.br\/portal2\/wp-json\/wp\/v2\/posts\/7492\/revisions"}],"wp:attachment":[{"href":"https:\/\/pcb.org.br\/portal2\/wp-json\/wp\/v2\/media?parent=7492"}],"wp:term":[{"taxonomy":"category","embeddable":true,"href":"https:\/\/pcb.org.br\/portal2\/wp-json\/wp\/v2\/categories?post=7492"},{"taxonomy":"post_tag","embeddable":true,"href":"https:\/\/pcb.org.br\/portal2\/wp-json\/wp\/v2\/tags?post=7492"}],"curies":[{"name":"wp","href":"https:\/\/api.w.org\/{rel}","templated":true}]}}