{"id":7558,"date":"2015-03-23T21:04:50","date_gmt":"2015-03-23T21:04:50","guid":{"rendered":"http:\/\/pcb.org.br\/portal2\/?p=7558"},"modified":"2015-03-24T17:47:11","modified_gmt":"2015-03-24T17:47:11","slug":"palestinos-em-gaza-se-declaram-solidarios-com-a-venezuela","status":"publish","type":"post","link":"https:\/\/pcb.org.br\/portal2\/7558","title":{"rendered":"Palestinos em Gaza se declaram solid\u00e1rios com a Venezuela"},"content":{"rendered":"<p><!--more--><em>Com cartazes e fotografias alusivas \u00e0 Revolu\u00e7\u00e3o Bolivariana, os palestinos expressaram sua solidariedade com a Venezuela. | Foto: Basema Anlweiri<\/em><\/p>\n<p>Publicado em 21 de mar\u00e7o de 2015<\/p>\n<p><strong>Com um ato na Pra\u00e7a dos Ca\u00eddos de Gaza, os palestinos repudiaram a medida unilateral dos Estados Unidos contra a soberania da na\u00e7\u00e3o sul-americana. <\/strong><\/p>\n<p>Um grupo de palestinos em gaza realizou neste s\u00e1bado um ato em solidariedade com a Venezuela, ante a nova arremetida dos Estados Unidos (EUA) que consideram a na\u00e7\u00e3o sul-americana uma amea\u00e7a para seu pa\u00eds.<\/p>\n<p>A atividade foi organizada pela Frente Popular pela Liberta\u00e7\u00e3o da Palestina (FPLP) e ocorreu na pra\u00e7a dos ca\u00eddos da cidade de Gaza.<\/p>\n<p>Com bandeiras da Venezuela e cartazes com mensagens como: \u201cEUA fora da Venezuela\u201d e \u201cVenezuela, Palestina est\u00e1 com voc\u00eas\u201d, os habitantes da Gaza manifestaram estarem juntos e solid\u00e1rios com o Governo e povo venezuelano ante esta nova agress\u00e3o do governo norte-americano.<\/p>\n<p><img data-recalc-dims=\"1\" decoding=\"async\" class=\"imagemp\" src=\"https:\/\/i0.wp.com\/www.telesurtv.net\/export\/sites\/telesur\/img\/multimedia\/2015\/03\/21\/x2b2afe47168aa2998323be85345ae9ecd7c1ee76e1723f5ad1xpimgpsh_fullsize_distr.jpg_825434842.jpg?w=747\" alt=\"\" border=\"0\" \/>Os participantes da atividade tamb\u00e9m portavam cartazes com fotografias do l\u00edder revolucion\u00e1rio Hugo Ch\u00e1vez e do presidente Nicol\u00e1s Maduro como s\u00edmbolo de respaldo \u00e0 Revolu\u00e7\u00e3o Bolivariana.<\/p>\n<p>Nesta sexta-feira, um grupo dos movimentos sociais e de defensores dos Direitos Humanos na Palestina se concentrou na sede diplom\u00e1tica da Venezuela para expressar seu apoio ao Governo venezuelano ante as cont\u00ednuas amea\u00e7as dos Estados Unidos.<\/p>\n<p><strong>NO CONTEXTO <\/strong><\/p>\n<p>Uma ordem executiva da Casa Branca assinada em 9 de mar\u00e7o declara a Venezuela uma \u201cemerg\u00eancia nacional\u201d pela amea\u00e7a \u201cincomum e extraordin\u00e1ria\u201d a sua seguran\u00e7a nacional.<\/p>\n<p>Neste marco, na quinta-feira passada come\u00e7ou, a partir da Venezuela, uma campanha mundial para exigir que o presidente Barack Obama revogue o decreto imperialista.<\/p>\n<p>At\u00e9 a noite desta sexta-feira, mais de dois milh\u00f5es de mensagens foram enviadas em rep\u00fadio \u00e0 medida unilateral dos Estados Unidos contra a soberania da Venezuela.<\/p>\n<p><strong>A campanha mundial inclui a coleta de 10 milh\u00f5es de assinaturas para exigir a revoga\u00e7\u00e3o do decreto da Casa Branca. Espera-se que todas estas assinaturas sejam entregues pelo presidente Nicol\u00e1s Maduro a Obama na VII C\u00fapula das Am\u00e9ricas, que ocorrer\u00e1 entre 10 e 11 de maio no Panam\u00e1.<\/strong><\/p>\n<p>Fonte:<a href=\"http:\/\/www.telesurtv.net\/news\/Palestinos-en-Gaza-se-declaran-solidarios-con-Venezuela-20150321-0012.html\">http:\/\/www.telesurtv.net\/news\/Palestinos-en-Gaza-se-declaran-solidarios-con-Venezuela-20150321-0012.html<\/a><\/p>\n<p>Tradu\u00e7\u00e3o: Partido Comunista Brasileiro (PCB)<\/p>\n","protected":false},"excerpt":{"rendered":"\n<a class=\"moretag\" href=\"https:\/\/pcb.org.br\/portal2\/7558\"> <\/a>","protected":false},"author":1,"featured_media":0,"comment_status":"closed","ping_status":"closed","sticky":false,"template":"","format":"standard","meta":{"jetpack_post_was_ever_published":false,"_jetpack_newsletter_access":"","_jetpack_dont_email_post_to_subs":false,"_jetpack_newsletter_tier_id":0,"_jetpack_memberships_contains_paywalled_content":false,"_jetpack_memberships_contains_paid_content":false,"footnotes":"","jetpack_publicize_message":"","jetpack_publicize_feature_enabled":true,"jetpack_social_post_already_shared":false,"jetpack_social_options":{"image_generator_settings":{"template":"highway","default_image_id":0,"font":"","enabled":false},"version":2}},"categories":[71],"tags":[],"class_list":["post-7558","post","type-post","status-publish","format-standard","hentry","category-c84-solidariedade"],"jetpack_publicize_connections":[],"jetpack_featured_media_url":"","jetpack_shortlink":"https:\/\/wp.me\/p659gw-1XU","jetpack-related-posts":[],"jetpack_likes_enabled":true,"jetpack_sharing_enabled":true,"_links":{"self":[{"href":"https:\/\/pcb.org.br\/portal2\/wp-json\/wp\/v2\/posts\/7558","targetHints":{"allow":["GET"]}}],"collection":[{"href":"https:\/\/pcb.org.br\/portal2\/wp-json\/wp\/v2\/posts"}],"about":[{"href":"https:\/\/pcb.org.br\/portal2\/wp-json\/wp\/v2\/types\/post"}],"author":[{"embeddable":true,"href":"https:\/\/pcb.org.br\/portal2\/wp-json\/wp\/v2\/users\/1"}],"replies":[{"embeddable":true,"href":"https:\/\/pcb.org.br\/portal2\/wp-json\/wp\/v2\/comments?post=7558"}],"version-history":[{"count":0,"href":"https:\/\/pcb.org.br\/portal2\/wp-json\/wp\/v2\/posts\/7558\/revisions"}],"wp:attachment":[{"href":"https:\/\/pcb.org.br\/portal2\/wp-json\/wp\/v2\/media?parent=7558"}],"wp:term":[{"taxonomy":"category","embeddable":true,"href":"https:\/\/pcb.org.br\/portal2\/wp-json\/wp\/v2\/categories?post=7558"},{"taxonomy":"post_tag","embeddable":true,"href":"https:\/\/pcb.org.br\/portal2\/wp-json\/wp\/v2\/tags?post=7558"}],"curies":[{"name":"wp","href":"https:\/\/api.w.org\/{rel}","templated":true}]}}