{"id":7574,"date":"2015-03-25T14:08:46","date_gmt":"2015-03-25T14:08:46","guid":{"rendered":"http:\/\/pcb.org.br\/portal2\/?p=7574"},"modified":"2015-04-16T21:35:18","modified_gmt":"2015-04-16T21:35:18","slug":"a-juventude-nao-pagara-pela-crise-construir-o-dia-nacional-de-luta-pela-educacao","status":"publish","type":"post","link":"https:\/\/pcb.org.br\/portal2\/7574","title":{"rendered":"A Juventude n\u00e3o pagar\u00e1 pela crise! Construir o dia nacional de luta pela Educa\u00e7\u00e3o!"},"content":{"rendered":"<p><!--more-->O ano de 2015 come\u00e7ou com um corte de mais de 7 bilh\u00f5es de reais no or\u00e7amento da educa\u00e7\u00e3o. Reflexos da intensifica\u00e7\u00e3o da crise econ\u00f4mica no pa\u00eds e das pol\u00edticas antipopulares de austeridade utilizadas para combat\u00ea-la, sempre em benef\u00edcio da grande burguesia. Demiss\u00e3o de funcion\u00e1rios terceirizados, falta de infraestrutura adequada para professores e estudantes e pol\u00edticas cada vez mais restritas de assist\u00eancia estudantil, aumento nas mensalidades das universidades privadas, essas s\u00e3o algumas das consequ\u00eancias de mais um ataque.<\/p>\n<p>Medidas que evidenciam ainda mais as conciliacao do Governo Dilma frente \u00e0s press\u00f5es das for\u00e7as conservadoras e reacion\u00e1rias, concess\u00f5es que n\u00e3o se restringem apenas ao corte para a educa\u00e7\u00e3o, mas que se estendem ao predom\u00ednio dos interesses privatistas nas pol\u00edticas educacionais. A diminui\u00e7\u00e3o de investimentos e da expans\u00e3o da Educa\u00e7\u00e3o P\u00fablica de qualidade alimentam a \u201cinvas\u00e3o\u201d e fortalecimento de grandes grupos financeiros privados na educa\u00e7\u00e3o, como a funda\u00e7\u00e3o Lehman, o Kroton-Anhanguera, dentre outros. Fen\u00f4meno que resulta na baixa qualidade do ensino, na flexibiliza\u00e7\u00e3o dos direitos trabalhistas para os trabalhadores da educa\u00e7\u00e3o, no crescimento das institui\u00e7\u00f5es privadas de ensino, etc. A crise acelera ainda mais o processo de transformar a educa\u00e7\u00e3o em mercadoria. Por isso, a partir das lutas cotidianas, defendemos o fortalecimento das lutas por uma Educa\u00e7\u00e3o e uma Universidade Populares.<\/p>\n<p>Ao mesmo tempo em que se cortam e restringem direitos, o discurso punitivista em rela\u00e7\u00e3o aos jovens cresce na sociedade, propagado pelos grandes meios de comunica\u00e7\u00e3o. A grande bandeira que se levanta com isso \u00e9 a da diminui\u00e7\u00e3o da maioridade penal. Em um momento que se restringem direitos como o seguro desemprego, quest\u00e3o que mais afeta os jovens, cortam-se investimentos sociais como na educa\u00e7\u00e3o, vermos crescer o apelo pela diminui\u00e7\u00e3o da maioridade penal \u00e9 bastante simb\u00f3lico de como a burguesia, seus governos e as for\u00e7as reacion\u00e1rias querem administrar os conflitos da crise econ\u00f4mica. Al\u00e9m disso, como esquecer que as pol\u00edcias no Brasil s\u00e3o uma das que mais matam jovens, em sua maioria negros, em todo o mundo!?<\/p>\n<p>Neste sentido, a Uni\u00e3o da Juventude Comunista n\u00e3o titubeia. \u00c9 hora de fortalecermos uma alternativa popular para os trabalhadores e para a juventude frente a este cen\u00e1rio de crise e reacionarismo na sociedade brasileira. Apoiamos, convocamos e nos somamos ao grande ato nacional pela Educa\u00e7\u00e3o no dia 26. Esse \u00e9 um marco importante para a constru\u00e7\u00e3o da unidade de a\u00e7\u00e3o das organiza\u00e7\u00f5es, das entidades e dos movimentos combativos. Mais do que nunca, faz-se urgente a cria\u00e7\u00e3o de uma Frente pelo Poder Popular que incorpore, na unidade de a\u00e7\u00e3o em torno de um programa comum, todas as for\u00e7as pol\u00edticas e sociais do campo anticapitalista e anti-imperialista, que construa uma efetiva alternativa de poder contra a burguesia e contra aqueles que a ela se associam.<\/p>\n<p>Ousar Lutar, Ousar Vencer!<\/p>\n<p>Coordena\u00e7\u00e3o da Uni\u00e3o da Juventude Comunista.<\/p>\n<p><a href=\"http:\/\/ujc.org.br\/ujc\/?p=1423\" target=\"_blank\">http:\/\/ujc.org.br\/ujc\/?p=1423<\/a><\/p>\n","protected":false},"excerpt":{"rendered":"\n<a class=\"moretag\" href=\"https:\/\/pcb.org.br\/portal2\/7574\"> <\/a>","protected":false},"author":1,"featured_media":0,"comment_status":"closed","ping_status":"closed","sticky":false,"template":"","format":"standard","meta":{"jetpack_post_was_ever_published":false,"_jetpack_newsletter_access":"","_jetpack_dont_email_post_to_subs":false,"_jetpack_newsletter_tier_id":0,"_jetpack_memberships_contains_paywalled_content":false,"_jetpack_memberships_contains_paid_content":false,"footnotes":"","jetpack_publicize_message":"","jetpack_publicize_feature_enabled":true,"jetpack_social_post_already_shared":false,"jetpack_social_options":{"image_generator_settings":{"template":"highway","default_image_id":0,"font":"","enabled":false},"version":2}},"categories":[27],"tags":[],"class_list":["post-7574","post","type-post","status-publish","format-standard","hentry","category-c27-ujc"],"jetpack_publicize_connections":[],"jetpack_featured_media_url":"","jetpack_shortlink":"https:\/\/wp.me\/p659gw-1Ya","jetpack-related-posts":[],"jetpack_likes_enabled":true,"jetpack_sharing_enabled":true,"_links":{"self":[{"href":"https:\/\/pcb.org.br\/portal2\/wp-json\/wp\/v2\/posts\/7574","targetHints":{"allow":["GET"]}}],"collection":[{"href":"https:\/\/pcb.org.br\/portal2\/wp-json\/wp\/v2\/posts"}],"about":[{"href":"https:\/\/pcb.org.br\/portal2\/wp-json\/wp\/v2\/types\/post"}],"author":[{"embeddable":true,"href":"https:\/\/pcb.org.br\/portal2\/wp-json\/wp\/v2\/users\/1"}],"replies":[{"embeddable":true,"href":"https:\/\/pcb.org.br\/portal2\/wp-json\/wp\/v2\/comments?post=7574"}],"version-history":[{"count":0,"href":"https:\/\/pcb.org.br\/portal2\/wp-json\/wp\/v2\/posts\/7574\/revisions"}],"wp:attachment":[{"href":"https:\/\/pcb.org.br\/portal2\/wp-json\/wp\/v2\/media?parent=7574"}],"wp:term":[{"taxonomy":"category","embeddable":true,"href":"https:\/\/pcb.org.br\/portal2\/wp-json\/wp\/v2\/categories?post=7574"},{"taxonomy":"post_tag","embeddable":true,"href":"https:\/\/pcb.org.br\/portal2\/wp-json\/wp\/v2\/tags?post=7574"}],"curies":[{"name":"wp","href":"https:\/\/api.w.org\/{rel}","templated":true}]}}