{"id":7583,"date":"2015-03-27T19:41:45","date_gmt":"2015-03-27T19:41:45","guid":{"rendered":"http:\/\/pcb.org.br\/portal2\/?p=7583"},"modified":"2015-03-27T19:41:45","modified_gmt":"2015-03-27T19:41:45","slug":"qpcb-inimigo-no-1-da-ditaduraq-fundacao-dinarco-reis-e-pcb-lembram-os-anos-de-chumbo-no-dia-25-de-marco","status":"publish","type":"post","link":"https:\/\/pcb.org.br\/portal2\/7583","title":{"rendered":"&#8220;PCB: INIMIGO N\u00ba 1 DA DITADURA&#8221; &#8211; FUNDA\u00c7\u00c3O DINARCO REIS E PCB LEMBRAM OS ANOS DE CHUMBO NO DIA 25 DE MAR\u00c7O"},"content":{"rendered":"\n<p>Em todo o pa\u00eds, em diversas cidades, o PCB organizou atividades em homenagem aos seus 93 anos de funda\u00e7\u00e3o. Palestras, debates, atos, a\u00e7\u00f5es de ruas, festas, de m\u00faltiplas formas o PCB celebrou e comemorou sua data.<\/p>\n<p>No Rio de Janeiro, na sede nacional, o PCB, em parceria com a Funda\u00e7\u00e3o Dinarco Reis organizou uma palestra (um bate papo) com militantes e amigos do Partido com a tem\u00e1tica: &#8220;PCB, inimigo n\u00ba1 da ditadura&#8221;, que contou com a apresenta\u00e7\u00e3o do camarada e membro do Comit\u00ea Central Muniz Ferreira, historiador e pesquisador da hist\u00f3ria do Partido.<\/p>\n<p>Mais do que um olhar voltado ao passado, a fala inicial do camarada Muniz, que emulou um interessante debate entre militantes e amigos do Partido, trouxe \u00e0 reflex\u00e3o sobre elementos muito presentes na atual conjuntura pol\u00edtica brasileira, como a emerg\u00eancia de um pensamento anticomunista, que permeia a a\u00e7\u00e3o de grupos reacion\u00e1rios, os quais resolveram sair das catacumbas e disputar espa\u00e7o na sociedade brasileira.<\/p>\n<p>Muniz abordou o hist\u00f3rico do anticomunismo, n\u00e3o apenas no imagin\u00e1rio social, mas na a\u00e7\u00e3o pol\u00edtica das classes dominantes, as quais, representando os interesses do grande capital nacional e internacional, articularam e implementaram o golpe de 1964, com a justificativa de defender o Brasil da amea\u00e7a comunista. A a\u00e7\u00e3o coordenada pelos servi\u00e7os secretos nacionais, com financiamento de empres\u00e1rios e apoio log\u00edstico do governo dos EUA, subsidiou o regime militar com vistas \u00e0 elimina\u00e7\u00e3o f\u00edsica do PCB, atrav\u00e9s da persegui\u00e7\u00e3o, assassinatos e desaparecimentos de importantes dirigentes do partido, bem como de uma forte a\u00e7\u00e3o repressiva nas c\u00e9lulas do Partido, principalmente as de corte oper\u00e1rio.<\/p>\n<p>Tratava-se de uma ditadura de seguran\u00e7a nacional, inspirada e legitimada em uma doutrina pol\u00edtico-militar, cujas matrizes te\u00f3ricas haviam sido elaboradas no War College dos Estados Unidos, imediatamente ap\u00f3s a Segunda Guerra Mundial. Caberia \u00e0s for\u00e7as militares estadunidenses a responsabilidade pela defesa do hemisf\u00e9rio frente \u00e0s amea\u00e7as externas que pudessem proceder do chamado \u201cbloco comunista\u201d. Aos ex\u00e9rcitos nacionais latino-americanos, caberia o enfrentamento ao chamado \u201cinimigo interno\u201d, ou seja, as for\u00e7as da \u201csubversivas\u201d (partidos de esquerda, movimentos populares, intelectualidade progressista, etc). Ainda quando n\u00e3o se apresentassem visivelmente sob a forma de movimentos revolucion\u00e1rios e\/ou insurrecionais, deveriam ser percebidos\/as como elementos constitutivos de uma \u201cguerra revolucion\u00e1ria\u201d comunista, express\u00e3o regional do conflito global entre as for\u00e7as do \u201cocidente livre\u201d e o comunismo mundial. Por isso a ditadura tentou massacrar o PCB, visto como inimigo extremamente perigoso, por possuir dirigentes com larga experi\u00eancia nas lutas sociais e uma estratat\u00e9gia revolucion\u00e1ria de longo prazo.<\/p>\n<p>Por fim, Muniz Ferreira falou sobre a necessidade de potencializarmos organicamente o Partido para que possa influir decisivamente nas presentes e futuras batalhas a envolver a luta de classes brasileira e mundial.<\/p>\n","protected":false},"excerpt":{"rendered":"\n<a class=\"moretag\" href=\"https:\/\/pcb.org.br\/portal2\/7583\"> <\/a>","protected":false},"author":1,"featured_media":0,"comment_status":"closed","ping_status":"closed","sticky":false,"template":"","format":"standard","meta":{"jetpack_post_was_ever_published":false,"_jetpack_newsletter_access":"","_jetpack_dont_email_post_to_subs":false,"_jetpack_newsletter_tier_id":0,"_jetpack_memberships_contains_paywalled_content":false,"_jetpack_memberships_contains_paid_content":false,"footnotes":"","jetpack_publicize_message":"","jetpack_publicize_feature_enabled":true,"jetpack_social_post_already_shared":false,"jetpack_social_options":{"image_generator_settings":{"template":"highway","default_image_id":0,"font":"","enabled":false},"version":2}},"categories":[46],"tags":[],"class_list":["post-7583","post","type-post","status-publish","format-standard","hentry","category-c56-memoria"],"jetpack_publicize_connections":[],"jetpack_featured_media_url":"","jetpack_shortlink":"https:\/\/wp.me\/p659gw-1Yj","jetpack-related-posts":[],"jetpack_likes_enabled":true,"jetpack_sharing_enabled":true,"_links":{"self":[{"href":"https:\/\/pcb.org.br\/portal2\/wp-json\/wp\/v2\/posts\/7583","targetHints":{"allow":["GET"]}}],"collection":[{"href":"https:\/\/pcb.org.br\/portal2\/wp-json\/wp\/v2\/posts"}],"about":[{"href":"https:\/\/pcb.org.br\/portal2\/wp-json\/wp\/v2\/types\/post"}],"author":[{"embeddable":true,"href":"https:\/\/pcb.org.br\/portal2\/wp-json\/wp\/v2\/users\/1"}],"replies":[{"embeddable":true,"href":"https:\/\/pcb.org.br\/portal2\/wp-json\/wp\/v2\/comments?post=7583"}],"version-history":[{"count":0,"href":"https:\/\/pcb.org.br\/portal2\/wp-json\/wp\/v2\/posts\/7583\/revisions"}],"wp:attachment":[{"href":"https:\/\/pcb.org.br\/portal2\/wp-json\/wp\/v2\/media?parent=7583"}],"wp:term":[{"taxonomy":"category","embeddable":true,"href":"https:\/\/pcb.org.br\/portal2\/wp-json\/wp\/v2\/categories?post=7583"},{"taxonomy":"post_tag","embeddable":true,"href":"https:\/\/pcb.org.br\/portal2\/wp-json\/wp\/v2\/tags?post=7583"}],"curies":[{"name":"wp","href":"https:\/\/api.w.org\/{rel}","templated":true}]}}