{"id":760,"date":"2010-08-24T16:27:33","date_gmt":"2010-08-24T16:27:33","guid":{"rendered":"http:\/\/pcb.org.br\/portal2\/?p=760"},"modified":"2010-08-24T16:27:33","modified_gmt":"2010-08-24T16:27:33","slug":"alvaro-uribe-e-os-crimes-de-lesa-humanidade","status":"publish","type":"post","link":"https:\/\/pcb.org.br\/portal2\/760","title":{"rendered":"\u00c1lvaro Uribe e os crimes de lesa humanidade"},"content":{"rendered":"\n<p>A m\u00eddia brasileira \u00e9\u00a0pr\u00f3diga em falar do conflito armado na Col\u00f4mbia, sempre na perspectiva do governo, at\u00e9\u00a0estes dias, de \u00c1lvaro Uribe. Este, geralmente foi mostrado como o grande democrata que estava fazendo todo o poss\u00edvel para acabar com uma guerra civil que perdura por d\u00e9cadas.\u00a0\u00a0Jamais se ouviu ou se leu na m\u00eddia comercial brasileira sobre a famosa \u201cblack list\u201d, um documento produzido pelo Departamento de Defesa dos Estados Unidos, que mostra Uribe como um narcotraficante. O documento \u00e9 expl\u00edcito: \u00c1lvaro Uribe \u00e9 um senador (isso em 1991) que colabora ativamente com o cartel de Medelin, recebe dinheiro por isso e \u00e9 amigo pessoal de Pablo Escobar. Talvez por isso mesmo os EUA tenham apoiado o ent\u00e3o senador quando este quis ser presidente da Col\u00f4mbia e o foi por dois mandatos. N\u00e3o \u00e9 sem raz\u00e3o que Uribe permitiu a instala\u00e7\u00e3o de nove bases militares estadunidenses no territ\u00f3rio colombiano.<\/p>\n<p>Durante estes anos em que esteve \u00e0\u00a0frente do governo colombiano, Uribe certamente n\u00e3o deixou de ser um fiel servidor do narcotr\u00e1fico e n\u00e3o \u00e9 \u00e0 toa que agora inicia um processo de guerra contra a Venezuela, alegando mentiras sobre a liga\u00e7\u00e3o do governo de Ch\u00e1vez com os \u201cterroristas\u201d das FARCs. Segue o mesmo exemplo de seu chefe, George Bush, quando quis fazer a guerra contra o Iraque, a partir de mentiras como a que o Iraque teria armas qu\u00edmicas.<\/p>\n<p>Primeiro, as FARCs n\u00e3o s\u00e3o formadas por terroristas. S\u00e3o ex\u00e9rcitos regulares que lutam, armados, contra o ex\u00e9rcito da Col\u00f4mbia e tem um plano de liberta\u00e7\u00e3o para o pa\u00eds. Segundo, Uribe tem todo o interesse em se manter fora da cadeia, j\u00e1 que \u00e9 um narcotraficante reconhecido inclusive pelos EUA, ent\u00e3o precisa criar sobre si uma cortina de fuma\u00e7a. E terceiro, durante seus mandatos promoveu tantos crimes e atrocidades que igualmente deve ser julgado por crime de lesa humanidade.<\/p>\n<p>Na \u00faltima semana, uma fossa encontrada no pequeno povoado de La Macarena, a uns 200 quil\u00f4metros de Bogot\u00e1, regi\u00e3o que \u00e9\u00a0conhecida como uma das mais \u201cquentes\u201d no processo do conflito colombiano, revelou parte de toda essa atrocidade que o terrorismo de estado tem praticado ao longo dos anos. Mais de dois mil cad\u00e1veres foram encontrados, amontoados uns sobre os outros, alguns ainda com as m\u00e3os e p\u00e9s amarrados. Este se trata de um dos maiores enterros coletivos de v\u00edtimas que se tem not\u00edcia na Am\u00e9rica Latina. Segundo as informa\u00e7\u00f5es dos jornais colombianos, a fossa teria corpos desde o ano de 2005, sempre renovados.<\/p>\n<p>O ex\u00e9rcito colombiano se apressou em dizer que os corpos eram de guerrilheiros que haviam morrido em combate. Mas, o povo da regi\u00e3o n\u00e3o confirma isso. Pelo contr\u00e1rio, o que os moradores dizem \u00e9 que aqueles corpos s\u00e3o de l\u00edderes sociais, camponeses e militantes populares que desapareceram sem deixar qualquer rastro.<\/p>\n<p>A cova foi descoberta por conta da den\u00fancia realizada por gente que esteve por anos atuando junto aos paramilitares e que se entregou sob a prote\u00e7\u00e3o de uma controvertida lei chamada de Lei de Justi\u00e7a e Paz. Esta lei garante aos informantes uma pena simb\u00f3lica se eles confessarem seus crimes. Durante estas sess\u00f5es de \u201cconfiss\u00e3o\u201d, um dos chefes de um grupo paramilitar chamado John Jairo Renteria revelou que ele e seu grupo chegaram a enterrar mais de 800 pessoas em uma fazenda na cidade de Puerto As\u00eds. Tamb\u00e9m confessou que os seus comandados usavam estas pessoas (sindicalistas, militantes sociais, estudantes) para aprender como esquartejar uma pessoa e revelou que alguns procedimentos eram feitos com as pessoas ainda vivas.<\/p>\n<p>A audi\u00eancia e a localiza\u00e7\u00e3o dos corpos da cova de La Macarena aconteceram no mesmo dia em que o governo de Santos, atual presidente colombiano, pediu uma reuni\u00e3o urgente na OEA para denunciar a Venezuela como um estado que estava acolhendo membro das FARCs. Nada mais do que outra cortina de fuma\u00e7a para tentar encobrir o horror da descoberta e das outras tantas atrocidades produzidas pelo governo de seu amigo e antecessor \u00c1lvaro Uribe.<\/p>\n<p>O povo organizado da Col\u00f4mbia quer que tudo seja esclarecido e exige ainda a puni\u00e7\u00e3o de Uribe por estes crimes, imprescrit\u00edveis, de lesa humanidade.<\/p>\n<p>Veja fotos da cova descoberta em La Macarena.<\/p>\n<p><a href=\"http:\/\/www.iela.ufsc.br\/\" target=\"_blank\"><\/a><\/p>\n<p><a href=\"http:\/\/www.iela.ufsc.br\/\" target=\"_blank\"> <\/a><\/p>\n<p><a href=\"http:\/\/www.iela.ufsc.br\/\" target=\"_blank\">www.iela.ufsc.br<\/a><\/p>\n","protected":false},"excerpt":{"rendered":"\n\n\nCr\u00e9dito: eteia.blogspot.com\n\n\n\n\n\n\n\n\nPor Elaine Tavares\u00a0\u2013\u00a0jornalista \n<a class=\"moretag\" href=\"https:\/\/pcb.org.br\/portal2\/760\"> <\/a>","protected":false},"author":1,"featured_media":0,"comment_status":"open","ping_status":"open","sticky":false,"template":"","format":"standard","meta":{"jetpack_post_was_ever_published":false,"_jetpack_newsletter_access":"","_jetpack_dont_email_post_to_subs":false,"_jetpack_newsletter_tier_id":0,"_jetpack_memberships_contains_paywalled_content":false,"_jetpack_memberships_contains_paid_content":false,"footnotes":"","jetpack_publicize_message":"","jetpack_publicize_feature_enabled":true,"jetpack_social_post_already_shared":false,"jetpack_social_options":{"image_generator_settings":{"template":"highway","default_image_id":0,"font":"","enabled":false},"version":2}},"categories":[34],"tags":[],"class_list":["post-760","post","type-post","status-publish","format-standard","hentry","category-c39-colombia"],"jetpack_publicize_connections":[],"jetpack_featured_media_url":"","jetpack_shortlink":"https:\/\/wp.me\/p659gw-cg","jetpack-related-posts":[],"jetpack_likes_enabled":true,"jetpack_sharing_enabled":true,"_links":{"self":[{"href":"https:\/\/pcb.org.br\/portal2\/wp-json\/wp\/v2\/posts\/760","targetHints":{"allow":["GET"]}}],"collection":[{"href":"https:\/\/pcb.org.br\/portal2\/wp-json\/wp\/v2\/posts"}],"about":[{"href":"https:\/\/pcb.org.br\/portal2\/wp-json\/wp\/v2\/types\/post"}],"author":[{"embeddable":true,"href":"https:\/\/pcb.org.br\/portal2\/wp-json\/wp\/v2\/users\/1"}],"replies":[{"embeddable":true,"href":"https:\/\/pcb.org.br\/portal2\/wp-json\/wp\/v2\/comments?post=760"}],"version-history":[{"count":0,"href":"https:\/\/pcb.org.br\/portal2\/wp-json\/wp\/v2\/posts\/760\/revisions"}],"wp:attachment":[{"href":"https:\/\/pcb.org.br\/portal2\/wp-json\/wp\/v2\/media?parent=760"}],"wp:term":[{"taxonomy":"category","embeddable":true,"href":"https:\/\/pcb.org.br\/portal2\/wp-json\/wp\/v2\/categories?post=760"},{"taxonomy":"post_tag","embeddable":true,"href":"https:\/\/pcb.org.br\/portal2\/wp-json\/wp\/v2\/tags?post=760"}],"curies":[{"name":"wp","href":"https:\/\/api.w.org\/{rel}","templated":true}]}}