{"id":762,"date":"2010-08-26T13:35:09","date_gmt":"2010-08-26T13:35:09","guid":{"rendered":"http:\/\/pcb.org.br\/portal2\/?p=762"},"modified":"2010-08-26T13:35:09","modified_gmt":"2010-08-26T13:35:09","slug":"juan-manuel-santos-narcotraficante-de-turno-na-presidencia-da-colombia","status":"publish","type":"post","link":"https:\/\/pcb.org.br\/portal2\/762","title":{"rendered":"Juan Manuel Santos: Narcotraficante de turno na Presid\u00eancia da Col\u00f4mbia"},"content":{"rendered":"\n<p align=\"justify\"><em>Neste artigo Jos\u00e9 Paulo Gasc\u00e3o n\u00e3o s\u00f3 arranca a m\u00e1scara a Juan Manuel Santos como afirma que a assinatura da \u00abDeclara\u00e7\u00e3o de Princ\u00edpios\u00bb entre Ch\u00e1vez e Juan Manuel Santos \u201c\u00e9 uma poderosa ajuda \u00e0 campanha medi\u00e1tica em curso, de legitima\u00e7\u00e3o do criminoso regime colombiano\u201d.<\/em><\/p>\n<p align=\"justify\">A elei\u00e7\u00e3o de Juan Manuel Santos como sucessor de \u00c1lvaro Uribe na presid\u00eancia da Rep\u00fablica \u00e9 \u00abo triunfo ileg\u00edtimo da continuidade, repudiado pela absten\u00e7\u00e3o da cidadania\u00bb, como definiram as FARC em comunicado de 21 de Junho passado [1].<\/p>\n<p align=\"justify\">O artificial conflito criado com o seu antecessor, no per\u00edodo que mediou entre a sua elei\u00e7\u00e3o e a posse, e a luzidia cerim\u00f3nia de posse com a presen\u00e7a de 16 Chefes de Estado, alguns deles que se reivindicam de liderar \u00abprocessos de mudan\u00e7a\u00bb nos seus pa\u00edses, internamente, corresponde \u00e0 necessidade da oligarquia colombiana e do imperialismo procurarem fazer crer que se afastam de Uribe, e externamente, \u00e9 a tentativa de legitima\u00e7\u00e3o de um regime umbilicalmente ligado ao narcotr\u00e1fico e ao paramilitarismo, respons\u00e1vel por milhares de assass\u00ednios e milh\u00f5es de desapossados e deslocados das suas terras.<\/p>\n<p align=\"justify\">Com uma cara que n\u00e3o engana, Juan Manuel Santos \u00e9 o membro destacado para a vida pol\u00edtica activa de uma das mais poderosas fam\u00edlias colombianas. Ligada \u00e0 comunica\u00e7\u00e3o social desde a compra de El Tiempo em 1913 (o \u00fanico di\u00e1rio colombiano de circula\u00e7\u00e3o nacional), a fam\u00edlia Santos domina ainda, entre outros neg\u00f3cios fora da comunica\u00e7\u00e3o social, 4 seman\u00e1rios, 1 TV, 1 TV por subscri\u00e7\u00e3o, o servi\u00e7o informativo e de entretenimento dos possuidores de telem\u00f3veis da rede da Vivemovil, 11 revistas e 8 portais de internet.<\/p>\n<p align=\"justify\">Sobrinho-neto de Eduardo Santos, presidente da Col\u00f4mbia em 1938-1942, a saga de Juan Manuel Santos e da fam\u00edlia confunde-se com a hist\u00f3ria da explora\u00e7\u00e3o desenfreada, da repress\u00e3o e da tortura, do assass\u00ednio pol\u00edtico, do crescimento exponencial do narcotr\u00e1fico e do paramilitarismo nos \u00faltimos 80 anos da Col\u00f4mbia.<\/p>\n<p align=\"justify\">No in\u00edcio da d\u00e9cada de 90 do s\u00e9culo passado, Juan Manuel Santos liderou a privatiza\u00e7\u00e3o da Seguran\u00e7a Social e a entrega dos seus fundos \u00e0 iniciativa privada, atrav\u00e9s de um decalque da lei chilena de Pinochet, o que tornou \u00aba possibilidade de aceder a uma pens\u00e3o em algo inacess\u00edvel aos trabalhadores\u00bb. Como pr\u00e9mio, em 1991, o presidente C\u00e9sar Gaviria &#8211; respons\u00e1vel pelo genoc\u00eddio da Uni\u00e3o Patri\u00f3tica, com cerca de 4.000 mortos &#8211; entregou-lhe a pasta da Ind\u00fastria e Com\u00e9rcio, o que permitiu a Juan Manuel Santos executar um processo de privatiza\u00e7\u00e3o de empresas p\u00fablicas e de desregula\u00e7\u00e3o da economia colombiana. Mais tarde, como ministro da Fazenda de Pastra\u00f1a, 2000-2002, infringiu leis e a pr\u00f3pria Constitui\u00e7\u00e3o na privatiza\u00e7\u00e3o de empresas do Estado, o que lhe valeu um processo inconclusivo por \u00abresponsabilidade fiscal e dano patrimonial do Estado\u00bb.<\/p>\n<p align=\"justify\"><strong>A FAMILIA SANTOS,<\/strong><\/p>\n<p align=\"justify\"><strong>O NARCOTR\u00c1FICO E O PARAMILITARISMO<\/strong><\/p>\n<p align=\"justify\">As rela\u00e7\u00f5es da fam\u00edlia Santos com o narcotr\u00e1fico n\u00e3o se limitaram a \u00c1lvaro Uribe que, segundo um relat\u00f3rio do Departamento de Intelig\u00eancia dos EUA de Setembro de 1991 desclassificado em Julho de 2004, estava \u00abdedicado \u00e0 colabora\u00e7\u00e3o com o cartel de Medellin ao mais alto n\u00edvel governamental\u00bb e \u00aba um neg\u00f3cio de narc\u00f3ticos nos EUA\u00bb [2], o n\u00e3o impediu que \u00c1lvaro Uribe fosse, durante os oito anos dos seus dois mandatos, o mais fiel e dedicado aliado dos EUA.<\/p>\n<p align=\"justify\">Em Outubro de 1997 Juan Manuel Santos teve um encontro com os narcotraficantes Carlos Casta\u00f1o e Vitor Carranza para apear o presidente Samper, conforme afirma o primeiro no seu livro \u00abMi Confesi\u00f3n\u00bb; dias depois, \u00abanuncia um plano de paz com os paramilitares\u00bb; recentemente, foi tornada p\u00fablica uma grava\u00e7\u00e3o em que Casta\u00f1o convida Salvatore Mancuso [chefe do paramilitarismo] para uma reuni\u00e3o com outro membro da fam\u00edlia\u00bb, Guilherme Santos; em Maio de 2004, Juan Manuel Santos cr\u00edtica dura e publicamente uma jornalista de El Tiempo, Maria Duz\u00e1n, por esta \u00abter acabado com a honra de um dos seus amigos, Diego Rojas\u00bb. Na altura, havia um mandato de captura sobre este \u00abamigo\u00bb de Juan Manuel Santos por estar \u00abao servi\u00e7o do narcotr\u00e1fico em Valle de Cauca\u00bb.<\/p>\n<p align=\"justify\">Esta resumida selec\u00e7\u00e3o de factos do registo criminal n\u00e3o judicial da fam\u00edlia Santos ficaria incompleta se n\u00e3o referisse a acusa\u00e7\u00e3o da jornalista Virg\u00ednia Vallejo, ex-amante de Pablo Escobar: os tr\u00eas membros da fam\u00edlia Santos no consulado de Uribe, o vice-presidente, o ministro do Ambiente, da Habita\u00e7\u00e3o e do Desenvolvimento Territorial e o ministro da defesa (Juan Manuel Santos) \u00abfizeram uma alian\u00e7a com Pablo Escobar [chefe do cartel de Medellin] e assim conseguiram refor\u00e7ar o seu emp\u00f3rio, alian\u00e7a que hoje se refor\u00e7a com os herdeiros do cartel de Medellin encabe\u00e7ados por \u00c1lvaro Uribe Velez\u00bb [3].<\/p>\n<p align=\"justify\"><strong>A DECLARA\u00c7\u00c3O CONJUNTA<\/strong><\/p>\n<p align=\"justify\"><strong>DE CH\u00c1VEZ E JUAN MANUEL SANTOS<\/strong><\/p>\n<p align=\"justify\">A assinatura de uma \u00abDeclara\u00e7\u00e3o de Princ\u00edpios\u00bb que paute o relacionamento entre pa\u00edses desavindos e o regozijo pelo in\u00edcio de uma pol\u00edtica comum de boa vizinhan\u00e7a \u00e9 n\u00e3o s\u00f3 desej\u00e1vel como necess\u00e1ria, mas o documento assinado e o discurso de Ch\u00e1vez n\u00e3o s\u00f3 n\u00e3o garantem esse futuro, como s\u00e3o uma ajuda \u00e0 poderosa campanha medi\u00e1tica em curso, de legitima\u00e7\u00e3o do criminoso regime colombiano.<\/p>\n<p align=\"justify\">Sem querer alongar-me, n\u00e3o posso deixar de sublinhar que, se h\u00e1 um ano Ch\u00e1vez congelou as rela\u00e7\u00f5es com a Col\u00f4mbia, pela autoriza\u00e7\u00e3o do governo de Uribe de instalar 7 bases dos EUA naquele pa\u00eds, agora, nem na \u00abDeclara\u00e7\u00e3o de Princ\u00edpios\u00bb nem no seu discurso de apresenta\u00e7\u00e3o do documento h\u00e1 uma palavra sobre o assunto. Ser\u00e1 que as bases dos EUA j\u00e1 n\u00e3o amea\u00e7am a regi\u00e3o?<\/p>\n<p align=\"justify\">Se no princ\u00edpio de 2008 Ch\u00e1vez apelava \u00e0s organiza\u00e7\u00f5es internacionais para que reconhecessem o estatuto de \u00abfor\u00e7a beligerante\u00bb \u00e0s FARC e se oferecia para facilitar o di\u00e1logo entre os beligerantes para uma solu\u00e7\u00e3o negociada do problema da Col\u00f4mbia, numa clara manifesta\u00e7\u00e3o de realismo e senso com\u00fam, agora no discurso de Santa Marta disse que o seu governo \u00abn\u00e3o apoia nem permite nem permitir\u00e1 a presen\u00e7a de guerrilha nem terrorismo (\u2026) ou o que quer que se chame\u00bb.<\/p>\n<p align=\"justify\">A dificuldade de relacionamento entre os dois pa\u00edses ser\u00e1 uma realidade enquanto a Venezuela caminhar no sentido da consolida\u00e7\u00e3o do processo de mudan\u00e7a em curso e a Col\u00f4mbia for dominada pela oligarquia ora reinante em alian\u00e7a com o imperialismo norte-americano. Nada t\u00eam de pessoal. Engana-se quem pensar ou agir como se fosse poss\u00edvel com a elei\u00e7\u00e3o do ex-ministro da Defesa de Uribe alguma mudan\u00e7a pol\u00edtica sens\u00edvel.<\/p>\n<p align=\"justify\">Juan Manuel Santos, tal como \u00c1lvaro Uribe, n\u00e3o s\u00f3 defendem e defender\u00e3o os interesses da oligarquia e dos narcotraficantes colombianos que integram e do imperialismo, como ter\u00e3o bem presente a sorte do general panamenho Manuel Noriega, s\u00f3 ca\u00eddo em desgra\u00e7a quando procurou resgatar para o pa\u00eds a soberania plena do canal do Panam\u00e1.<\/p>\n<p align=\"justify\">Imp\u00e9rio algum perdoa a fuga dos servidores.<\/p>\n<p align=\"justify\">Notas:<\/p>\n<p align=\"justify\">[1] ver\u00a0<a href=\"http:\/\/www.odiario.info\/?p=1683\" target=\"_blank\">www.odiario.info\/?p=1683<\/a>.<\/p>\n<p align=\"justify\">[2] Para aceder ao texto completo do documento do Departamento de Intelig\u00eancia dos EUA, ver a apresenta\u00e7\u00e3o do artigo \u00abHist\u00f3rias de Romanos na Col\u00f4mbia de hoje\u00bb em\u00a0<a href=\"http:\/\/www.odiario.info\/?p=1696\" target=\"_blank\">www.odiario.info\/?p=1696<\/a> e clicar a seguir \u00e0 palavra anexo.<\/p>\n<p align=\"justify\">[3] Ver\u00a0<a href=\"http:\/\/www.odiario.info\/?p=819\" target=\"_blank\">www.odiario.info\/?p=819<\/a>.<\/p>\n<p align=\"justify\">Fonte:\u00a0<a href=\"http:\/\/odiario.info\/?p=1711\">http:\/\/odiario.info\/?p=1711<\/a><\/p>\n<p>\u00a0<\/p>\n<p align=\"justify\">\n","protected":false},"excerpt":{"rendered":"\n\n\nCr\u00e9dito: ODiario.info\n\n\n\n\n\n\n\n\nJos\u00e9 Paulo Gasc\u00e3o\n<a class=\"moretag\" href=\"https:\/\/pcb.org.br\/portal2\/762\"> <\/a>","protected":false},"author":1,"featured_media":0,"comment_status":"open","ping_status":"open","sticky":false,"template":"","format":"standard","meta":{"jetpack_post_was_ever_published":false,"_jetpack_newsletter_access":"","_jetpack_dont_email_post_to_subs":false,"_jetpack_newsletter_tier_id":0,"_jetpack_memberships_contains_paywalled_content":false,"_jetpack_memberships_contains_paid_content":false,"footnotes":"","jetpack_publicize_message":"","jetpack_publicize_feature_enabled":true,"jetpack_social_post_already_shared":false,"jetpack_social_options":{"image_generator_settings":{"template":"highway","default_image_id":0,"font":"","enabled":false},"version":2}},"categories":[34],"tags":[],"class_list":["post-762","post","type-post","status-publish","format-standard","hentry","category-c39-colombia"],"jetpack_publicize_connections":[],"jetpack_featured_media_url":"","jetpack_shortlink":"https:\/\/wp.me\/p659gw-ci","jetpack-related-posts":[],"jetpack_likes_enabled":true,"jetpack_sharing_enabled":true,"_links":{"self":[{"href":"https:\/\/pcb.org.br\/portal2\/wp-json\/wp\/v2\/posts\/762","targetHints":{"allow":["GET"]}}],"collection":[{"href":"https:\/\/pcb.org.br\/portal2\/wp-json\/wp\/v2\/posts"}],"about":[{"href":"https:\/\/pcb.org.br\/portal2\/wp-json\/wp\/v2\/types\/post"}],"author":[{"embeddable":true,"href":"https:\/\/pcb.org.br\/portal2\/wp-json\/wp\/v2\/users\/1"}],"replies":[{"embeddable":true,"href":"https:\/\/pcb.org.br\/portal2\/wp-json\/wp\/v2\/comments?post=762"}],"version-history":[{"count":0,"href":"https:\/\/pcb.org.br\/portal2\/wp-json\/wp\/v2\/posts\/762\/revisions"}],"wp:attachment":[{"href":"https:\/\/pcb.org.br\/portal2\/wp-json\/wp\/v2\/media?parent=762"}],"wp:term":[{"taxonomy":"category","embeddable":true,"href":"https:\/\/pcb.org.br\/portal2\/wp-json\/wp\/v2\/categories?post=762"},{"taxonomy":"post_tag","embeddable":true,"href":"https:\/\/pcb.org.br\/portal2\/wp-json\/wp\/v2\/tags?post=762"}],"curies":[{"name":"wp","href":"https:\/\/api.w.org\/{rel}","templated":true}]}}