{"id":77,"date":"2009-08-23T22:58:15","date_gmt":"2009-08-23T22:58:15","guid":{"rendered":"http:\/\/pcb.org.br\/portal2\/?p=77"},"modified":"2009-08-23T22:58:15","modified_gmt":"2009-08-23T22:58:15","slug":"o-desmanche-do-pt-e-de-lula","status":"publish","type":"post","link":"https:\/\/pcb.org.br\/portal2\/77","title":{"rendered":"O DESMANCHE DO PT \u2013 E DE LULA"},"content":{"rendered":"\n<p>O problema \u00e9 que Sarney \u00e9 um dos c\u00e2nceres da pol\u00edtica nacional e como todo c\u00e2ncer precisa ser extirpado. Do contr\u00e1rio todo o organismo fica comprometido. E n\u00e3o h\u00e1 nenhum milagre no fato de Lula ser mais popular que FHC. Qualquer um que n\u00e3o seja tucano ou democrata em qualquer canto do mundo.<\/p>\n<p>O xis da quest\u00e3o \u00e9 que quando os eleitores se libertaram do jugo corrupto dos tucanos, do governo FHC, elegeram Lula para fazer o contr\u00e1rio. Lula n\u00e3o fez. Dourou a p\u00edlula, evitou uma ou outra das costumeiras besteiras de FHC, o car\u00e1ter entreguista do governo, mas n\u00e3o foi al\u00e9m do \u201ccapitalismo a brasileira\u201d, perfeita defini\u00e7\u00e3o de Ivan Pinheiro.<\/p>\n<p>E isso, evidente, porque h\u00e1 uma diferen\u00e7a de car\u00e1ter entre o atual presidente e o ex-presidente. Lula n\u00e3o \u00e9 bandido. Mas tamb\u00e9m n\u00e3o \u00e9 mocinho.<\/p>\n<p>A senadora Marina da Silva viveu na pele, sofreu, ag\u00fcentou, tentou de todas as formas, que pol\u00edticas ambientais \u2013 era o que lhe cabia no governo enquanto ministra \u2013 obedecessem ao programa do seu partido, o PT.<\/p>\n<p>Esbarrou no pragmatismo de setores do governo e do partido, numa alian\u00e7a inacredit\u00e1vel que levou, por exemplo, o norte-americano Henry Meireles (algumas pessoas chamam de Henrique) \u00e0 presid\u00eancia do Banco Central.<\/p>\n<p>Em busca de uma \u201cgovernabilidade\u201d que n\u00e3o tinha nada a ver com os anseios e aspira\u00e7\u00f5es dos brasileiros que o elegeram, Lula juntou-se a partidos e pol\u00edticos inaceit\u00e1veis em qualquer circunst\u00e2ncia.<\/p>\n<p>O que foi o mensal\u00e3o? A jogada perversa, mas fria, planejada e pensada de um pol\u00edtico ligado \u00e0 ditadura militar, com postura de extrema-direita, mas corrupto confesso, Roberto J\u00e9ferson, em favor de tucanos.<\/p>\n<p>Por detr\u00e1s da postura de J\u00e9ferson havia apenas um jogo de interesses e o ex-deputado n\u00e3o fez nada daquilo por acesso de bom caratismo, at\u00e9 porque nada do que disse ficou provado at\u00e9 hoje. Ao contr\u00e1rio da compra de votos para aprovar a emenda constitucional da reelei\u00e7\u00e3o no primeiro governo de FHC. Mas Lula deixou-se enredar e cada vez mais foi atolando seu governo e seu partido num PMDB tucano, sob a batuta de Michel Temer e noutra faceta, a do coronelismo, sob a reg\u00eancia de Jos\u00e9 Sarney.<\/p>\n<p>Existe algo maior que Lula e o PT. N\u00e3o inventaram nem a esquerda e nem a luta popular. Se faz parte do governo uma figura com a estatura de Celso Amorim, ou do secret\u00e1rio geral do Itamaraty, embaixador Samuel Pinheiro Guimar\u00e3es, do ministro da Sa\u00fade, que por sinal \u00e9 do PMDB, Jos\u00e9 Carlos Tempor\u00e3o, fez parte at\u00e9 pouco tempo um embuste chamado Mangabeira Unger. Est\u00e1 no Minist\u00e9rio das Comunica\u00e7\u00f5es um pol\u00edtico no m\u00ednimo complicado, H\u00e9lio Costa.<\/p>\n<p>Quais os avan\u00e7os reais e efetivos na reforma agr\u00e1ria? Por que a entrega de ponder\u00e1vel parte do pr\u00e9 sal?<\/p>\n<p>A opini\u00e3o p\u00fablica foi iludida no governo FHC com a conversa fiada que privatizando o governo teria mais dinheiro para a sa\u00fade, a educa\u00e7\u00e3o e pol\u00edticas sociais de reais e efetivos avan\u00e7os, na pr\u00e1tica, o programa bolsa fam\u00edlia, tocado com a compet\u00eancia e a seriedade do ministro Patrus Ananias (uma das exce\u00e7\u00f5es positivas), mas e da\u00ed?<\/p>\n<p>O governo Lula caiu na armadilha da pol\u00edtica rasteira de Bras\u00edlia, uma esp\u00e9cie de ilha da fantasia e os aspectos positivos acabam se perdendo nessa \u201carraia mi\u00fada\u201d, pagando o pre\u00e7o de defender um dos mais corruptos e venais pol\u00edticos do Brasil contempor\u00e2neo, exatamente Jos\u00e9 Sarney.<\/p>\n<p>O Senado todo \u00e9 uma desnecessidade como afirma o jurista Dalmo Dalari de Abreu? Num projeto pol\u00edtico de governo popular \u00e9 sim. N\u00e3o importa que existam cinco ou seis senadores decentes. A chamada C\u00e2mara Alta pratica a mais baixa forma de pol\u00edtica.<\/p>\n<p>Lula pensou pequeno.<\/p>\n<p>A senadora Marina da Silva, \u00e0 frente do Minist\u00e9rio do Meio-ambiente, tratou de defender interesses nacionais para al\u00e9m dos espec\u00edficos de sua pasta.<\/p>\n<p>A Amaz\u00f4nia \u00e9 talvez o maior desafio para o Pa\u00eds, ao lado do problema da Comunica\u00e7\u00e3o em poder de grupos controlados de fora. Por gente de fora. De olho na Amaz\u00f4nia.<\/p>\n<p>Quando candidato a presidente Lula falava em projeto Brasil. Onde est\u00e1? Nos acordos feitos com a MONSANTO para a produ\u00e7\u00e3o de transg\u00eanicos? Na VALE privatizada? Na EMBRAER em m\u00e3os do capital estrangeiro?<\/p>\n<p>Na PETROBRAS acossada dia e noite por bandidos do porte de Jereissati, FHC, Arthur Virg\u00edlio, de olho nas contas banc\u00e1rias e nas contribui\u00e7\u00f5es das empresas estrangeiras do setor petrol\u00edfero?<\/p>\n<p>H\u00e1 dias a Marinha brasileira divulgou um comunicado oficial repudiando e desmentindo o jornal THE GLOBE (alguns conhecem como O GLOBO) sobre a quest\u00e3o dos submarinos movidos a propuls\u00e3o nuclear. J\u00e1 poder\u00edamos ter pelo menos tr\u00eas desses submarinos tomando conta das costas, do litoral do Brasil e n\u00e3o o temos por conta do jogo de empurra e entrega do governo FHC e da falta de decis\u00e3o do governo Lula. A decis\u00e3o veio agora e como compensa\u00e7\u00e3o pol\u00edtica. N\u00e3o como parte de um projeto de defesa da soberania nacional e da integridade de nosso territ\u00f3rio que passa pelo mar territorial brasileiro. S\u00e3o indispens\u00e1veis, os submarinos.<\/p>\n<p>Pior ainda. A Aeron\u00e1utica brasileira est\u00e1 a merc\u00ea de interesses norte-americanos e de Israel no que diz respeito a ser reequipada com ca\u00e7as \u00e0 altura das reais necessidades da seguran\u00e7a nacional. \u00c9 um problema que rola desde os tempos de FHC e Lula n\u00e3o resolveu. S\u00f3 procurou equilibrar-se na conversa de uma no cravo e outra na ferradura, ou em solu\u00e7\u00f5es paliativas.<\/p>\n<p>Seguran\u00e7a n\u00e3o pode confundido com empregado do CARREFOUR levando um negro para um quartinho (a empresa \u00e9 c\u00famplice, \u00e9 bandida) pelo fato de ser negro e, portanto, suspeito de ser ladr\u00e3o. Uai! FHC \u00e9 branco. Sarney apesar de pintar cabelos e bigodes de preto \u00e9 branco. E nunca ningu\u00e9m levou os dois para quartinho escuro.<\/p>\n<p>A pol\u00edtica de Lula para a Amaz\u00f4nia, para al\u00e9m da quest\u00e3o ambiental, inexiste. Ou o que existe \u00e9 um outro exerc\u00edcio de equilibrismo entre as mega concess\u00f5es feitas a setores e grupos privados e as palha\u00e7adas do ministro Minc com dados estat\u00edsticos que n\u00e3o comprovam coisa alguma no essencial.<\/p>\n<p>Falta decis\u00e3o pol\u00edtica efetiva de uma integra\u00e7\u00e3o latino-americana que exclui tropas no Haiti. E um monte de outras coisas.<\/p>\n<p>Onde o governo Lula consegue avan\u00e7os \u2013 e existem \u2013 \u00e9 onde est\u00e3o figuras que na verdade garantem o m\u00ednimo de credibilidade e visibilidade desses avan\u00e7os. Do contr\u00e1rio seria s\u00f3 uma exibi\u00e7\u00e3o fant\u00e1stica de carisma de Lula, ineg\u00e1vel, mas compreens\u00edvel se comparado com algu\u00e9m como FHC, uma figura que tipifica o ser amoral. Sem escr\u00fapulos.<\/p>\n<p>Ou voc\u00ea acha que Obama chama Lula de \u201co cara\u201d por que?<\/p>\n<p>O governo d\u00e1 a sensa\u00e7\u00e3o, outro ponto, que n\u00e3o atinou para a grave amea\u00e7a \u00e0 soberania nacional e especificamente a Amaz\u00f4nia, no que diz respeito ao acordo militar entre a Col\u00f4mbia e os Estados Unidos. Sete bases militares para \u201ccombater o narcotr\u00e1fico\u201d? Ora, o narcotr\u00e1fico, segundo o departamento de combate \u00e0s drogas do governo dos EUA, est\u00e1 no governo colombiano. Em \u00c1lvaro Uribe.<\/p>\n<p>E \u00e9 o que menos importa. Importa o controle da Amaz\u00f4nia. Quando a GLOBO e outros se referem \u00e0s FARCs como \u201cterroristas\u201d est\u00e3o apenas tentando criar na opini\u00e3o p\u00fablica \u2013 e criaram \u2013 o monstro que devora criancinhas, mata idosos, n\u00e3o permite a democracia, quando no duro, as FARCs s\u00e3o um ponto de resist\u00eancia ao avan\u00e7o dos EUA sobre a Amaz\u00f4nia brasileira ou n\u00e3o.<\/p>\n<p>Em seguida ao cancelamento da visita do presidente do Ir\u00e3 ao Brasil, o l\u00edder sionista (sin\u00f4nimo de fascismo) que ocupa o minist\u00e9rio das Rela\u00e7\u00f5es Exteriores de Israel apareceu por aqui para deitar falas sobre coopera\u00e7\u00e3o, de olho em comunidades palestinas no sul do Pa\u00eds e na \u00e1gua, no controle da tr\u00edplice fronteira, onde agem \u00e0s escancaras terroristas do MOSSAD.<\/p>\n<p>Por que o governo brasileiro n\u00e3o rompeu rela\u00e7\u00f5es diplom\u00e1ticas com o governo golpista de Honduras? Qual a raz\u00e3o da presen\u00e7a de tropas brasileiras no Haiti num processo de ocupa\u00e7\u00e3o e repress\u00e3o ao sabor dos interesses dos EUA?<\/p>\n<p>Marina da Silva n\u00e3o \u00e9 a ponta de um iceberg. \u00c9 o pr\u00f3prio. N\u00e3o ag\u00fcentou digerir tantos sapos assim. E existem diferen\u00e7as fundamentais entre ela e Helo\u00edsa Helena. A senadora Marina tentou de todas as formas resistir dentro do PT. N\u00e3o \u00e9 uma temperamental como a alagoana. E n\u00e3o vai aqui nenhuma cr\u00edtica sobre conduta em rela\u00e7\u00e3o a Helo\u00edsa Helena, s\u00f3 a forma, ao jeito.<\/p>\n<p>A decis\u00e3o de deixar o partido foi consciente. Pensada e pesada. O que vai fazer daqui para a frente \u00e9 outra conversa. Se se deixar ludibriar pelo canto de tucanos e democratas joga fora sua hist\u00f3ria. N\u00e3o creio que fa\u00e7a isso. A senadora n\u00e3o d\u00e1 mostras, nunca, de assimilar a conviv\u00eancia com p\u00fastulas padr\u00e3o Jos\u00e9 Serra.<\/p>\n<p>O problema Marina da Silva n\u00e3o \u00e9 s\u00f3 Marina da Silva, o tamanho da perda (imenso). \u00c9 o processo autof\u00e1gico de Lula e do PT.<\/p>\n<p>Isso significa que presidente e partido s\u00e3o absolutamente irrespons\u00e1veis no que diz respeito \u00e0 luta popular e pensam apenas e t\u00e3o somente na pol\u00edtica menor de um institucional carcomido pela corrup\u00e7\u00e3o e pelo entreguismo.<\/p>\n<p>N\u00e3o se pode exigir das pessoas que fechem os olhos a isso e ap\u00f3iem incondicionalmente o governo e seu partido.<\/p>\n<p>Apoio incondicional, um pol\u00edtico mineiro dos velhos tempos dizia que a gente \u201cs\u00f3 presta a m\u00e3e\u201d.<\/p>\n<p>O que est\u00e1 em jogo \u00e9 bem maior que Lula e o PT.<\/p>\n<p>Os caminhos s\u00e3o outros. Ou esse Pa\u00eds vira estado norte-americano, rep\u00fablica de bananas, com bases militares no Nordeste como querem os EUA, sob a batuta de bandidos tucanos democratas \u00e0 frente Jos\u00e9 Serra e toda a corte FIESP\/DASLU.<\/p>\n<p>Na luta pelo Brasil soberano, independente e justo, Lula e o PT s\u00e3o epis\u00f3dicos. Essa constru\u00e7\u00e3o est\u00e1 acima deles. E a resist\u00eancia se estende a atitudes e posturas como a de aliar-se a figuras como Sarney. N\u00e3o se trata de sobreviver a nada, mas t\u00e3o somente de criar condi\u00e7\u00f5es de governabilidade dentro de um processo corrupto e anti-nacional.<\/p>\n<p>\u00c9 abrir as portas para Jos\u00e9 Serra em 2010. Ou pior, o irrespons\u00e1vel do governador de Minas. O tal que n\u00e3o tem dinheiro, mas compra apartamento de 12 milh\u00f5es de reais.<\/p>\n","protected":false},"excerpt":{"rendered":"Por: Laerte Braga\nH\u00e1 um pensamento dominante entre petistas que qualquer cr\u00edtica ao governo Lula signifique apoio, ou consentimento, ou ajuda, a manobras tucano\/democratas para eleger Jos\u00e9 Serra em 2010. Ou o tresloucado governador de Minas A\u00e9cio Neves. Petistas n\u00e3o t\u00eam o h\u00e1bito de olhar para o pr\u00f3prio umbigo e perceberem os equ\u00edvocos cometidos pelo governo Lula e pelo partido numa trajet\u00f3ria err\u00e1tica que, mesmo com os altos \u00edndices de aprova\u00e7\u00e3o do presidente, n\u00e3o o exime de cr\u00edticas.\nUma coisa s\u00e3o as alian\u00e7as podres do governo e outra coisa s\u00e3o os podres tucanos e f\u00e9tidos democratas. Eu n\u00e3o votaria em Alu\u00edsio Mercadante para nada. Mas entendo sua decis\u00e3o de renunciar \u00e0 lideran\u00e7a da bancada do partido no Senado. N\u00e3o votaria nele, mas h\u00e1 diferen\u00e7as abissais entre Mercadante e Jereissati ou qualquer tucano. Mercadante \u00e9 um sujeito decente, tucano n\u00e3o sabe o que \u00e9 isso.\n<a class=\"moretag\" href=\"https:\/\/pcb.org.br\/portal2\/77\"> <\/a>","protected":false},"author":1,"featured_media":0,"comment_status":"open","ping_status":"open","sticky":false,"template":"","format":"standard","meta":{"jetpack_post_was_ever_published":false,"_jetpack_newsletter_access":"","_jetpack_dont_email_post_to_subs":false,"_jetpack_newsletter_tier_id":0,"_jetpack_memberships_contains_paywalled_content":false,"_jetpack_memberships_contains_paid_content":false,"footnotes":"","jetpack_publicize_message":"","jetpack_publicize_feature_enabled":true,"jetpack_social_post_already_shared":false,"jetpack_social_options":{"image_generator_settings":{"template":"highway","default_image_id":0,"font":"","enabled":false},"version":2}},"categories":[66],"tags":[],"class_list":["post-77","post","type-post","status-publish","format-standard","hentry","category-c79-nacional"],"jetpack_publicize_connections":[],"jetpack_featured_media_url":"","jetpack_shortlink":"https:\/\/wp.me\/p659gw-1f","jetpack-related-posts":[],"jetpack_likes_enabled":true,"jetpack_sharing_enabled":true,"_links":{"self":[{"href":"https:\/\/pcb.org.br\/portal2\/wp-json\/wp\/v2\/posts\/77","targetHints":{"allow":["GET"]}}],"collection":[{"href":"https:\/\/pcb.org.br\/portal2\/wp-json\/wp\/v2\/posts"}],"about":[{"href":"https:\/\/pcb.org.br\/portal2\/wp-json\/wp\/v2\/types\/post"}],"author":[{"embeddable":true,"href":"https:\/\/pcb.org.br\/portal2\/wp-json\/wp\/v2\/users\/1"}],"replies":[{"embeddable":true,"href":"https:\/\/pcb.org.br\/portal2\/wp-json\/wp\/v2\/comments?post=77"}],"version-history":[{"count":0,"href":"https:\/\/pcb.org.br\/portal2\/wp-json\/wp\/v2\/posts\/77\/revisions"}],"wp:attachment":[{"href":"https:\/\/pcb.org.br\/portal2\/wp-json\/wp\/v2\/media?parent=77"}],"wp:term":[{"taxonomy":"category","embeddable":true,"href":"https:\/\/pcb.org.br\/portal2\/wp-json\/wp\/v2\/categories?post=77"},{"taxonomy":"post_tag","embeddable":true,"href":"https:\/\/pcb.org.br\/portal2\/wp-json\/wp\/v2\/tags?post=77"}],"curies":[{"name":"wp","href":"https:\/\/api.w.org\/{rel}","templated":true}]}}