{"id":7808,"date":"2015-04-16T20:45:59","date_gmt":"2015-04-16T20:51:36","guid":{"rendered":"http:\/\/pcb.org.br\/portal2\/?p=7808"},"modified":"2015-04-22T18:44:45","modified_gmt":"2015-04-22T18:44:45","slug":"saudacao-das-farc-ep-ao-vii-congresso-nacional-da-uniao-da-juventude-comunista-ujc-brasil","status":"publish","type":"post","link":"https:\/\/pcb.org.br\/portal2\/7808","title":{"rendered":"SAUDA\u00c7\u00c3O DAS FARC-EP AO VII CONGRESSO NACIONAL DA UNI\u00c3O DA JUVENTUDE COMUNISTA (UJC-Brasil)"},"content":{"rendered":"<p><object class=\"imagem100\" width=\"300\" height=\"150\"><param name=\"movie\" value=\"http:\/\/www.youtube.com\/v\/hgR3PPHst-k\" \/><param name=\"allowFullScreen\" value=\"true\" \/><param name=\"allowscriptaccess\" value=\"always\" \/><\/object><\/p>\n<p><!--more--><\/p>\n<p>https:\/\/www.youtube.com\/watch?v=hgR3PPHst-k<\/p>\n","protected":false},"excerpt":{"rendered":"<a class=\"moretag\" href=\"https:\/\/pcb.org.br\/portal2\/7808\"> <\/a>","protected":false},"author":1,"featured_media":0,"comment_status":"closed","ping_status":"closed","sticky":false,"template":"","format":"standard","meta":{"jetpack_post_was_ever_published":false,"_jetpack_newsletter_access":"","_jetpack_dont_email_post_to_subs":false,"_jetpack_newsletter_tier_id":0,"_jetpack_memberships_contains_paywalled_content":false,"_jetpack_memberships_contains_paid_content":false,"footnotes":"","jetpack_publicize_message":"","jetpack_publicize_feature_enabled":true,"jetpack_social_post_already_shared":false,"jetpack_social_options":{"image_generator_settings":{"template":"highway","default_image_id":0,"font":"","enabled":false},"version":2}},"categories":[27],"tags":[],"class_list":["post-7808","post","type-post","status-publish","format-standard","hentry","category-c27-ujc"],"jetpack_publicize_connections":[],"jetpack_featured_media_url":"","jetpack_shortlink":"https:\/\/wp.me\/p659gw-21W","jetpack-related-posts":[],"jetpack_likes_enabled":true,"jetpack_sharing_enabled":true,"_links":{"self":[{"href":"https:\/\/pcb.org.br\/portal2\/wp-json\/wp\/v2\/posts\/7808","targetHints":{"allow":["GET"]}}],"collection":[{"href":"https:\/\/pcb.org.br\/portal2\/wp-json\/wp\/v2\/posts"}],"about":[{"href":"https:\/\/pcb.org.br\/portal2\/wp-json\/wp\/v2\/types\/post"}],"author":[{"embeddable":true,"href":"https:\/\/pcb.org.br\/portal2\/wp-json\/wp\/v2\/users\/1"}],"replies":[{"embeddable":true,"href":"https:\/\/pcb.org.br\/portal2\/wp-json\/wp\/v2\/comments?post=7808"}],"version-history":[{"count":0,"href":"https:\/\/pcb.org.br\/portal2\/wp-json\/wp\/v2\/posts\/7808\/revisions"}],"wp:attachment":[{"href":"https:\/\/pcb.org.br\/portal2\/wp-json\/wp\/v2\/media?parent=7808"}],"wp:term":[{"taxonomy":"category","embeddable":true,"href":"https:\/\/pcb.org.br\/portal2\/wp-json\/wp\/v2\/categories?post=7808"},{"taxonomy":"post_tag","embeddable":true,"href":"https:\/\/pcb.org.br\/portal2\/wp-json\/wp\/v2\/tags?post=7808"}],"curies":[{"name":"wp","href":"https:\/\/api.w.org\/{rel}","templated":true}]}}