{"id":791,"date":"2010-09-07T00:32:02","date_gmt":"2010-09-07T00:32:02","guid":{"rendered":"http:\/\/pcb.org.br\/portal2\/?p=791"},"modified":"2010-09-07T00:32:02","modified_gmt":"2010-09-07T00:32:02","slug":"manifestacao-na-palestina-contra-a-farsa-da-negociacao","status":"publish","type":"post","link":"https:\/\/pcb.org.br\/portal2\/791","title":{"rendered":"Manifesta\u00e7\u00e3o na Palestina contra a farsa da negocia\u00e7\u00e3o"},"content":{"rendered":"\n<p>Centenas de palestinos participaram em Ramallah, na Cisjord\u00e2nia, do protesto contra as negocia\u00e7\u00f5es de paz com Israel que se reiniciaram quinta-feira em Washington. Os manifestantes foram convocados pela Coliga\u00e7\u00e3o Palestina Contra as Negocia\u00e7\u00f5es Diretas, que se op\u00f5e a um di\u00e1logo de paz realizado \u201csob as condi\u00e7\u00f5es impostas pelos Estados Unidos e por Israel para atenderem a seus interesses\u201d.<\/p>\n<p>A coliga\u00e7\u00e3o conta com o apoio de organiza\u00e7\u00f5es n\u00e3o governamentais, movimentos sociais e partidos palestinos como a Frente Popular para a Liberta\u00e7\u00e3o da Palestina (FPLP), Frente Democr\u00e1tica para a Liberta\u00e7\u00e3o da Palestina (FDLP), Partido do Povo Palestino (PPP) e Iniciativa Nacional Palestina (INP). \u201cN\u00e3o nos opomos por princ\u00edpio a uma negocia\u00e7\u00e3o de paz, mas este apelo concreto ao di\u00e1logo por parte dos Estados Unidos n\u00e3o oferece qualquer garantia de que Israel vai fechar colonatos em territ\u00f3rio palestino nem que vai seguir o roteiro (de paz)\u201d, disse Qais Abdul Karim, secret\u00e1rio geral da FDLP, \u00e0 ag\u00eancia noticiosa espanhola EFE.<\/p>\n<p>Para se sentarem \u00e0 mesa das negocia\u00e7\u00f5es, adiantou, \u00e9 necess\u00e1rio que \u201cIsrael reconhe\u00e7a os termos de refer\u00eancia que inclua a retirada do territ\u00f3rio ocupado em 1967 e o respeito pelas resolu\u00e7\u00f5es das Na\u00e7\u00f5es Unidas\u201d. Segundo Karim, \u201ca imensa maioria da popula\u00e7\u00e3o palestina est\u00e1 pessimista em rela\u00e7\u00e3o a estas negocia\u00e7\u00f5es e dois ter\u00e7os da opini\u00e3o p\u00fablica rejeita o di\u00e1logo e\/ou o condiciona ao fim das constru\u00e7\u00f5es dos colonato e ao comprometimento de Israel com as resolu\u00e7\u00f5es da ONU\u201d.<\/p>\n<p>No dia 25\/08\/2010, em Ramallah, agentes da intelig\u00eancia e for\u00e7as da pol\u00edcia da Autoridade Palestina atacaram, pararam e impediram a realiza\u00e7\u00e3o de uma confer\u00eancia nacional palestina contra a participa\u00e7\u00e3o nas negocia\u00e7\u00f5es diretas com Israel. A Confer\u00eancia, chamada por partidos pol\u00edticos palestinos, pessoas independentes e organiza\u00e7\u00f5es de Direitos Humanos, foi organizada para denunciar as negocia\u00e7\u00f5es realizadas sob os ausp\u00edcios do governo dos Estados Unidos como um caminho perigoso para a causa nacional palestina. O encontro aconteceu de forma simult\u00e2nea com uma confer\u00eancia em Gaza.<\/p>\n<p>A Frente Popular para a Liberta\u00e7\u00e3o da Palestina &#8211; FPLP- emitiu uma declara\u00e7\u00e3o condenando a a\u00e7\u00e3o da intelig\u00eancia da AP em Ramallah, pedindo uma imediata investiga\u00e7\u00e3o para apurar as responsabilidades, afirmando que a a\u00e7\u00e3o repressiva da AP teve como objetivo \u201cimpedir o fortalecimento do nosso povo e seus representantes e que expressem seu claro e expl\u00edcito rep\u00fadio a estas negocia\u00e7\u00f5es, organizadas em viola\u00e7\u00e3o do \u201c consenso nacional\u201d e da decis\u00e3o do Conselho Central Palestino.\u201d<\/p>\n<p>Fontes: Ag\u00eancia Lusa e Comunicado da FPLP Foto AFP<\/p>\n","protected":false},"excerpt":{"rendered":"\n\n\nCr\u00e9dito: Somos Todos Palestinos\n\n\n\n\n\n\n\n\nPalestina\n<a class=\"moretag\" href=\"https:\/\/pcb.org.br\/portal2\/791\"> <\/a>","protected":false},"author":1,"featured_media":0,"comment_status":"open","ping_status":"open","sticky":false,"template":"","format":"standard","meta":{"jetpack_post_was_ever_published":false,"_jetpack_newsletter_access":"","_jetpack_dont_email_post_to_subs":false,"_jetpack_newsletter_tier_id":0,"_jetpack_memberships_contains_paywalled_content":false,"_jetpack_memberships_contains_paid_content":false,"footnotes":"","jetpack_publicize_message":"","jetpack_publicize_feature_enabled":true,"jetpack_social_post_already_shared":false,"jetpack_social_options":{"image_generator_settings":{"template":"highway","default_image_id":0,"font":"","enabled":false},"version":2}},"categories":[78],"tags":[],"class_list":["post-791","post","type-post","status-publish","format-standard","hentry","category-c91-solidariedade-a-palestina"],"jetpack_publicize_connections":[],"jetpack_featured_media_url":"","jetpack_shortlink":"https:\/\/wp.me\/p659gw-cL","jetpack-related-posts":[],"jetpack_likes_enabled":true,"jetpack_sharing_enabled":true,"_links":{"self":[{"href":"https:\/\/pcb.org.br\/portal2\/wp-json\/wp\/v2\/posts\/791","targetHints":{"allow":["GET"]}}],"collection":[{"href":"https:\/\/pcb.org.br\/portal2\/wp-json\/wp\/v2\/posts"}],"about":[{"href":"https:\/\/pcb.org.br\/portal2\/wp-json\/wp\/v2\/types\/post"}],"author":[{"embeddable":true,"href":"https:\/\/pcb.org.br\/portal2\/wp-json\/wp\/v2\/users\/1"}],"replies":[{"embeddable":true,"href":"https:\/\/pcb.org.br\/portal2\/wp-json\/wp\/v2\/comments?post=791"}],"version-history":[{"count":0,"href":"https:\/\/pcb.org.br\/portal2\/wp-json\/wp\/v2\/posts\/791\/revisions"}],"wp:attachment":[{"href":"https:\/\/pcb.org.br\/portal2\/wp-json\/wp\/v2\/media?parent=791"}],"wp:term":[{"taxonomy":"category","embeddable":true,"href":"https:\/\/pcb.org.br\/portal2\/wp-json\/wp\/v2\/categories?post=791"},{"taxonomy":"post_tag","embeddable":true,"href":"https:\/\/pcb.org.br\/portal2\/wp-json\/wp\/v2\/tags?post=791"}],"curies":[{"name":"wp","href":"https:\/\/api.w.org\/{rel}","templated":true}]}}