{"id":8025,"date":"2015-04-30T11:17:10","date_gmt":"2015-04-30T14:17:10","guid":{"rendered":"http:\/\/pcb.org.br\/portal2\/?p=8025"},"modified":"2015-05-03T15:33:27","modified_gmt":"2015-05-03T18:33:27","slug":"a-australia-secreta-trava-guerra-contra-o-seu-proprio-povo","status":"publish","type":"post","link":"https:\/\/pcb.org.br\/portal2\/8025","title":{"rendered":"A Austr\u00e1lia secreta trava guerra contra o seu pr\u00f3prio povo"},"content":{"rendered":"<p><img data-recalc-dims=\"1\" decoding=\"async\" class=\"imagem\" title=\"imagem\" src=\"https:\/\/i0.wp.com\/resistir.info\/pilger\/imagens\/aborigene.jpg?w=747\" alt=\"imagem\" border=\"0\" \/><\/p>\n<p><strong>por John Pilger<\/strong><\/p>\n<p><!--more--><\/p>\n<p>A Austr\u00e1lia mais uma vez declarou guerra \u00e0 sua popula\u00e7\u00e3o ind\u00edgena, o que recorda a brutalidade que levou \u00e0 condena\u00e7\u00e3o universal do apartheid na \u00c1frica do Sul. O povo abor\u00edgene est\u00e1 a ser afastado das terras ancestrais onde suas comunidades viveram por milhares de ano. Na Austr\u00e1lia Ocidental, onde companhias de minera\u00e7\u00e3o ganham lucros de milhares de milh\u00f5es de d\u00f3lares a explorar a terra abor\u00edgene, o governo estadual diz que j\u00e1 n\u00e3o pode mais &#8220;apoiar&#8221; as terras ancestrais.<\/p>\n<p>Popula\u00e7\u00f5es vulner\u00e1veis, \u00e0s quais j\u00e1 s\u00e3o negados os servi\u00e7os b\u00e1sicos que a maior parte dos australianos consideram normais, est\u00e3o sob aviso de expropria\u00e7\u00e3o <em>(dispossession) <\/em>sem consulta pr\u00e9via e de expuls\u00e3o sob a mira de armas. Ainda mais uma vez, l\u00edderes abor\u00edgenes advertiram acerca de &#8220;uma nova gera\u00e7\u00e3o de pessoas deslocadas&#8221; e de &#8220;genoc\u00eddio cultural&#8221;.<\/p>\n<p>Genoc\u00eddio \u00e9 uma palavra que os australianos odeiam ouvir. O genoc\u00eddio acontece em outros pa\u00edses, n\u00e3o na sociedade &#8220;feliz&#8221; que \u00e9 a segunda mais rica da terra em rendimento per capita. Quando a &#8220;lei do genoc\u00eddio&#8221; foi utilizada no memor\u00e1vel relat\u00f3rio de 1997 &#8220;Bringing Them Home&#8221;, o qual revelava que milhares de crian\u00e7as ind\u00edgenas haviam sido roubadas das suas comunidades por institui\u00e7\u00f5es brancas e abusadas sistematicamente, foi lan\u00e7ada uma campanha de nega\u00e7\u00e3o por uma clique de extrema-direita \u00e0 volta do ent\u00e3o primeiro-ministro John Howard. Ela inclu\u00eda aqueles que se auto-denominavam Galatians Group, a seguir Quadrant e depois a Bennelong Society; a imprensa de Murdoch era a sua voz.<\/p>\n<p>A Gera\u00e7\u00e3o Roubada foi exagerada, disseram eles, se chegou a acontecer de todo. A Austr\u00e1lia Colonial era um lugar af\u00e1vel; n\u00e3o houve massacres. Os Primeiros Australianos foram v\u00edtimas da sua pr\u00f3pria inferioridade cultural, ou eram nobres selvagens. Eufemismos adequados eram avan\u00e7ados.<\/p>\n<p>O governo do actual primeiro-ministro, Tony Abbott, um conservador fan\u00e1tico, ressuscitou este assalto ao povo que representa o car\u00e1cter \u00fanico da Austr\u00e1lia. Logo depois de chegar ao gabinete, o governo de Abbott cortou US$534 milh\u00f5es nos programas sociais ind\u00edgenas, incluindo US$160 milh\u00f5es do seu or\u00e7amento de sa\u00fade e US$13,4 milh\u00f5es do apoio legal ind\u00edgena.<\/p>\n<p>No relat\u00f3rio de 2014 &#8220;Indicadores chave para ultrapassar a desvantagem ind\u00edgena&#8221; <em>(&#8220;Overcoming Indigenous Disadvantage Key Indicators&#8221;), <\/em>fica clara a devasta\u00e7\u00e3o. O n\u00famero de abor\u00edgenes hospitalizados por danos infligidos a si pr\u00f3prios saltou, assim como suic\u00eddio entre gente t\u00e3o jovem como 11 anos. Os indicadores mostram um povo empobrecido, traumatizado e abandonado. A leitura do desmascaramento cl\u00e1ssico do apartheid na \u00c1frica do Sul, <em>The Discarded People, <\/em>de Cosmas Desmond, mostrou-me que ele podia escrever um relato semelhante para a Austr\u00e1lia.<\/p>\n<p>Tendo insultado os ind\u00edgenas australianos ao declarar (no pequeno-almo\u00e7o do G20 para David Cameron) que antes do homem branco n\u00e3o havia &#8220;nada excepto mato&#8221;, Abbott anunciou que o seu governo deixaria de honrar o antigo compromisso para com terras ancestrais abor\u00edgenes. Ele disse com desprezo: &#8220;N\u00e3o \u00e9 tarefa dos contribuintes subsidiar op\u00e7\u00f5es de estilos de vida&#8221;.<\/p>\n<p>A arma utilizada por Abbott e seu estado brutal, bem como seus equivalentes territoriais, \u00e9 a expropria\u00e7\u00e3o pela viol\u00eancia, propaganda, coer\u00e7\u00e3o e chantagem, assim como a sua exig\u00eancia de um arrendamento por 99 anos da terra ind\u00edgena no Territ\u00f3rio do Norte em troca de servi\u00e7os b\u00e1sicos: uma tomada da terra na plena acep\u00e7\u00e3o da palavra. O ministro para Assuntos Ind\u00edgenas, Nigel Scullion, contesta isto, afirmando que se trata &#8220;de comunidades e do que as comunidades querem&#8221;. De facto, n\u00e3o houve qualquer consulta real, apenas a coopta\u00e7\u00e3o de uns poucos.<\/p>\n<p>Tanto os governos conservadores como os trabalhistas j\u00e1 removeram o programa nacional de empregos, CDEP, das terras ancestrais, acabando com oportunidades de emprego, e proibiram o investimento em infraestrutura: habita\u00e7\u00e3o, geradores, saneamento b\u00e1sico. A poupan\u00e7a obtida \u00e9 desprez\u00edvel.<\/p>\n<p>A raz\u00e3o \u00e9 uma doutrina extremista que relembra as campanhas punitivas do &#8220;protector chefe de abor\u00edgenes&#8221; nos princ\u00edpios do s\u00e9culo XX, tal como o fan\u00e1tico A.O. Neville o qual decretou que os primeiros australianos fossem &#8220;assimilados&#8221; ou extintos. A campanha foi influenciada pelo mesmo movimento eugenista que inspirou os nazis, as &#8220;leis de protec\u00e7\u00e3o&#8221; da Queensland foram um modelo para o apartheid sul-africano. Hoje, o mesmo dogma e o mesmo racismo s\u00e3o instilados atrav\u00e9s da antropologia, da pol\u00edtica, da burocracia e dos media. &#8220;N\u00f3s somos civilizados, eles n\u00e3o s\u00e3o&#8221;, escreveu h\u00e1 duas gera\u00e7\u00f5es o aclamado historiador australiano Russel. O esp\u00edrito permanece intacto.<\/p>\n<p>Desde a d\u00e9cada de 1960 tenho informado acerca das comunidades abor\u00edgenes e observo uma rotina sazonal pela qual a elite australiana interrompe seus maus-tratos e desprezo &#8220;normais&#8221; ao povo original da na\u00e7\u00e3o e passa ao ataque sem rodeios. Isto acontece quando se aproxima uma elei\u00e7\u00e3o, ou a avalia\u00e7\u00e3o de um primeiro-ministro junto \u00e0 opini\u00e3o p\u00fablica anda baixa. Chutar negros <em>(blackfella) <\/em>\u00e9 considerado popular, embora a captura \u00e0 for\u00e7a de terras ricas em min\u00e9rios atrav\u00e9s de movimentos furtivos sirva prop\u00f3sitos mais prosaicos. Conduzir pessoas para as favelas \u00e0 margem dos &#8220;centros econ\u00f3micos citadinos&#8221; satisfaz a compuls\u00e3o de engenharia social dos racistas.<\/p>\n<p>O \u00faltimo ataque frontal foi em 2007 quando o primeiro-ministro Howard enviou o ex\u00e9rcito para dentro de comunidades abor\u00edgenes no Territ\u00f3rio do Norte a fim de &#8220;resgatar crian\u00e7as&#8221; as quais, disse o ministro para Assuntos Ind\u00edgenas, Mal Brough, estavam a ser abusadas por gangs ped\u00f3filas em &#8220;n\u00fameros impens\u00e1veis&#8221;.<\/p>\n<p>Conhecida como &#8220;a interven\u00e7\u00e3o&#8221;, os media desempenharam um papel vital. Em 2006, o programa nacional de actualidades da TV, o &#8220;Lateline&#8221; da ABC, divulgou uma entrevista sensacional de um homem cuja cara foi ocultada. Descrito como um &#8220;jovem trabalhador&#8221; que havia vivido na comunidade abor\u00edgene de Mutitjulu, ele fez uma s\u00e9rie de alega\u00e7\u00f5es chocantes. Posteriormente revelou-se como sendo um alto respons\u00e1vel do governo que se reportava directamente ao ministro, suas afirma\u00e7\u00f5es foram desacreditadas pela Comiss\u00e3o Australiana do Crime, pela pol\u00edcia do Territ\u00f3rio do Norte e por um relat\u00f3rio condenat\u00f3rio de m\u00e9dicos pediatras. A comunidade n\u00e3o recebeu um pedido de desculpa.<\/p>\n<p>A &#8220;interven\u00e7\u00e3o&#8221; de 2007 permitiu ao governo federal destruir muitos dos vest\u00edgios da auto-determina\u00e7\u00e3o do Territ\u00f3rio do Norte, a \u00fanica parte da Austr\u00e1lia onde o povo abor\u00edgene havia ganho direitos de terra por legisla\u00e7\u00e3o federal. Ali, eles haviam administrado suas terras ancestrais com a dignidade da auto-determina\u00e7\u00e3o e liga\u00e7\u00e3o \u00e0 terra e \u00e0 cultura \u2013 e, como relatou a Amnistia, com uma taxa de mortalidade 40 por cento mais baixa.<\/p>\n<p>\u00c9 esta &#8220;vida tradicional&#8221; que \u00e9 um an\u00e1tema para uma ind\u00fastria parasit\u00e1ria branca de funcion\u00e1rios p\u00fablicos, empreiteiros, advogados e consultores que controlam e muitas vezes lucram com a Austr\u00e1lia Abor\u00edgene, ainda que indirectamente atrav\u00e9s de estruturas corporativas impostas a organiza\u00e7\u00f5es ind\u00edgenas. As terras ancestrais s\u00e3o vistas como uma amea\u00e7a, pois elas exprimem um comunalismo em diverg\u00eancia com o neoconservadorismo que domina a Austr\u00e1lia. \u00c9 como se a exist\u00eancia duradoura de um povo que sobreviveu e resistiu a mais de dois s\u00e9culos de massacre e roubo colonial permanecesse um espectro sobre a Austr\u00e1lia branca: uma recorda\u00e7\u00e3o de quem \u00e9 realmente a terra.<\/p>\n<p>O actual ataque pol\u00edtico foi lan\u00e7ado pelo estado mais rico, a Austr\u00e1lia Ocidental. Em Outubro \u00faltimo, o primeiro-ministro do estado, Colin Barnett, anunciou que o seu governo n\u00e3o podia arcar com o or\u00e7amento de US$90 milh\u00f5es para servi\u00e7os b\u00e1sicos municipais a 282 terras ancestrais: \u00e1gua, energia, saneamento b\u00e1sico, escolas, manuten\u00e7\u00e3o de estradas, colecta de lixo. Era o equivalente a informar os sub\u00farbios brancos de Perth que os seus irrigadores de relva n\u00e3o funcionariam mais e que as suas casas de banho j\u00e1 n\u00e3o dariam descarga e que tinham de mudar \u2013 e se recusassem, a pol\u00edcia os expulsaria.<\/p>\n<p>Para onde iriam os expropriados? Onde viveriam? Em seis anos, o governo Barnett construiu em \u00e1reas remotas algumas casas para ind\u00edgenas. A regi\u00e3o Kimberley, lar ancestral ind\u00edgena, \u00e9 uma das mais pr\u00f3speras de todas, um estado reconhecido por sua riqueza evidente, campos de golfe e pris\u00f5es super-lotadas com negros empobrecidos. A taxa de aprisionamento de abor\u00edgenes da Austr\u00e1lia Ocidental \u00e9 mais de oito vezes superior \u00e0 do apartheid na \u00c1frica do Sul. Ali h\u00e1 uma das mais elevadas taxas de encarceramento juvenil do mundo, quase toda constitu\u00edda por ind\u00edgenas, incluindo crian\u00e7as mantidas em confinamento solit\u00e1rio em pris\u00f5es de adultos, com suas m\u00e3es a vigiarem do lado de fora.<\/p>\n<p>Em 2013, a antiga ministra das Pris\u00f5es, Margaret Quirk, contou-me que o estado estava &#8220;empilhar em prateleiras&#8221; prisioneiros abor\u00edgenes. Quando lhe perguntei o que queria dizer, ela respondeu: &#8220;\u00c9 um armaz\u00e9m&#8221;.<\/p>\n<p>Em Mar\u00e7o, Barnett alterou sua hist\u00f3ria. &#8220;Surgiu prova&#8221;, disse ele, &#8220;de pavorosos maus tratamento de crian\u00e7as pequenas&#8221; nas terras ancestrais. Qual a prova? Barnett afirmou que fora descoberta gonorreia em crian\u00e7as com at\u00e9 14 anos, a seguir admitiu que n\u00e3o sabia se isto acontecera nas terras ancestrais. Seu comiss\u00e1rio de pol\u00edcia, Karl O&#8217;Callaghan, corroborou que o abuso sexual de crian\u00e7as era &#8220;comum&#8221;. Ele mencionou um relat\u00f3rios de 15 anos atr\u00e1s do Australian Institute of Family Studies. O que deixou de dizer era que o estudo destacava a pobreza como a causa esmagadora do &#8220;descaso&#8221; e que o abuso sexual representava menos de 10 por cento.<\/p>\n<p>O Australian Institute of Health and Welfare, uma ag\u00eancia federal, divulgou recentemente um relat\u00f3rio do que denomina o &#8220;Fardo fatal&#8221; de doen\u00e7as e traumas do Terceiro Mundo arcadas pelo povo ind\u00edgena que &#8220;resulta em quase 100 mil anos de vida perdida devido \u00e0 morte prematura&#8221;. Este &#8220;fardo fatal&#8221; \u00e9 o produto da pobreza extrema imposta na Austr\u00e1lia Ocidental, tal como no resto da Austr\u00e1lia, pela nega\u00e7\u00e3o de direitos humanos.<\/p>\n<p>Na vasta e rica Austr\u00e1lia Ocidental de Barnett, uma escassa frac\u00e7\u00e3o dos rendimentos da minera\u00e7\u00e3o, do petr\u00f3leo e do g\u00e1s beneficiou comunidades o seu governo tem o dever de cuidar. Na cidade de Roeburne, no auge da minera\u00e7\u00e3o na regi\u00e3o de Pibara, 80 por cento das crian\u00e7as ind\u00edgenas sofriam de uma infec\u00e7\u00e3o dos ouvidos chamada <em>otitis media <\/em>que causa surdez.<\/p>\n<p>Em 2011, o governo Barnett demonstrou uma brutalidade na comunidade de Oombulgurri que as demais terras ancestrais podem aguardar. &#8220;Primeiro, o governo fechou os servi\u00e7os&#8221;, escreveu Tammy Solonec da Amnistia Internacional, &#8220;fechou as lojas, de modo que o povo n\u00e3o podia comprar alimentos nem bens essenciais. Fechou a cl\u00ednica, de modo que os doentes e idosos tinham de se mudar, e as escolas de modo que fam\u00edlias com filhos tinham de abandonar ou terem seus filhos delas arrancados. A esquadra de pol\u00edcia foi o \u00faltimo servi\u00e7o a fechar e a seguir a electricidade e a \u00e1gua foram desligados. Finalmente, os dez residentes que resolutamente permaneceram at\u00e9 o fim foram expulsos \u00e0 for\u00e7a e tiveram de abandonar suas posses pessoais. A seguir, os bulldozers arrasaram Oombulgum. O governo da Austr\u00e1lia Ocidental literalmente escavou um buraco e enterrou o entulho das casas das pessoas e seus pertences pessoais&#8221;.<\/p>\n<p>Na Austr\u00e1lia do Sul, os governos estadual e federal lan\u00e7aram um ataque semelhante a 60 remotas comunidades ind\u00edgenas. A Austr\u00e1lia do Sul tem desde h\u00e1 muito estabelecido a Aboriginal Lands Trust, de modo a que as pessoas pudessem defender seus direitos \u2013 at\u00e9 certo ponto. Em 12 de Abril, o governo federal ofereceu US$15 milh\u00f5es ao longo de cinco anos. Que uma soma t\u00e3o miser\u00e1vel seja considerada suficiente para financiar servi\u00e7os adequados na grande extens\u00e3o de lares ancestrais do estado mostra o valor atribu\u00eddo a vidas ind\u00edgenas pelos pol\u00edticos brancos que gastam sem hesitar US$28 milh\u00f5es por ano em armamentos e tropas. Haydn Bromley, presidente do Aboriginal Lands Trust, contou-me: &#8220;Os US$15 milh\u00f5es n\u00e3o inclu\u00edam a maior parte das terras ancestrais e mal cobriam o essencial \u2013 electricidade e \u00e1gua. Desenvolvimento da comunidade? Infraestrutura? Esque\u00e7a isso&#8221;.<\/p>\n<p>O actual diversionismo em rela\u00e7\u00e3o a estes segredos sujos nacionais \u00e9 abordar as &#8220;celebra\u00e7\u00f5es&#8221; do centen\u00e1rio do desastre militar Edwardiano de <a href=\"https:\/\/en.wikipedia.org\/wiki\/Gallipoli_Campaign\" target=\"_blank\">Gallipoli<\/a> , em 1915, quando 8.709 australianos e 2.779 soldados neo-zelandeses \u2013 os Anzacs \u2013 foram dizimados num f\u00fatil assalto a uma praia na Turquia. Nos \u00faltimos anos, governos de Canberra promoveram este desperd\u00edcio imperial de vidas como um feito hist\u00f3rico a fim de mascarar o militarismo subjacente ao papel da Austr\u00e1lia como &#8220;vice-xerife&#8221; da Am\u00e9rica no Pac\u00edfico.<\/p>\n<p>Nas livrarias, prateleiras de &#8220;n\u00e3o fic\u00e7\u00e3o australiana&#8221; est\u00e3o cheias de volumes oportunistas acerca ac\u00e7\u00f5es audaciosas em tempo de guerra, her\u00f3is e chauvinismo. Subitamente, o povo abor\u00edgene que combateu para o homem branco ficou na moda, ao passo que aqueles que combateram contra o homem branco na defesa do seu pr\u00f3prio pa\u00eds, a Austr\u00e1lia, est\u00e3o fora da moda. Num pa\u00eds atulhado com memoriais Anzac, n\u00e3o h\u00e1 nem um memorial oficial para os milhares de nativos australianos que combateram e ca\u00edram defendendo a sua terra ancestral.<\/p>\n<p>Isto faz parte do &#8220;grande sil\u00eancio australiano&#8221;, como o denominou W.E.H. Stanner em 1968 na palestra em que descreveu um &#8220;culto do esquecimento a uma escala nacional&#8221;. Referia-se ao povo ind\u00edgena. Hoje, o sil\u00eancio \u00e9 omnipresente. Em Sydney, a Art Gallery da Nova Gales do Sul tem actualmente uma exposi\u00e7\u00e3o, &#8220;O fot\u00f3grafo e a Austr\u00e1lia&#8221;, na qual a cronologia temporal deste antigo pa\u00eds come\u00e7a, incrivelmente, com o Capit\u00e3o Cook.<\/p>\n<p>O mesmo sil\u00eancio encobre outra resist\u00eancia \u00e9pica e permanente. Extraordin\u00e1rias manifesta\u00e7\u00f5es de mulheres ind\u00edgenas a protestarem contra a remo\u00e7\u00e3o dos seus filhos e netos pelo estado, algumas delas a ponta de bala, s\u00e3o ignoradas pelos jornalistas e patrocinadas pelos pol\u00edticos. Mais crian\u00e7as ind\u00edgenas est\u00e3o hoje a ser arrancadas dos seus lares e comunidades do que nos piores anos da Gera\u00e7\u00e3o Roubada. Um recorde de 15 mil crian\u00e7as est\u00e1 actualmente detida &#8220;sob cuidados&#8221;; muitas s\u00e3o dadas a fam\u00edlias brancas e nunca retornar\u00e3o \u00e0s suas comunidades.<\/p>\n<p>No ano passado, o ministro da Pol\u00edcia Australiana Ocidental, Liza Harvey, compareceu a um visionamento em Perth do meu filme, <a href=\"http:\/\/johnpilger.com\/videos\/utopia-trailer\" target=\"_blank\"><em>Utopia<\/em><\/a> o qual documentava o racismo e selvajaria da pol\u00edcia para com australianos negros e as muitas mortes de jovens abor\u00edgenes sob cust\u00f3dia. O ministro chorou.<\/p>\n<p>Sob a sua vigil\u00e2ncia, 50 pol\u00edcias armados da cidade de Perth atacaram um campo ind\u00edgena ancestral em Matagarup e arrebanharam sobretudo mulheres idosas e jovens m\u00e3es com filhos. As pessoas no campo consideraram-se como &#8220;refugiados&#8230; \u00e0 procura de seguran\u00e7a no seu pr\u00f3prio pa\u00eds&#8221;. Clamaram pela ajuda do Alto Comissariado das Na\u00e7\u00f5es Unidas para Refugiados.<\/p>\n<p>Pol\u00edticos australianos ficam nervosos com as Na\u00e7\u00f5es Unidas. A resposta de Abbott foi o insulto. Quando o Professor James Anaya, o Relator Especial da ONU sobre Povos Ind\u00edgenas, descreveu o racismo da &#8220;interven\u00e7\u00e3o&#8221;, Abbott disse-lhe para &#8220;fazer algo \u00fatil&#8221; e &#8220;n\u00e3o ouvir a antigas v\u00edtimas da brigada&#8221;.<\/p>\n<p>O planeado encerramento de lares ancestrais ind\u00edgenas infringe o Artigo 5 da Conven\u00e7\u00e3o Internacional para a Elimina\u00e7\u00e3o da Discrimina\u00e7\u00e3o Racial (ICERD) e a Declara\u00e7\u00e3o sobre os Direitos dos Povos Ind\u00edgenas (UNDRIP). A Austr\u00e1lia comprometeu-se a &#8220;providenciar mecanismos eficazes para a preven\u00e7\u00e3o de, e repara\u00e7\u00e3o para&#8230; qualquer ac\u00e7\u00e3o que tenha o objectivo de expropriar [povos ind\u00edgenas] das suas terras, territ\u00f3rios e recursos&#8221;. A Cl\u00e1usula sobre Direitos Econ\u00f3micos, Sociais e Culturais est\u00e1 embotada. &#8220;Expuls\u00f5es for\u00e7adas&#8221; s\u00e3o contra a lei.<\/p>\n<p>Uma press\u00e3o internacional est\u00e1 a acumular-se. Em 2013, o Papa Francisco instou o mundo a actuar contra o racismo em prol de &#8220;povos ind\u00edgenas que est\u00e3o cada vez mais isolados e abandonados&#8221;. Foi o desafio da \u00c1frica do Sul a estes princ\u00edpios b\u00e1sicos de direitos humanos que desencadeou o opr\u00f3brio internacional e a campanha que deitou abaixo o apartheid. A Austr\u00e1lia que tome cuidado.<\/p>\n<p>22\/Abril\/2015<\/p>\n<p><strong>O original encontra-se em <a href=\"http:\/\/johnpilger.com\/articles\/the-secret-country-again-wages-war-on-its-own-people\" target=\"_blank\">johnpilger.com\/articles\/the-secret-country-again-wages-war-on-its-own-people<\/a> <\/strong><\/p>\n<p><strong>Este artigo encontra-se em <a href=\"http:\/\/resistir.info\/\" target=\"_blank\">http:\/\/resistir.info\/<\/a> .<\/strong><\/p>\n","protected":false},"excerpt":{"rendered":"por John Pilger\n<a class=\"moretag\" href=\"https:\/\/pcb.org.br\/portal2\/8025\"> <\/a>","protected":false},"author":1,"featured_media":0,"comment_status":"closed","ping_status":"closed","sticky":false,"template":"","format":"standard","meta":{"jetpack_post_was_ever_published":false,"_jetpack_newsletter_access":"","_jetpack_dont_email_post_to_subs":false,"_jetpack_newsletter_tier_id":0,"_jetpack_memberships_contains_paywalled_content":false,"_jetpack_memberships_contains_paid_content":false,"footnotes":"","jetpack_publicize_message":"","jetpack_publicize_feature_enabled":true,"jetpack_social_post_already_shared":true,"jetpack_social_options":{"image_generator_settings":{"template":"highway","default_image_id":0,"font":"","enabled":false},"version":2}},"categories":[38],"tags":[],"class_list":["post-8025","post","type-post","status-publish","format-standard","hentry","category-c43-imperialismo"],"jetpack_publicize_connections":[],"jetpack_featured_media_url":"","jetpack_shortlink":"https:\/\/wp.me\/p659gw-25r","jetpack-related-posts":[],"jetpack_likes_enabled":true,"jetpack_sharing_enabled":true,"_links":{"self":[{"href":"https:\/\/pcb.org.br\/portal2\/wp-json\/wp\/v2\/posts\/8025","targetHints":{"allow":["GET"]}}],"collection":[{"href":"https:\/\/pcb.org.br\/portal2\/wp-json\/wp\/v2\/posts"}],"about":[{"href":"https:\/\/pcb.org.br\/portal2\/wp-json\/wp\/v2\/types\/post"}],"author":[{"embeddable":true,"href":"https:\/\/pcb.org.br\/portal2\/wp-json\/wp\/v2\/users\/1"}],"replies":[{"embeddable":true,"href":"https:\/\/pcb.org.br\/portal2\/wp-json\/wp\/v2\/comments?post=8025"}],"version-history":[{"count":0,"href":"https:\/\/pcb.org.br\/portal2\/wp-json\/wp\/v2\/posts\/8025\/revisions"}],"wp:attachment":[{"href":"https:\/\/pcb.org.br\/portal2\/wp-json\/wp\/v2\/media?parent=8025"}],"wp:term":[{"taxonomy":"category","embeddable":true,"href":"https:\/\/pcb.org.br\/portal2\/wp-json\/wp\/v2\/categories?post=8025"},{"taxonomy":"post_tag","embeddable":true,"href":"https:\/\/pcb.org.br\/portal2\/wp-json\/wp\/v2\/tags?post=8025"}],"curies":[{"name":"wp","href":"https:\/\/api.w.org\/{rel}","templated":true}]}}