{"id":8037,"date":"2015-04-26T00:09:51","date_gmt":"2015-04-26T03:09:51","guid":{"rendered":"http:\/\/pcb.org.br\/portal2\/?p=8037"},"modified":"2017-05-30T20:46:59","modified_gmt":"2017-05-30T23:46:59","slug":"nota-de-repudio-da-direcao-da-app-sindicato-dos-trabalhadores-em-educacao-publica-no-parana","status":"publish","type":"post","link":"https:\/\/pcb.org.br\/portal2\/8037","title":{"rendered":"Nota de Rep\u00fadio da dire\u00e7\u00e3o da APP-Sindicato dos Trabalhadores em Educa\u00e7\u00e3o P\u00fablica no Paran\u00e1"},"content":{"rendered":"<p><img data-recalc-dims=\"1\" height=\"400\" width=\"500\" decoding=\"async\" class=\"imagem\" title=\"imagem\" src=\"https:\/\/i0.wp.com\/appsindicato.org.br\/wp-content\/uploads\/2015\/07\/9364-500x400.jpg?resize=500%2C400\" alt=\"imagem\" \/>A nossa luta continua. N\u00e3o v\u00e3o nos amedrontar.<!--more--><\/p>\n<p>A dire\u00e7\u00e3o estadual da APP-Sindicato repudia toda a a\u00e7\u00e3o policial usada contra a nossa categoria &#8211; e os demais companheiros(as) servidores(as) do Estado &#8211; nesta tr\u00e1gica quarta-feira, 29 de abril, bem como nos dias que antecederam a vota\u00e7\u00e3o do projeto de lei 252\/2015. Neste dia, que entrar\u00e1 para a hist\u00f3ria como uma data a se lamentar, o governo do Paran\u00e1 ultrapassou todos os limites. Da civilidade, da moralidade, da humanidade. O execr\u00e1vel exemplo de abuso de autoridade &#8211; protagonizado pelo governador Beto Richa e pelo secret\u00e1rio de Seguran\u00e7a P\u00fablica Fernando Francischini \u2013 \u00e9 uma mancha deplor\u00e1vel na hist\u00f3ria do nosso Estado.<\/p>\n<p>Centenas de policiais foram deslocados(as), de todas as regi\u00f5es, para a capital, apenas com o intuito de garantir a vota\u00e7\u00e3o, na Assembleia Legislativa do Paran\u00e1, de uma proposta que poderia ter encontrado consenso, mas que pela gan\u00e2ncia e incompet\u00eancia do governador, teve sua discuss\u00e3o atropelada. A pol\u00edcia, em uma obedi\u00eancia cega e cruel, atirou milhares de balas de borrachas, bombas de g\u00e1s e jatos de \u00e1gua em pessoas que protestavam contra um projeto que coloca em risco suas aposentadorias. O futuro suado de cada um de n\u00f3s, servidor e servidora do Paran\u00e1.<\/p>\n<p>E assim, neste dia, apesar da resist\u00eancia pac\u00edfica e her\u00f3ica dos(as) servidores(as) estaduais, a tramita\u00e7\u00e3o do projeto do governo continuou. Ao custo de sangue e l\u00e1grimas de centenas de trabalhadores(as). E isto, sim, \u00e9 de lamentar e repudiar. Al\u00e9m de n\u00e3o podermos entrar e nos manifestar na Casa do Povo, fomos expulsos violentamente das ruas. \u00c9 um desrespeito ao Estado Democr\u00e1tico de Direito. \u00c9 o retorno de uma ditadura insana, na qual a vaidade e o projeto personalista do senhor governador se sobrep\u00f5e ao de milhares de trabalhadores e trabalhadoras.<\/p>\n<p>Mas a dire\u00e7\u00e3o estadual da APP-Sindicato continuar\u00e1 fazendo o seu papel, de organiza\u00e7\u00e3o e lideran\u00e7a, para que a nossa categoria renas\u00e7a, mais uma vez, dessa trag\u00e9dia e permane\u00e7a na luta por uma educa\u00e7\u00e3o p\u00fablica de qualidade e por respeito aos(\u00e0s) trabalhadores(as) do Paran\u00e1.<\/p>\n<p>Dire\u00e7\u00e3o Estadual da APP-Sindicato<\/p>\n<p>http:\/\/www.appsindicato.org.br\/Include\/Paginas\/noticia.aspx?id=11282<\/p>\n","protected":false},"excerpt":{"rendered":"A nossa luta continua. N\u00e3o v\u00e3o nos amedrontar.\n<a class=\"moretag\" href=\"https:\/\/pcb.org.br\/portal2\/8037\"> <\/a>","protected":false},"author":1,"featured_media":0,"comment_status":"closed","ping_status":"closed","sticky":false,"template":"","format":"standard","meta":{"jetpack_post_was_ever_published":false,"_jetpack_newsletter_access":"","_jetpack_dont_email_post_to_subs":false,"_jetpack_newsletter_tier_id":0,"_jetpack_memberships_contains_paywalled_content":false,"_jetpack_memberships_contains_paid_content":false,"footnotes":"","jetpack_publicize_message":"","jetpack_publicize_feature_enabled":true,"jetpack_social_post_already_shared":true,"jetpack_social_options":{"image_generator_settings":{"template":"highway","default_image_id":0,"font":"","enabled":false},"version":2}},"categories":[56],"tags":[],"class_list":["post-8037","post","type-post","status-publish","format-standard","hentry","category-c67-greve"],"jetpack_publicize_connections":[],"jetpack_featured_media_url":"","jetpack_shortlink":"https:\/\/wp.me\/p659gw-25D","jetpack-related-posts":[],"jetpack_likes_enabled":true,"jetpack_sharing_enabled":true,"_links":{"self":[{"href":"https:\/\/pcb.org.br\/portal2\/wp-json\/wp\/v2\/posts\/8037","targetHints":{"allow":["GET"]}}],"collection":[{"href":"https:\/\/pcb.org.br\/portal2\/wp-json\/wp\/v2\/posts"}],"about":[{"href":"https:\/\/pcb.org.br\/portal2\/wp-json\/wp\/v2\/types\/post"}],"author":[{"embeddable":true,"href":"https:\/\/pcb.org.br\/portal2\/wp-json\/wp\/v2\/users\/1"}],"replies":[{"embeddable":true,"href":"https:\/\/pcb.org.br\/portal2\/wp-json\/wp\/v2\/comments?post=8037"}],"version-history":[{"count":0,"href":"https:\/\/pcb.org.br\/portal2\/wp-json\/wp\/v2\/posts\/8037\/revisions"}],"wp:attachment":[{"href":"https:\/\/pcb.org.br\/portal2\/wp-json\/wp\/v2\/media?parent=8037"}],"wp:term":[{"taxonomy":"category","embeddable":true,"href":"https:\/\/pcb.org.br\/portal2\/wp-json\/wp\/v2\/categories?post=8037"},{"taxonomy":"post_tag","embeddable":true,"href":"https:\/\/pcb.org.br\/portal2\/wp-json\/wp\/v2\/tags?post=8037"}],"curies":[{"name":"wp","href":"https:\/\/api.w.org\/{rel}","templated":true}]}}