{"id":804,"date":"2010-09-13T16:38:32","date_gmt":"2010-09-13T16:38:32","guid":{"rendered":"http:\/\/pcb.org.br\/portal2\/?p=804"},"modified":"2010-09-13T16:38:32","modified_gmt":"2010-09-13T16:38:32","slug":"comunicado-emitido-em-6-de-setembro-de-2010","status":"publish","type":"post","link":"https:\/\/pcb.org.br\/portal2\/804","title":{"rendered":"COMUNICADO EMITIDO EM 6 DE SETEMBRO DE 2010"},"content":{"rendered":"\n<p><strong>Crescimento, justi\u00e7a e patrim\u00f4nio<\/strong><\/p>\n<p>Vimos afirmando com convic\u00e7\u00e3o cient\u00edfica, que a crise do capitalismo \u00e9 geral e que estamos entrando num per\u00edodo de longas turbul\u00eancias, onde o desespero da e dominante e o avan\u00e7o dos explorados e exclu\u00eddos podem gerar mais barb\u00e1rie ou uma supera\u00e7\u00e3o humanista. Neste sentido, vale ressaltar que estamos num momento muito perigoso pelo louco avan\u00e7o imperialista contra o Ir\u00e3, que pode desatar um conflito de caracter\u00edsticas nucleares.<\/p>\n<p>Neste marco, em 24 de agosto passado, o Banco Central do Paraguai (BCP) divulgou um significativo e excepcional crescimento econ\u00f4mico do Produto Interno Bruto, que chegaria a 9% em 2010.<\/p>\n<p>Dias depois, mais especificamente em 27 de agosto, o economista Luis Rojas, Presidente da Sociedade de Economia Pol\u00edtica do Paraguai (SEPPY), fez uma sint\u00e9tica e pedag\u00f3gica an\u00e1lise sobre dito crescimento, para assinalar, entre outras coisas, que: <strong>&#8220;Este crescimento se baseia nos setores tradicionalmente mais fortes da economia paraguaia: a agricultura mecanizada e o gado. O aumento do setor prim\u00e1rio em 2010 \u00e9 estimado em 18,6%, do setor manufatureiro em 3,7%, as constru\u00e7\u00f5es e os servi\u00e7os em 6,3%%. Esta expans\u00e3o est\u00e1 baseada no complexo agroexportador, e no crescimento da produ\u00e7\u00e3o e exporta\u00e7\u00e3o de soja, carne e dos produtos derivados dos mesmos\u201d.<\/strong><\/p>\n<p>E continua dizendo: <strong>&#8220;Mas o Paraguai tem uma economia dual, um setor altamente capitalizado e vinculado ao com\u00e9rcio internacional, e outro setor mais amplo em termos populacionais, de escasso acesso aos fatores de produ\u00e7\u00e3o (terra, capital, tecnologia), em situa\u00e7\u00e3o de informalidade ou precariedade laboral. O crescimento econ\u00f4mico corresponde ao primeiro grupo, n\u00e3o ao segundo. Por isso, \u00e9 que nos anos em que o pa\u00eds teve crescimento econ\u00f4mico n\u00e3o houve uma redu\u00e7\u00e3o significativa do subemprego, da pobreza nem da migra\u00e7\u00e3o&#8221;<\/strong><\/p>\n<p>N\u00f3s, do Partido Comunista Paraguaio, assinamos embaixo das afirma\u00e7\u00f5es de Rojas e alertarmos nosso povo sobre as mentiras do crescimento econ\u00f4mico que, al\u00e9m de ser muito transit\u00f3rio, \u00e9 basicamente crescimento da oligarquia, salpicando fugazmente algum setor da e trabalhadora, n\u00e3o chegando \u00e0 grande maioria, e contribuindo para a expans\u00e3o das diferen\u00e7as entre ricos e pobres, situa\u00e7\u00e3o que tende objetivamente ao aumento da fome, \u00e0 delinqu\u00eancia e \u00e0 morte. Al\u00e9m disso, o crescimento n\u00e3o s\u00f3 \u00e9 a favor de uma irris\u00f3ria minoria, como tamb\u00e9m favorece ao imperialismo norte-americano e ao grande capital transnacional, posto que se centra na produ\u00e7\u00e3o extrativa de mat\u00e9ria prima com escassa utiliza\u00e7\u00e3o de for\u00e7a laboral e, portanto, de car\u00e1ter capital intensivo, que se acentua em grandes importa\u00e7\u00f5es de maquinarias e produtos estrangeiros para operar no saque dos recursos naturais.<\/p>\n<p>Lamentavelmente, este modelo econ\u00f4mico explorador e excludente se sustenta nos poderes do Estado (o Legislativo e o Judicial) totalmente focados na defesa do mesquinho, do ilegal, do injusto, que disputam o t\u00edtulo de paladino da oligarquia mafiosa, bloqueando os gastos sociais, o imposto de renda de pessoa f\u00edsica (IRP) e criminalizando as lutas e protestos pelas demandas sociais.<\/p>\n<p>Ao mesmo tempo, o Governo, a partir do Poder Executivo, avan\u00e7a no que seria uma segunda onda de privatiza\u00e7\u00f5es, recordando a primeira na era Wasmosy, com a LAP, a ACEPAR, a APAL, a Rota 7.<\/p>\n<p>Esta segunda onda est\u00e1 centrada na concess\u00e3o de outras rotas, como as denominadas rota 1, rota 2, rota 6, Naranjal e Trocal II. \u00c0s rotas (autopistas) somam-se a concess\u00e3o para as hidrovias Paran\u00e1 e Paraguai e, por \u00faltimo, a privatiza\u00e7\u00e3o de aeroportos. Neste processo est\u00e3o envolvidos o Minist\u00e9rio da Fazenda, o de Obras P\u00fablicas e Comunica\u00e7\u00f5es, dirigidos por Dion\u00edsio Borda e Efra\u00edn Alegre.<\/p>\n<p>Podemos falar de uma ofensiva para o despojo do patrim\u00f4nio p\u00fablico, em momentos em que o modelo neoliberal de encolhimento do Estado e precariza\u00e7\u00e3o do trabalho est\u00e3o arruinando todo o mundo. Resulta totalmente louco o argumento da suposta efici\u00eancia da empresa privada ap\u00f3s o desfalque que fizeram os bancos privados em nosso pa\u00eds e a quantidade de fal\u00eancias de empresas privadas por todo o planeta.<\/p>\n<p>N\u00f3s temos certeza de que tanto a iniciativa privada quanto a p\u00fablico-estatal pode ser eficiente, como \u00e9 o caso da COPACO em nosso pa\u00eds, onde existem recursos estrat\u00e9gicos e servi\u00e7os p\u00fablicos situados na categoria de Direitos Humanos que devem ficar em m\u00e3os do povo e em consequ\u00eancia, em m\u00e3os do administrador do tesouro p\u00fablico, que \u00e9 o Estado.<\/p>\n<p>Insistimos em que o Estado que funciona no Paraguai \u00e9 o mesmo que foi arquitetado para o saque, para a pr\u00e9-venda e a corrup\u00e7\u00e3o e que, portanto, deve ser saneado urgentemente. Ao mesmo tempo, reivindicamos a conserva\u00e7\u00e3o do patrim\u00f4nio p\u00fablico e nos pronunciamos contra as privatiza\u00e7\u00f5es que ainda s\u00e3o poss\u00edveis de dar a algumas produ\u00e7\u00f5es e servi\u00e7os o car\u00e1ter de bens p\u00fablicos, cujos excedentes sejam redistribu\u00eddos em trabalho, seguran\u00e7a, sa\u00fade e educa\u00e7\u00e3o para a igualdade de oportunidades dos habitantes do Paraguai.<\/p>\n<p>Com um Estado e um modelo olig\u00e1rquico de depreda\u00e7\u00e3o, produ\u00e7\u00e3o e acumula\u00e7\u00e3o, qualquer crescimento econ\u00f4mico continuar\u00e1 tendo uma excessiva concentra\u00e7\u00e3o, e seguir\u00e1 operando para o despojo do patrim\u00f4nio p\u00fablico com privatiza\u00e7\u00f5es que favorecer\u00e3o um modelo de acumula\u00e7\u00e3o criminoso e violento, cujos rostos de precariza\u00e7\u00e3o, explora\u00e7\u00e3o e exclus\u00e3o s\u00e3o fundamentalmente de mulheres e de crian\u00e7as.<\/p>\n<p>\u00c9 uma necessidade urgente que todas as for\u00e7as democr\u00e1ticas, patriotas, progressistas e de esquerda, somem cabe\u00e7as e imagina\u00e7\u00e3o para convocar essa maioria trabalhadora e honesta que existe em nosso pa\u00eds, com a finalidade de discutir e elaborar um projeto democr\u00e1tico nacional que contemple uma mudan\u00e7a de modelo, de pa\u00eds produtivo com suas consequ\u00eancias em reformas de car\u00e1ter agr\u00e1rio, tribut\u00e1rio, trabalhista, imobili\u00e1rio, cultural, energ\u00e9tico, aliment\u00edcio e, finalmente, \u00e9tico.<\/p>\n<p>Lamentamos que o Presidente Fernando Lugo encha a boca considerando como positivo um crescimento econ\u00f4mico que favorece fundamentalmente uma minoria, aumenta as diferen\u00e7as entre ricos e pobres e favorece o aumento de nossa depend\u00eancia com as transnacionais e o imperialismo.<\/p>\n<p>At\u00e9 2013 devemos transitar com muita seriedade, responsabilidade e dignidade, propondo o projeto democr\u00e1tico nacional que saiba sintetizar as inten\u00e7\u00f5es e desejos dessa nova maioria que existe no Paraguai e que ser\u00e1 protagonista da reconstru\u00e7\u00e3o da nossa Na\u00e7\u00e3o.<\/p>\n<p><strong>Chega de mentiras.<\/strong> <strong> N\u00e3o h\u00e1 crescimento, h\u00e1 concentra\u00e7\u00e3o!<\/strong><\/p>\n<p><strong>Pela qualidade de vida e dignidade para todos!<\/strong><\/p>\n<p><strong>Por um Paraguai livre e soberano!<\/strong><\/p>\n<p><strong>Partido Comunista Paraguaio<\/strong><\/p>\n<p><strong>Assun\u00e7\u00e3o, 6 de setembro de 2010<\/strong><\/p>\n<p align=\"justify\">\n","protected":false},"excerpt":{"rendered":"\n\n\nCr\u00e9dito: PCP\n\n\n\n\n\n\n\n\nSobre o crescimento econ\u00f4mico e as privatiza\u00e7\u00f5es\n<a class=\"moretag\" href=\"https:\/\/pcb.org.br\/portal2\/804\"> <\/a>","protected":false},"author":1,"featured_media":0,"comment_status":"open","ping_status":"open","sticky":false,"template":"","format":"standard","meta":{"jetpack_post_was_ever_published":false,"_jetpack_newsletter_access":"","_jetpack_dont_email_post_to_subs":false,"_jetpack_newsletter_tier_id":0,"_jetpack_memberships_contains_paywalled_content":false,"_jetpack_memberships_contains_paid_content":false,"footnotes":"","jetpack_publicize_message":"","jetpack_publicize_feature_enabled":true,"jetpack_social_post_already_shared":false,"jetpack_social_options":{"image_generator_settings":{"template":"highway","default_image_id":0,"font":"","enabled":false},"version":2}},"categories":[35],"tags":[],"class_list":["post-804","post","type-post","status-publish","format-standard","hentry","category-c40-paraguai"],"jetpack_publicize_connections":[],"jetpack_featured_media_url":"","jetpack_shortlink":"https:\/\/wp.me\/p659gw-cY","jetpack-related-posts":[],"jetpack_likes_enabled":true,"jetpack_sharing_enabled":true,"_links":{"self":[{"href":"https:\/\/pcb.org.br\/portal2\/wp-json\/wp\/v2\/posts\/804","targetHints":{"allow":["GET"]}}],"collection":[{"href":"https:\/\/pcb.org.br\/portal2\/wp-json\/wp\/v2\/posts"}],"about":[{"href":"https:\/\/pcb.org.br\/portal2\/wp-json\/wp\/v2\/types\/post"}],"author":[{"embeddable":true,"href":"https:\/\/pcb.org.br\/portal2\/wp-json\/wp\/v2\/users\/1"}],"replies":[{"embeddable":true,"href":"https:\/\/pcb.org.br\/portal2\/wp-json\/wp\/v2\/comments?post=804"}],"version-history":[{"count":0,"href":"https:\/\/pcb.org.br\/portal2\/wp-json\/wp\/v2\/posts\/804\/revisions"}],"wp:attachment":[{"href":"https:\/\/pcb.org.br\/portal2\/wp-json\/wp\/v2\/media?parent=804"}],"wp:term":[{"taxonomy":"category","embeddable":true,"href":"https:\/\/pcb.org.br\/portal2\/wp-json\/wp\/v2\/categories?post=804"},{"taxonomy":"post_tag","embeddable":true,"href":"https:\/\/pcb.org.br\/portal2\/wp-json\/wp\/v2\/tags?post=804"}],"curies":[{"name":"wp","href":"https:\/\/api.w.org\/{rel}","templated":true}]}}