{"id":8049,"date":"2015-04-27T15:53:38","date_gmt":"2015-04-27T18:53:38","guid":{"rendered":"http:\/\/pcb.org.br\/portal2\/?p=8049"},"modified":"2017-05-30T20:42:08","modified_gmt":"2017-05-30T23:42:08","slug":"toda-solidariedade-a-luta-dos-professores-do-parana","status":"publish","type":"post","link":"https:\/\/pcb.org.br\/portal2\/8049","title":{"rendered":"Toda solidariedade \u00e0 luta dos professores do Paran\u00e1"},"content":{"rendered":"<p><img decoding=\"async\" class=\"imagem\" title=\"imagem\" src=\"https:\/\/lh3.googleusercontent.com\/zRV1Tvz7qEnfH_iyronFW-XbkLbNz3b1t6kDYCTG1-m3m5VmmCLQHpGnkC1ro5-OMhRyWjHnn8peTM9iy146g7OemjomdwXHtIylSkP7QODie3Uc3Nq75iUUL7tM0L65A3TjbSBvXfQloNbGHLC11eIFl0SVXDJYNjouMiqmTRr71LGtwF896VW1Ndo__w0VByCoU2clRKBPDWujSSkUm6wNDPeIv227Pj-AouKDVMolWUyp0013R91bcjNixIzPteNY-Su6dSyAt1tyTgksXCZ_2rfYCcU7bkjNt-Hc8fmhEo_FkrgE4lWNJM3FXVSf6gt4JY5C5qiQEf26E252OjwpIEOac5wwwRMP1yXKNoagalkU6SeIvs1NLke37gUYZP9yvw7BrgF2zkHO4qONCceASYe0i9JdYkF4hCBEK80RKy1RvcFLZLpEBzv_-U5YeP4O8QCF7_rGd2u167lplnmIpuJFXFb0qILhJ8H7NgrbeCkfGSgSGJNT9eP2fMqpLL0kxqaOriV65qlTZ537uuu7cAO5BKFyp4mbyT0A_I8V44UsnaOcUOYUYWlS2p9bDrkgjxXq3Wl0RCiicr0xrVVgTf7LZU9LeAyo0PyjDLM-sVMAOo5V_M6iaR9Ja8cN9ZlJ07qSkFG99FZXavYd3AWvfAr2f-hU1XRJIlVLwQ=w275-h183-no\" alt=\"imagem\" \/><strong>Fora o governador Beto Richa!<\/strong><\/p>\n<p>O Secretariado Nacional do Partido Comunista Brasileiro (PCB) manifesta seu rep\u00fadio e indigna\u00e7\u00e3o pelo massacre de que foram v\u00edtimas os professores em greve no Paran\u00e1. A Pol\u00edcia Militar, com ordens expressas do governador tucano, Beto Richa, avan\u00e7ou de maneira b\u00e1rbara e covarde sobre os milhares de professores que protestavam em frente \u00e0 Assembleia Estadual do Paran\u00e1, ferindo mais de 200 professores, muitos em estado grave.<!--more--><\/p>\n<p>O aparato repressor utilizou balas de borracha, g\u00e1s lacrimog\u00eaneo, g\u00e1s de pimenta. cassetetes, c\u00e3es <em>pit bull,<\/em> jatos de \u00e1gua e uma parafern\u00e1lia militar, que inclu\u00eda carros blindados e helic\u00f3pteros que jogavam bombas sobre os manifestantes, tudo isso para reprimir manifestantes pac\u00edficos que lutavam por seus direitos. As imedia\u00e7\u00f5es da Assembleia Legislativa do Paran\u00e1 se transformaram numa verdadeira pra\u00e7a de guerra.<\/p>\n<p>Pela dimens\u00e3o do n\u00famero de feridos, essa repress\u00e3o selvagem possivelmente \u00e9 maior j\u00e1 registrada em manifesta\u00e7\u00f5es na hist\u00f3ria do Brasil e demonstra a f\u00faria do capital e dos governos conservadores contra os trabalhadores que reivindicavam legitimamente os seus direitos. Esse massacre, na verdade, \u00e9 tamb\u00e9m uma forma de vingan\u00e7a do governador tucano pela vit\u00f3ria conseguida pelos professores h\u00e1 dois meses numa greve hist\u00f3rica que mobilizou o Estado inteiro.<\/p>\n<p>A nova mobiliza\u00e7\u00e3o ocorreu em fun\u00e7\u00e3o do fato de que a Assembleia Legislativa estava votando mais uma medida contra a categoria, que era a precariza\u00e7\u00e3o do fundo previdenci\u00e1rio dos funcion\u00e1rios p\u00fablicos do Estado, de forma a que o governo pudesse realizar o ajuste fiscal.<\/p>\n<p>O governador Beto Richa, do PSDB, com essa brutalidade calculada, vingativa e b\u00e1rbara e tamb\u00e9m pelo grande n\u00famero de v\u00edtimas da repress\u00e3o, muitos com os rostos e feridos pelas balas de borracha, o que significa que a pol\u00edcia mirou o rosto dos professores, cometeu crime contra os trabalhadores e agora a sociedade paranaense tem todo o direito de exigir: fora esse governador tirano.<\/p>\n<p>Um governador que se vinga de professores dessa forma n\u00e3o tem mais condi\u00e7\u00f5es morais de continuar \u00e0 frente do poder executivo no Estado. Perdeu totalmente a credibilidade. Isso se torna mais grave ainda quando se constata que um v\u00eddeo divulgado nas redes sociais registra a empolga\u00e7\u00e3o da assessoria dentro do Pal\u00e1cio do governo comemorando a repress\u00e3o contra os trabalhadores.<\/p>\n<p>O Secretariado Nacional do PCB, al\u00e9m de sua solidariedade militante com os companheiros professores em luta por seus direitos, orienta toda sua milit\u00e2ncia do Paran\u00e1, especialmente os professores e dirigentes sindicais, a ampliarem seus esfor\u00e7os no sentido de participar de maneira ainda mais ativa do movimento grevista, e transformar esse primeiro de maio tamb\u00e9m num dia nacional de rep\u00fadio \u00e0 barb\u00e1rie e a covardia contra os professores do Paran\u00e1.<\/p>\n<p><strong>Nem um passo atr\u00e1s!<\/strong><\/p>\n<p><strong>Ampliar a organiza\u00e7\u00e3o da greve e a mobiliza\u00e7\u00e3o popular!<\/strong><\/p>\n<p><strong>SOMOS TODOS PROFESSORES DO PARAN\u00c1!<\/strong><\/p>\n<p><strong>Secretariado Nacional do PCB<\/strong><\/p>\n","protected":false},"excerpt":{"rendered":"Fora o governador Beto Richa! O Secretariado Nacional do Partido Comunista Brasileiro (PCB) manifesta seu rep\u00fadio e indigna\u00e7\u00e3o pelo massacre de que foram \n<a class=\"moretag\" href=\"https:\/\/pcb.org.br\/portal2\/8049\"> <\/a>","protected":false},"author":1,"featured_media":0,"comment_status":"closed","ping_status":"closed","sticky":false,"template":"","format":"standard","meta":{"jetpack_post_was_ever_published":false,"_jetpack_newsletter_access":"","_jetpack_dont_email_post_to_subs":false,"_jetpack_newsletter_tier_id":0,"_jetpack_memberships_contains_paywalled_content":false,"_jetpack_memberships_contains_paid_content":false,"footnotes":"","jetpack_publicize_message":"","jetpack_publicize_feature_enabled":true,"jetpack_social_post_already_shared":true,"jetpack_social_options":{"image_generator_settings":{"template":"highway","default_image_id":0,"font":"","enabled":false},"version":2}},"categories":[56,26],"tags":[],"class_list":["post-8049","post","type-post","status-publish","format-standard","hentry","category-c67-greve","category-c25-notas-politicas-do-pcb"],"jetpack_publicize_connections":[],"jetpack_featured_media_url":"","jetpack_shortlink":"https:\/\/wp.me\/p659gw-25P","jetpack-related-posts":[],"jetpack_likes_enabled":true,"jetpack_sharing_enabled":true,"_links":{"self":[{"href":"https:\/\/pcb.org.br\/portal2\/wp-json\/wp\/v2\/posts\/8049","targetHints":{"allow":["GET"]}}],"collection":[{"href":"https:\/\/pcb.org.br\/portal2\/wp-json\/wp\/v2\/posts"}],"about":[{"href":"https:\/\/pcb.org.br\/portal2\/wp-json\/wp\/v2\/types\/post"}],"author":[{"embeddable":true,"href":"https:\/\/pcb.org.br\/portal2\/wp-json\/wp\/v2\/users\/1"}],"replies":[{"embeddable":true,"href":"https:\/\/pcb.org.br\/portal2\/wp-json\/wp\/v2\/comments?post=8049"}],"version-history":[{"count":0,"href":"https:\/\/pcb.org.br\/portal2\/wp-json\/wp\/v2\/posts\/8049\/revisions"}],"wp:attachment":[{"href":"https:\/\/pcb.org.br\/portal2\/wp-json\/wp\/v2\/media?parent=8049"}],"wp:term":[{"taxonomy":"category","embeddable":true,"href":"https:\/\/pcb.org.br\/portal2\/wp-json\/wp\/v2\/categories?post=8049"},{"taxonomy":"post_tag","embeddable":true,"href":"https:\/\/pcb.org.br\/portal2\/wp-json\/wp\/v2\/tags?post=8049"}],"curies":[{"name":"wp","href":"https:\/\/api.w.org\/{rel}","templated":true}]}}