{"id":8169,"date":"2015-05-06T20:34:29","date_gmt":"2015-05-06T23:34:29","guid":{"rendered":"http:\/\/pcb.org.br\/portal2\/?p=8169"},"modified":"2015-05-21T17:51:00","modified_gmt":"2015-05-21T20:51:00","slug":"nota-politica-da-ujc-mg-sobre-a-vitoria-nas-eleicoes-do-dce-da-ufmg","status":"publish","type":"post","link":"https:\/\/pcb.org.br\/portal2\/8169","title":{"rendered":"Nota Pol\u00edtica da UJC-MG Sobre a Vit\u00f3ria Nas Elei\u00e7\u00f5es do DCE da UFMG"},"content":{"rendered":"<p><img data-recalc-dims=\"1\" decoding=\"async\" class=\"imagem\" title=\"imagem\" src=\"https:\/\/i0.wp.com\/lh3.googleusercontent.com\/-QtfUZGeGnx4\/VUqCckSAzSI\/AAAAAAAAKUc\/MHfD3xJHjlw\/s581-no\/11200889_996133363732226_7769031718670014271_n.jpg?w=747&#038;ssl=1\" alt=\"imagem\" \/>Vivemos num contexto de crise econ\u00f4mica onde capitalistas e governos tentam jogar a conta da crise nas costas d@s trabalhador@s e da juventude. As estrat\u00e9gias utilizadas j\u00e1 s\u00e3o conhecidas: <!--more-->retirada de direitos, aumento da explora\u00e7\u00e3o, arrocho, corte de verbas em programas sociais; colocando assim a m\u00e1quina do Estado para atender os interesses dos capitalistas na exata medida em que para a juventude e os trabalhadores s\u00f3 sobrem o porrete.<\/p>\n<p>Neste contexto, estamos presenciando um verdadeiro desmanche da educa\u00e7\u00e3o p\u00fablica, al\u00e9m de uma verdadeira ofensiva do capital sobre as universidades federais. Essa ofensiva tem se dado atrav\u00e9s de uma serie de a\u00e7\u00f5es; sejam elas pela atua\u00e7\u00e3o das funda\u00e7\u00f5es privadas no interior das universidades, ou mesmo, pela privatiza\u00e7\u00e3o do servi\u00e7o universit\u00e1rio hospitalar.<\/p>\n<p>Nesse cen\u00e1rio, a vit\u00f3ria nas elei\u00e7\u00f5es para o DCE da UFMG da chapa Virada representou uma vit\u00f3ria da unidade! Assim foi o resultado das elei\u00e7\u00f5es do DCE-UFMG que aconteceu entre os dias 29 e 30 de Abril. Com 2348 (45,52%) dos votos, a Chapa Virada, composta pelos coletivos de esquerda socialista presentes na universidade (UJC\/MUP, UJR, UFMG sem Catracas, Isegoria, Vamos a Luta, Voz Ativa, ANEL e Brigadas Populares), al\u00e9m de estudantes independentes, conseguimos superar a situa\u00e7\u00e3o governista e a oposi\u00e7\u00e3o de direita. Com o lema \u201cPor um DCE independente do governo e do congresso Nacional, que combata os cortes de verbas na educa\u00e7\u00e3o e lute por uma universidade p\u00fablica, gratuita, emancipat\u00f3ria e de qualidade!\u201d, a constru\u00e7\u00e3o do programa da chapa foi realizada atrav\u00e9s de rodas tem\u00e1ticas amplas e abertas a participa\u00e7\u00e3o de tod@s @s estudantes, e algumas das propostas apresentadas foram:<\/p>\n<p>&#8211; Redu\u00e7\u00e3o dos pre\u00e7os do bandej\u00e3o<\/p>\n<p>&#8211; Constru\u00e7\u00e3o de creches e frald\u00e1rios pelo campus<\/p>\n<p>&#8211; Aumento das todas as bolsas e expans\u00e3o da moradia estudantil<\/p>\n<p>&#8211; \u00d4nibus intercampi<\/p>\n<p>&#8211; Pelo uso do nome social na universidade.<\/p>\n<p>A Virada que desde sua composi\u00e7\u00e3o j\u00e1 saiu vitoriosa, configurando uma unidade que h\u00e1 muito n\u00e3o se via no movimento estudantil da UFMG, agora t\u00eam o desafio de ir al\u00e9m dos muros da universidade e resgatar a import\u00e2ncia hist\u00f3rica que o movimento estudantil sempre teve nas transforma\u00e7\u00f5es pol\u00edticas do pa\u00eds. \u00c9 hora da VIRADA!!<\/p>\n<p>UJC \u2013 MG<\/p>\n<p>Ousar lutar, ousar vencer!<\/p>\n<blockquote data-secret=\"TKCZ5mWVA4\" class=\"wp-embedded-content\"><p><a href=\"https:\/\/pcb.org.br\/portal2\/1780\">HOMEM NEGRO INGL\u00caS ANALISA REVOLTA NA INGLATERRA<\/a><\/p><\/blockquote>\n<p><iframe loading=\"lazy\" class=\"wp-embedded-content\" sandbox=\"allow-scripts\" security=\"restricted\" style=\"position: absolute; clip: rect(1px, 1px, 1px, 1px);\" src=\"https:\/\/pcb.org.br\/portal2\/1780\/embed#?secret=TKCZ5mWVA4\" data-secret=\"TKCZ5mWVA4\" width=\"600\" height=\"338\" title=\"&#8220;HOMEM NEGRO INGL\u00caS ANALISA REVOLTA NA INGLATERRA&#8221; &#8212; PCB - Partido Comunista Brasileiro\" frameborder=\"0\" marginwidth=\"0\" marginheight=\"0\" scrolling=\"no\"><\/iframe><\/p>\n","protected":false},"excerpt":{"rendered":"Vivemos num contexto de crise econ\u00f4mica onde capitalistas e governos tentam jogar a conta da crise nas costas d@s trabalhador@s e da juventude. \n<a class=\"moretag\" href=\"https:\/\/pcb.org.br\/portal2\/8169\"> <\/a>","protected":false},"author":1,"featured_media":0,"comment_status":"closed","ping_status":"closed","sticky":false,"template":"","format":"standard","meta":{"jetpack_post_was_ever_published":false,"_jetpack_newsletter_access":"","_jetpack_dont_email_post_to_subs":false,"_jetpack_newsletter_tier_id":0,"_jetpack_memberships_contains_paywalled_content":false,"_jetpack_memberships_contains_paid_content":false,"footnotes":"","jetpack_publicize_message":"Nota Pol\u00edtica da UJC-MG Sobre a Vit\u00f3ria Nas Elei\u00e7\u00f5es do DCE da UFMG\r\n\r\nhttp:\/\/pcb.org.br\/portal2\/8169","jetpack_publicize_feature_enabled":true,"jetpack_social_post_already_shared":true,"jetpack_social_options":{"image_generator_settings":{"template":"highway","default_image_id":0,"font":"","enabled":false},"version":2}},"categories":[27],"tags":[],"class_list":["post-8169","post","type-post","status-publish","format-standard","hentry","category-c27-ujc"],"jetpack_publicize_connections":[],"jetpack_featured_media_url":"","jetpack_shortlink":"https:\/\/wp.me\/p659gw-27L","jetpack-related-posts":[],"jetpack_likes_enabled":true,"jetpack_sharing_enabled":true,"_links":{"self":[{"href":"https:\/\/pcb.org.br\/portal2\/wp-json\/wp\/v2\/posts\/8169","targetHints":{"allow":["GET"]}}],"collection":[{"href":"https:\/\/pcb.org.br\/portal2\/wp-json\/wp\/v2\/posts"}],"about":[{"href":"https:\/\/pcb.org.br\/portal2\/wp-json\/wp\/v2\/types\/post"}],"author":[{"embeddable":true,"href":"https:\/\/pcb.org.br\/portal2\/wp-json\/wp\/v2\/users\/1"}],"replies":[{"embeddable":true,"href":"https:\/\/pcb.org.br\/portal2\/wp-json\/wp\/v2\/comments?post=8169"}],"version-history":[{"count":0,"href":"https:\/\/pcb.org.br\/portal2\/wp-json\/wp\/v2\/posts\/8169\/revisions"}],"wp:attachment":[{"href":"https:\/\/pcb.org.br\/portal2\/wp-json\/wp\/v2\/media?parent=8169"}],"wp:term":[{"taxonomy":"category","embeddable":true,"href":"https:\/\/pcb.org.br\/portal2\/wp-json\/wp\/v2\/categories?post=8169"},{"taxonomy":"post_tag","embeddable":true,"href":"https:\/\/pcb.org.br\/portal2\/wp-json\/wp\/v2\/tags?post=8169"}],"curies":[{"name":"wp","href":"https:\/\/api.w.org\/{rel}","templated":true}]}}