{"id":829,"date":"2010-09-23T15:44:50","date_gmt":"2010-09-23T15:44:50","guid":{"rendered":"http:\/\/pcb.org.br\/portal2\/?p=829"},"modified":"2010-09-23T15:44:50","modified_gmt":"2010-09-23T15:44:50","slug":"farc-eln-anunciam-pacto-entre-revolucionarios","status":"publish","type":"post","link":"https:\/\/pcb.org.br\/portal2\/829","title":{"rendered":"FARC-ELN anunciam pacto entre revolucion\u00e1rios"},"content":{"rendered":"\n<p>Tanto as FARC como o ELN vem anunciando um pacto de n\u00e3o agress\u00e3o no Oriente Colombiano, uma zona onde ocorreram enfrentamentos entre ambas guerrilhas.<\/p>\n<p><strong>N\u00e3o mais confrontos entre revolucion\u00e1rios<\/strong><\/p>\n<p style=\"text-align: right;\"><em><strong>&#8220;<\/strong><\/em><em>Malditos sejam os soldados que viram as almas contra seu povo<\/em><em><strong>&#8220;<\/strong><\/em><\/p>\n<p style=\"text-align: right;\"><em>Sim\u00f3n Bol\u00edvar.<\/em><\/p>\n<p>A zona guerrilheira do Oriente Colombiano, que abarca Arauca, Casanare, Boyac\u00e1 e parte dos Santanderes, assistidos por nossos m\u00e1ximos comandantes do Secretariado Nacional e o Comando Central, anunciou que terminou, definitivamente, o tr\u00e1gico confronto que vinha ocorrendo entre as FARC-EP e o ELN, no munic\u00edpio de Arauca.<\/p>\n<p>Nos reunimos no munic\u00edpio de Arauca, num ambiente de muita franqueza, fraternidade e camaradagem para abordar as causas que desembocaram num desafortunado e absurdo confronto entre as organiza\u00e7\u00f5es irm\u00e3s. Recorremos e assumimos, em seu esp\u00edrito e em sua letra, ao acordo entre as duas dire\u00e7\u00f5es nacionais de dezembro de 2009.<\/p>\n<p>Temos realizado uma profunda reflex\u00e3o sobre as causas que motivaram o confronto e trabalharemos para apontar solu\u00e7\u00f5es, evitando repetir futuramente tamanho equ\u00edvoco.<\/p>\n<p>Somos autocr\u00edticos em reconhecer os danos e preju\u00edzos causados \u00e0 popula\u00e7\u00e3o. S\u00e3o dolorosos os epis\u00f3dios e lament\u00e1veis as consequ\u00eancias. Por isso, apresentamos nossos sentimentos de considera\u00e7\u00e3o e desculpas a todos os afetados.<\/p>\n<p>Este reencontro entre as organiza\u00e7\u00f5es irm\u00e3s \u00e9 um valioso est\u00edmulo \u00e0 resist\u00eancia araucana e dos colombianos. Sem d\u00favida, ser\u00e1 objeto de provoca\u00e7\u00f5es e vers\u00f5es tendenciosas da campanha contra-insurgente.<\/p>\n<p>As conclus\u00f5es a que chegamos ratificam as diferen\u00e7as que devemos resolver. Estamos animados em extrair delas for\u00e7a, decis\u00f5es construtivas e forjar caminhos unit\u00e1rios.<\/p>\n<p>Sa\u00edmos desta reuni\u00e3o comprometidos e animados em p\u00f4r maior empenho na cicatriza\u00e7\u00e3o de feridas, em irmanarmos plenamente, em estimular o retorno dos camponeses a suas terras, em reconstruir a confian\u00e7a e a esperan\u00e7a nesta insurg\u00eancia que pertence ao car\u00e1ter heroico do povo araucano.<\/p>\n<p>Ratificamos que nossos combatentes e nossas armas somente respondem \u00e0 defesa dos interesses de nosso povo, elevando o combate pela Nova Col\u00f4mbia a que contribu\u00edmos com tantas lutas e sacrif\u00edcios.<\/p>\n<p>Neste Bicenten\u00e1rio do Grito de Independ\u00eancia, nos enchemos de dignidade e grandeza contra a ocupa\u00e7\u00e3o militar norte-americana, o esp\u00f3lio das multinacionais e o servilismo desta oligarquia da qual s\u00f3 se esperam privil\u00e9gios aos poderosos e infort\u00fanios aos humildes. Alentamos ao nosso povo que repita as maiores e mais heroicas jornadas pela independ\u00eancia definitiva, pela Paz, pela Justi\u00e7a e pela Felicidade Social.<\/p>\n<p>Finalmente, enviamos um fraterno abra\u00e7o aos combatentes, aos militantes e ao povo araucano.<\/p>\n<p>Frente de Guerra Oriental do Ex\u00e9rcito de Liberta\u00e7\u00e3o ELN<\/p>\n<p>Bloco Oriental das For\u00e7as Armadas Revolucion\u00e1rias da Col\u00f4mbia &#8211; Ex\u00e9rcito do Povo FARC-EP<\/p>\n<p>COMANDO CENTRAL DO ELN, SECRETARIADO DAS FARC-EP<\/p>\n<p>Montanhas de Arauca, 14 de setembro de 2010<\/p>\n<p>Tradu\u00e7\u00e3o: Maria Fernanda M. Scelza<\/p>\n<p>Fonte: <a href=\"http:\/\/www.resumenlatinoamericano.org\/index.php?option=com_content&amp;task=view&amp;id=2276&amp;Itemid=1&amp;lang=en\" target=\"_blank\">http:\/\/www.resumenlatinoamericano.org\/<\/a><\/p>\n<p align=\"justify\">\n","protected":false},"excerpt":{"rendered":"\n\n\nCr\u00e9dito: Resumen\n\n\n\n\n\n\n\n\nRESUMEN LATINOAMERICANO\n<a class=\"moretag\" href=\"https:\/\/pcb.org.br\/portal2\/829\"> <\/a>","protected":false},"author":1,"featured_media":0,"comment_status":"open","ping_status":"open","sticky":false,"template":"","format":"standard","meta":{"jetpack_post_was_ever_published":false,"_jetpack_newsletter_access":"","_jetpack_dont_email_post_to_subs":false,"_jetpack_newsletter_tier_id":0,"_jetpack_memberships_contains_paywalled_content":false,"_jetpack_memberships_contains_paid_content":false,"footnotes":"","jetpack_publicize_message":"","jetpack_publicize_feature_enabled":true,"jetpack_social_post_already_shared":false,"jetpack_social_options":{"image_generator_settings":{"template":"highway","default_image_id":0,"font":"","enabled":false},"version":2}},"categories":[34],"tags":[],"class_list":["post-829","post","type-post","status-publish","format-standard","hentry","category-c39-colombia"],"jetpack_publicize_connections":[],"jetpack_featured_media_url":"","jetpack_shortlink":"https:\/\/wp.me\/p659gw-dn","jetpack-related-posts":[],"jetpack_likes_enabled":true,"jetpack_sharing_enabled":true,"_links":{"self":[{"href":"https:\/\/pcb.org.br\/portal2\/wp-json\/wp\/v2\/posts\/829","targetHints":{"allow":["GET"]}}],"collection":[{"href":"https:\/\/pcb.org.br\/portal2\/wp-json\/wp\/v2\/posts"}],"about":[{"href":"https:\/\/pcb.org.br\/portal2\/wp-json\/wp\/v2\/types\/post"}],"author":[{"embeddable":true,"href":"https:\/\/pcb.org.br\/portal2\/wp-json\/wp\/v2\/users\/1"}],"replies":[{"embeddable":true,"href":"https:\/\/pcb.org.br\/portal2\/wp-json\/wp\/v2\/comments?post=829"}],"version-history":[{"count":0,"href":"https:\/\/pcb.org.br\/portal2\/wp-json\/wp\/v2\/posts\/829\/revisions"}],"wp:attachment":[{"href":"https:\/\/pcb.org.br\/portal2\/wp-json\/wp\/v2\/media?parent=829"}],"wp:term":[{"taxonomy":"category","embeddable":true,"href":"https:\/\/pcb.org.br\/portal2\/wp-json\/wp\/v2\/categories?post=829"},{"taxonomy":"post_tag","embeddable":true,"href":"https:\/\/pcb.org.br\/portal2\/wp-json\/wp\/v2\/tags?post=829"}],"curies":[{"name":"wp","href":"https:\/\/api.w.org\/{rel}","templated":true}]}}