{"id":831,"date":"2010-09-23T16:05:41","date_gmt":"2010-09-23T16:05:41","guid":{"rendered":"http:\/\/pcb.org.br\/portal2\/?p=831"},"modified":"2010-09-23T16:05:41","modified_gmt":"2010-09-23T16:05:41","slug":"venezuela-a-batalha-decisiva-de-26-de-setembro-nem-um-passo-atras","status":"publish","type":"post","link":"https:\/\/pcb.org.br\/portal2\/831","title":{"rendered":"VENEZUELA: A batalha decisiva de 26 de setembro; Nem um passo atr\u00e1s!"},"content":{"rendered":"\n<p align=\"justify\">Come\u00e7ou uma batalha pol\u00edtica t\u00e3o importante como decisiva, que deve ser definida a favor da revolu\u00e7\u00e3o bolivariana em 26 de setembro (Hugo Ch\u00e1vez Frias, em suas linhas de 28 de agosto).<\/p>\n<p align=\"justify\">O Movimento Continental Bolivariano, Cap\u00edtulo Venezuela, com seus Partidos, Movimentos, Coletivos e personalidades que fazem parte deste espa\u00e7o de converg\u00eancia e de unidade revolucion\u00e1ria, faz um chamado para as organiza\u00e7\u00f5es populares em todo o mundo a cerrar fileiras ante esta nova batalha, juntando-se a esta luta pela conquista da p\u00e1tria grande e o socialismo.<\/p>\n<p align=\"justify\">Defender as conquistas obtidas com a revolu\u00e7\u00e3o bolivariana na Venezuela em benef\u00edcio do seu povo \u00e9 um dever hist\u00f3rico, internacionalista, Bolivariano e Socialista. Cada conquista alcan\u00e7ada, cada avan\u00e7o, cada vit\u00f3ria popular nas elei\u00e7\u00f5es \u00e9 uma vit\u00f3ria continental e um passo em frente nas lutas dos povos na Am\u00e9rica. N\u00e3o h\u00e1 maior amea\u00e7a para as oligarquias, para o imp\u00e9rio e seus interesses, que um povo consciente e competente, assim que tem feito e far\u00e3o todo o poss\u00edvel para impedi-lo, tal como se expressa nos planos contra-revolucion\u00e1rios lan\u00e7ados com a campanha de terror e manipula\u00e7\u00e3o da m\u00eddia, tanto a n\u00edvel nacional como internacional, que nos obriga a estarmos preparados para a defesa global da revolu\u00e7\u00e3o bolivariana.<\/p>\n<p align=\"justify\">Com a convic\u00e7\u00e3o pol\u00edtica revolucion\u00e1ria para aprofundar o processo de transforma\u00e7\u00f5es que vive a Venezuela, e conscientes de que a luta pol\u00edtico-eleitoral \u00e9 a principal forma deste per\u00edodo, em conjunto com o povo bolivariano da Venezuela e do presidente Ch\u00e1vez, em uma luta di\u00e1ria para construir o caminho na Venezuela para uma estrada ao socialismo, onde as grandes avenidas, anunciadas pelo presidente m\u00e1rtir Salvador Allende, sejam abertas a homens e mulheres para que construam a sua liberdade.<\/p>\n<p align=\"justify\">A contra-revolu\u00e7\u00e3o n\u00e3o passar\u00e1, nem um passo atr\u00e1s! Comandante Ch\u00e1vez, Povo da Venezuela, contem com o nosso apoio modesto por\u00e9m determinado, leal e incondicional nesta transcendental batalha.<\/p>\n<p align=\"justify\">Neste 26 de setembro, com a espada de combate do libertador, \u00e0 luta!!!<\/p>\n<p><em><strong>PCV &#8211; Partido Comunista da Venezuela <\/strong><\/em><\/p>\n<p align=\"justify\"><em><strong>Coletivo Vozes Anti-imperialistas <\/strong><\/em><\/p>\n<p align=\"justify\"><em><strong>Coordenadora Cultural Sim\u00f3n Bol\u00edvar <\/strong><\/em><\/p>\n<p align=\"justify\"><em><strong>Movimento M-28 <\/strong><\/em><\/p>\n<p align=\"justify\"><em><strong>Guardi\u00f5es latino-americanos pela defesa do meio ambiente <\/strong><\/em><\/p>\n<p align=\"justify\"><em><strong>Coletivo de solidariedade com o Povo Basco Paquito Arriaran <\/strong><\/em><\/p>\n<p align=\"justify\"><em><strong>Frente Nacional Comunal Sim\u00f3n Bol\u00edvar <\/strong><\/em><\/p>\n<p align=\"justify\"><em><strong>Movimento Juvenil Estudantil Vozes<\/strong><\/em><\/p>\n<p align=\"justify\"><em><strong>Cap\u00edtulos Zulia, Carabobo, Aragua, Caracas, Vargas e Trujillo<\/strong><\/em><\/p>\n<p align=\"justify\"><em><strong>MCB \u2013 Movimento Continental Bolivariano<\/strong><\/em><\/p>\n<p align=\"justify\"><strong>MOVIMIENTO CONTINENTAL BOLIVARIANO<\/strong><\/p>\n<p align=\"justify\"><strong>Caracas, 11 de setembro de 2010.<\/strong><\/p>\n<p align=\"justify\">Fonte: <a href=\"http:\/\/www.pcv-venezuela.org\/index.php\/nacional\/7307-venezuela-la-batalla-decisiva-del-26-de-septiembre-ni-un-paso-atras\" target=\"_blank\">http:\/\/www.pcv-venezuela.org<\/a><\/p>\n<p align=\"justify\">\n","protected":false},"excerpt":{"rendered":"\n\n\nCr\u00e9dito: MCB\n\n\n\n\n\n\n\n\nVenezuela\n<a class=\"moretag\" href=\"https:\/\/pcb.org.br\/portal2\/831\"> <\/a>","protected":false},"author":1,"featured_media":0,"comment_status":"open","ping_status":"open","sticky":false,"template":"","format":"standard","meta":{"jetpack_post_was_ever_published":false,"_jetpack_newsletter_access":"","_jetpack_dont_email_post_to_subs":false,"_jetpack_newsletter_tier_id":0,"_jetpack_memberships_contains_paywalled_content":false,"_jetpack_memberships_contains_paid_content":false,"footnotes":"","jetpack_publicize_message":"","jetpack_publicize_feature_enabled":true,"jetpack_social_post_already_shared":false,"jetpack_social_options":{"image_generator_settings":{"template":"highway","default_image_id":0,"font":"","enabled":false},"version":2}},"categories":[45],"tags":[],"class_list":["post-831","post","type-post","status-publish","format-standard","hentry","category-c54-venezuela"],"jetpack_publicize_connections":[],"jetpack_featured_media_url":"","jetpack_shortlink":"https:\/\/wp.me\/p659gw-dp","jetpack-related-posts":[],"jetpack_likes_enabled":true,"jetpack_sharing_enabled":true,"_links":{"self":[{"href":"https:\/\/pcb.org.br\/portal2\/wp-json\/wp\/v2\/posts\/831","targetHints":{"allow":["GET"]}}],"collection":[{"href":"https:\/\/pcb.org.br\/portal2\/wp-json\/wp\/v2\/posts"}],"about":[{"href":"https:\/\/pcb.org.br\/portal2\/wp-json\/wp\/v2\/types\/post"}],"author":[{"embeddable":true,"href":"https:\/\/pcb.org.br\/portal2\/wp-json\/wp\/v2\/users\/1"}],"replies":[{"embeddable":true,"href":"https:\/\/pcb.org.br\/portal2\/wp-json\/wp\/v2\/comments?post=831"}],"version-history":[{"count":0,"href":"https:\/\/pcb.org.br\/portal2\/wp-json\/wp\/v2\/posts\/831\/revisions"}],"wp:attachment":[{"href":"https:\/\/pcb.org.br\/portal2\/wp-json\/wp\/v2\/media?parent=831"}],"wp:term":[{"taxonomy":"category","embeddable":true,"href":"https:\/\/pcb.org.br\/portal2\/wp-json\/wp\/v2\/categories?post=831"},{"taxonomy":"post_tag","embeddable":true,"href":"https:\/\/pcb.org.br\/portal2\/wp-json\/wp\/v2\/tags?post=831"}],"curies":[{"name":"wp","href":"https:\/\/api.w.org\/{rel}","templated":true}]}}