{"id":8601,"date":"2015-06-13T23:28:39","date_gmt":"2015-06-14T02:28:39","guid":{"rendered":"http:\/\/pcb.org.br\/portal2\/?p=8601"},"modified":"2015-06-28T15:49:41","modified_gmt":"2015-06-28T18:49:41","slug":"rejeicao-nacional-obriga-mcdonalds-a-fechar-lojas-na-bolivia","status":"publish","type":"post","link":"https:\/\/pcb.org.br\/portal2\/8601","title":{"rendered":"Rejei\u00e7\u00e3o nacional obriga McDonald\u2019s a fechar lojas na Bol\u00edvia"},"content":{"rendered":"<p><img data-recalc-dims=\"1\" decoding=\"async\" class=\"imagem\" title=\"imagem\" src=\"https:\/\/i0.wp.com\/www.anda.jor.br\/wp-content\/uploads\/2013\/08\/bolivia-fast-food-mddonalds.jpg?w=747\" alt=\"imagem\" \/>Por Amary Nicolau (da Reda\u00e7\u00e3o)<\/p>\n<p>A popula\u00e7\u00e3o boliviana n\u00e3o acredita na publicidade e no preparo r\u00e1pido de alimentos, como nos Estados Unidos. Os\/as bolivianos\/as, simplesmente, n\u00e3o confiam em alimentos preparados em t\u00e3o pouco tempo. As informa\u00e7\u00f5es s\u00e3o da Natural News.<!--more--><\/p>\n<p>Sessenta por cento dos\/as bolivianos\/as s\u00e3o ind\u00edgenas, que preferem n\u00e3o trocar um alimento saud\u00e1vel e gastar dinheiro em um lugar como o McDonald\u2019s. Apesar de pre\u00e7os convidativos oferecidos pela rede, o McDonald\u2019s n\u00e3o conseguiu convencer os\/as bolivianos\/as a comerem seus BigMacs, McNuggets ou McRibs.<\/p>\n<p>A boliviana Esther Choque disse enquanto esperava um \u00f4nibus em frente a uma das franqueadas j\u00e1 fechada do McDonald\u00b4s: &#8220;O mais perto que eu j\u00e1 cheguei desse restaurante foi em um dia que estava chovendo e subi os degraus para me manter seca. Mas os funcion\u00e1rios me enxotaram, dizendo que eu estava sujando o restaurante. Por mim, podem ir embora da Bol\u00edvia mesmo\u201d.<\/p>\n<p>Rede de \u2018fast food\u2019 permaneceu na Bol\u00edvia por uma d\u00e9cada, apenas com perdas anuais<\/p>\n<p>Oito restaurantes da rede de \u2018fast food\u2019, localizados nas cidades de La Paz, Cochabamba e Santa Cruz de La Sierra, supostamente, operaram com perdas anuais. Ap\u00f3s 14 anos de presen\u00e7a no pa\u00eds, loja ap\u00f3s loja, foi fechando as portas.<\/p>\n<p>Uma profunda rejei\u00e7\u00e3o cultural<\/p>\n<p>A partida do McDonald\u2019s da Bol\u00edvia foi algo t\u00e3o importante que um document\u00e1rio come\u00e7ou a ser filmado, chamado &#8220;Porque o McDonald\u2019s quebrou na Bol\u00edvia\u201d, apresentando cozinheiros, nutricionistas, historiadores e educadores rompendo a realidade repugnante do alimento oferecido pelo McDonald\u2019s.<\/p>\n<p>A rejei\u00e7\u00e3o n\u00e3o \u00e9, necessariamente, com base no sabor ou no tipo de alimento, mas sim uma rejei\u00e7\u00e3o ao sistema \u2018fast food\u2019. De forma que os bolivianos valorizam a qualidade do alimento que ingerem. O tempo de preparo das refei\u00e7\u00f5es de \u2018fast food\u2019 serve como um tipo de alerta para eles. Os\/as bolivianos\/as buscam refei\u00e7\u00f5es locais e querem saber que foram preparadas da maneira correta.<\/p>\n<p>Este pensamento boliviano evita o processamento da carne utilizado por v\u00e1rias redes de \u2018fast food\u2019, como o McDonald\u2019s.<\/p>\n<p>Voc\u00ea sabia que o McRib \u00e9 processado com 70 ingredientes diferentes, que incluem azodicarbonamida, a farinha de branqueamento usada na produ\u00e7\u00e3o de espuma e pl\u00e1stico? McRib se constitui por misturas de tripas, cora\u00e7\u00e3o e est\u00f4mago. As prote\u00ednas s\u00e3o extra\u00eddas da mistura muscular que se liga a carne de porco, de forma que possa ser moldada nas f\u00e1bricas. Embora seja vendido como costela, n\u00e3o existe nada de costela.<\/p>\n<p>A rejei\u00e7\u00e3o boliviana contra o McDonald\u2019s criou um bom exemplo para o resto do mundo seguir.<\/p>\n<p>http:\/\/www.anda.jor.br\/03\/08\/2013\/rejeicao-nacional-obriga-mcdonalds-a-fechar-todas-as-lojas-na-bolivia<\/p>\n","protected":false},"excerpt":{"rendered":"Por Amary Nicolau (da Reda\u00e7\u00e3o) A popula\u00e7\u00e3o boliviana n\u00e3o acredita na publicidade e no preparo r\u00e1pido de alimentos, como nos Estados Unidos. Os\/as \n<a class=\"moretag\" href=\"https:\/\/pcb.org.br\/portal2\/8601\"> <\/a>","protected":false},"author":1,"featured_media":0,"comment_status":"closed","ping_status":"closed","sticky":false,"template":"","format":"standard","meta":{"jetpack_post_was_ever_published":false,"_jetpack_newsletter_access":"","_jetpack_dont_email_post_to_subs":false,"_jetpack_newsletter_tier_id":0,"_jetpack_memberships_contains_paywalled_content":false,"_jetpack_memberships_contains_paid_content":false,"footnotes":"","jetpack_publicize_message":"","jetpack_publicize_feature_enabled":true,"jetpack_social_post_already_shared":true,"jetpack_social_options":{"image_generator_settings":{"template":"highway","default_image_id":0,"font":"","enabled":false},"version":2}},"categories":[44],"tags":[],"class_list":["post-8601","post","type-post","status-publish","format-standard","hentry","category-c55-bolivia"],"jetpack_publicize_connections":[],"jetpack_featured_media_url":"","jetpack_shortlink":"https:\/\/wp.me\/p659gw-2eJ","jetpack-related-posts":[],"jetpack_likes_enabled":true,"jetpack_sharing_enabled":true,"_links":{"self":[{"href":"https:\/\/pcb.org.br\/portal2\/wp-json\/wp\/v2\/posts\/8601","targetHints":{"allow":["GET"]}}],"collection":[{"href":"https:\/\/pcb.org.br\/portal2\/wp-json\/wp\/v2\/posts"}],"about":[{"href":"https:\/\/pcb.org.br\/portal2\/wp-json\/wp\/v2\/types\/post"}],"author":[{"embeddable":true,"href":"https:\/\/pcb.org.br\/portal2\/wp-json\/wp\/v2\/users\/1"}],"replies":[{"embeddable":true,"href":"https:\/\/pcb.org.br\/portal2\/wp-json\/wp\/v2\/comments?post=8601"}],"version-history":[{"count":0,"href":"https:\/\/pcb.org.br\/portal2\/wp-json\/wp\/v2\/posts\/8601\/revisions"}],"wp:attachment":[{"href":"https:\/\/pcb.org.br\/portal2\/wp-json\/wp\/v2\/media?parent=8601"}],"wp:term":[{"taxonomy":"category","embeddable":true,"href":"https:\/\/pcb.org.br\/portal2\/wp-json\/wp\/v2\/categories?post=8601"},{"taxonomy":"post_tag","embeddable":true,"href":"https:\/\/pcb.org.br\/portal2\/wp-json\/wp\/v2\/tags?post=8601"}],"curies":[{"name":"wp","href":"https:\/\/api.w.org\/{rel}","templated":true}]}}