{"id":8641,"date":"2015-06-17T11:39:57","date_gmt":"2015-06-17T14:39:57","guid":{"rendered":"http:\/\/pcb.org.br\/portal2\/?p=8641"},"modified":"2015-07-08T18:15:30","modified_gmt":"2015-07-08T21:15:30","slug":"8641","status":"publish","type":"post","link":"https:\/\/pcb.org.br\/portal2\/8641","title":{"rendered":"Mundo vive maior crise de refugiados desde a Segunda Guerra, diz Anistia"},"content":{"rendered":"<p><img data-recalc-dims=\"1\" decoding=\"async\" class=\"imagem\" title=\"imagem\" src=\"https:\/\/i0.wp.com\/www.dw.de\/image\/0%2C%2C18447768_303%2C00.jpg?w=747\" alt=\"imagem\" \/>ONG acusa comunidade internacional de &#8220;fracasso vergonhoso&#8221; em enfrentar problema e alerta que situa\u00e7\u00e3o \u00e9 um dos maiores desafios do s\u00e9culo 21. &#8220;Nenhum pa\u00eds deve ser deixado sozinho&#8221;, afirma.<\/p>\n<p>A reportagem \u00e9 publicada por Deutsche Welle, 15-06-2015.<!--more--><\/p>\n<p>A Anistia Internacional acusou a comunidade internacional de um &#8220;fracasso vergonhoso&#8221; diante do que chamou de &#8220;a pior crise de refugiados desde a Segunda Guerra Mundial&#8221;, em relat\u00f3rio divulgado nesta segunda-feira (15\/06). Segundo a ONG, esse fracasso condena milh\u00f5es de pessoas a um sofrimento insuport\u00e1vel e leva a milhares \u00e0 morte.<\/p>\n<p>&#8220;Somos testemunhas da pior crise de refugiados da nossa era, com milh\u00f5es de homens, mulheres e crian\u00e7as lutando para sobreviver a guerras brutais e redes de tr\u00e1fico de pessoas, e governos que perseguem interesses pol\u00edticos ego\u00edstas em vez de demonstrarem compaix\u00e3o&#8221;, afirmou o secret\u00e1rio-geral da organiza\u00e7\u00e3o n\u00e3o governamental, Salil Shetty, ao apresentar o relat\u00f3rio em Beirute, por ocasi\u00e3o do Dia Mundial do Refugiado, em 20 de junho.<\/p>\n<p>No relat\u00f3rio, a Anistia Internacional faz v\u00e1rias recomenda\u00e7\u00f5es, como a cria\u00e7\u00e3o de um fundo para os refugiados e a ado\u00e7\u00e3o de um compromisso coletivo para a reinstala\u00e7\u00e3o de um milh\u00e3o de refugiados nos pr\u00f3ximos quatro anos.<\/p>\n<p>&#8220;A crise dos refugiados \u00e9 um dos maiores desafios do s\u00e9culo 21, mas a resposta da comunidade internacional foi um fracasso vergonhoso. Precisamos de uma reforma radical de pol\u00edticas e de pr\u00e1ticas para criar uma estrat\u00e9gia mundial coerente&#8221;, afirmou Shetty.<\/p>\n<p>&#8220;A atual crise de refugiados n\u00e3o se vai resolver se a comunidade internacional n\u00e3o reconhecer que se trata de um problema mundial que exige que os Estados intensifiquem significativamente a coopera\u00e7\u00e3o internacional&#8221;, insistiu.<\/p>\n<p>Segundo a ONG, a situa\u00e7\u00e3o \u00e9 especialmente desesperada para os quatro milh\u00f5es de refugiados da S\u00edria, a maioria dos quais (95%) vive em cinco pa\u00edses vizinhos \u2013 Turquia, L\u00edbano, Jord\u00e2nia, Iraque e Egito \u2013 que est\u00e3o sobrecarregados com esse afluxo. &#8220;Nenhum pa\u00eds deve ser deixado sozinho perante uma crise humanit\u00e1ria de grandes propor\u00e7\u00f5es simplesmente porque partilha uma fronteira com um pa\u00eds em guerra&#8221;, disse Shetty.<\/p>\n<p>A organiza\u00e7\u00e3o adverte que muitos s\u00edrios, perante a reduzida assist\u00eancia humanit\u00e1ria que recebem nos pa\u00edses onde se encontram e a falta de perspectivas de regressar para casa, provavelmente tentar\u00e3o chegar \u00e0 Europa atrav\u00e9s do Mediterr\u00e2neo, &#8220;a rota mar\u00edtima mais perigosa&#8221;. Em 2014, 219 mil pessoas cruzaram o Mediterr\u00e2neo em &#8220;condi\u00e7\u00f5es extremamente perigosas&#8221;, e ao menos 3.500 morreram.<\/p>\n<p>A organiza\u00e7\u00e3o sa\u00fada a decis\u00e3o europeia de refor\u00e7ar a opera\u00e7\u00e3o Triton, mas apela para mais medidas, especialmente a cria\u00e7\u00e3o de mais vias de imigra\u00e7\u00e3o legal.<\/p>\n<p>A opera\u00e7\u00e3o Triton foi lan\u00e7ada em novembro de 2014 para ajudar a It\u00e1lia a controlar as fronteiras mar\u00edtimas, mas foi inicialmente dotada de um or\u00e7amento significativamente inferior \u00e0 opera\u00e7\u00e3o italiana que a antecedeu, a Mare Nostrum. Em abril, diante de mais uma trag\u00e9dia com refugiados no Mediterr\u00e2neo, os l\u00edderes europeus ampliaram a \u00e1rea de a\u00e7\u00e3o e triplicaram o or\u00e7amento da opera\u00e7\u00e3o.<\/p>\n<p>O relat\u00f3rio afirma ainda que h\u00e1 mais de tr\u00eas milh\u00f5es de refugiados na \u00c1frica subsaariana. Ao fluxo origin\u00e1rio de pa\u00edses que j\u00e1 est\u00e3o h\u00e1 anos em crise, como o Sud\u00e3o, o Congo e a Som\u00e1lia, somam-se centenas de milhares de pessoas que tiveram de deixar pa\u00edses como o Sud\u00e3o do Sul, a Rep\u00fablica Centro-Africana, a Nig\u00e9ria e o Burundi.<\/p>\n<p>http:\/\/www.ihu.unisinos.br\/noticias\/543571-mundo-vive-maior-crise-de-refugiados-desde-a-segunda-guerra-diz-anistia<\/p>\n","protected":false},"excerpt":{"rendered":"ONG acusa comunidade internacional de &#8220;fracasso vergonhoso&#8221; em enfrentar problema e alerta que situa\u00e7\u00e3o \u00e9 um dos maiores desafios do s\u00e9culo 21. &#8220;Nenhum \n<a class=\"moretag\" href=\"https:\/\/pcb.org.br\/portal2\/8641\"> <\/a>","protected":false},"author":1,"featured_media":0,"comment_status":"closed","ping_status":"closed","sticky":false,"template":"","format":"standard","meta":{"jetpack_post_was_ever_published":false,"_jetpack_newsletter_access":"","_jetpack_dont_email_post_to_subs":false,"_jetpack_newsletter_tier_id":0,"_jetpack_memberships_contains_paywalled_content":false,"_jetpack_memberships_contains_paid_content":false,"footnotes":"","jetpack_publicize_message":"","jetpack_publicize_feature_enabled":true,"jetpack_social_post_already_shared":true,"jetpack_social_options":{"image_generator_settings":{"template":"highway","default_image_id":0,"font":"","enabled":false},"version":2}},"categories":[9],"tags":[],"class_list":["post-8641","post","type-post","status-publish","format-standard","hentry","category-s10-internacional"],"jetpack_publicize_connections":[],"jetpack_featured_media_url":"","jetpack_shortlink":"https:\/\/wp.me\/s659gw-8641","jetpack-related-posts":[],"jetpack_likes_enabled":true,"jetpack_sharing_enabled":true,"_links":{"self":[{"href":"https:\/\/pcb.org.br\/portal2\/wp-json\/wp\/v2\/posts\/8641","targetHints":{"allow":["GET"]}}],"collection":[{"href":"https:\/\/pcb.org.br\/portal2\/wp-json\/wp\/v2\/posts"}],"about":[{"href":"https:\/\/pcb.org.br\/portal2\/wp-json\/wp\/v2\/types\/post"}],"author":[{"embeddable":true,"href":"https:\/\/pcb.org.br\/portal2\/wp-json\/wp\/v2\/users\/1"}],"replies":[{"embeddable":true,"href":"https:\/\/pcb.org.br\/portal2\/wp-json\/wp\/v2\/comments?post=8641"}],"version-history":[{"count":0,"href":"https:\/\/pcb.org.br\/portal2\/wp-json\/wp\/v2\/posts\/8641\/revisions"}],"wp:attachment":[{"href":"https:\/\/pcb.org.br\/portal2\/wp-json\/wp\/v2\/media?parent=8641"}],"wp:term":[{"taxonomy":"category","embeddable":true,"href":"https:\/\/pcb.org.br\/portal2\/wp-json\/wp\/v2\/categories?post=8641"},{"taxonomy":"post_tag","embeddable":true,"href":"https:\/\/pcb.org.br\/portal2\/wp-json\/wp\/v2\/tags?post=8641"}],"curies":[{"name":"wp","href":"https:\/\/api.w.org\/{rel}","templated":true}]}}