{"id":8660,"date":"2015-06-18T17:52:34","date_gmt":"2015-06-18T20:52:34","guid":{"rendered":"http:\/\/pcb.org.br\/portal2\/?p=8660"},"modified":"2015-07-08T18:40:29","modified_gmt":"2015-07-08T21:40:29","slug":"ucrania-nasce-a-oposicao-da-esquerda-unida","status":"publish","type":"post","link":"https:\/\/pcb.org.br\/portal2\/8660","title":{"rendered":"Ucr\u00e2nia: Nasce a &#8220;Oposi\u00e7\u00e3o da Esquerda Unida&#8221;"},"content":{"rendered":"<p><img data-recalc-dims=\"1\" decoding=\"async\" class=\"imagem\" title=\"imagem\" src=\"https:\/\/i0.wp.com\/4.bp.blogspot.com\/-dh1-gI6FmDs\/VX3tvQaNIhI\/AAAAAAAAA4E\/rQ2YlZ0230g\/s320\/Communist_party_of_ukraine_logo.png?w=747\" alt=\"imagem\" \/>As for\u00e7as democr\u00e1ticas ucranianas acabam de anunciar a cria\u00e7\u00e3o da &#8220;Oposi\u00e7\u00e3o da Esquerda Unida&#8221;. A nova organiza\u00e7\u00e3o resulta da fus\u00e3o do Partido Comunista (Petro Symonenko), do Partido Socialista Progressista (Natalia Vitrenko), do Partido do Trabalhador (Svyatoslav Bondarchuk), do Leninsky Komsomol da Ucr\u00e2nia e da Uni\u00e3o de Oficiais Sovi\u00e9ticos. A Assembleia Constituinte da &#8220;Oposi\u00e7\u00e3o da Esquerda&#8221; foi a 12 de Junho em Kiev.<!--more--><\/p>\n<p>A nova organiza\u00e7\u00e3o \u00e9 liderada por Petro Symonenko e Natalia Vitrenko, pelo campe\u00e3o ol\u00edmpico Rudolf Povarnitsyn e pelo fil\u00f3sofo Georgy Kryuchkov. Ela anuncia combater pelos princ\u00edpios da democracia e justi\u00e7a social, contra o genoc\u00eddio social e nacional de ucranianos, contra o fascismo e pela restaura\u00e7\u00e3o de rela\u00e7\u00f5es com a R\u00fassia. Foi aprovado o seguinte manifesto de constitui\u00e7\u00e3o:<\/p>\n<p>MANIFESTO<\/p>\n<p><img data-recalc-dims=\"1\" decoding=\"async\" class=\"imagem\" title=\"imagem\" src=\"https:\/\/i0.wp.com\/3.bp.blogspot.com\/-HCSTXpV732E\/VX3tywnPFZI\/AAAAAAAAA4M\/lUSToqBJ0RA\/s1600\/SPUkraine.png?w=747\" alt=\"imagem\" \/>O movimento de todos os ucranianos da esquerda, partidos pol\u00edticos e organiza\u00e7\u00f5es p\u00fablicas de centro esquerda \u00e9 a &#8220;oposi\u00e7\u00e3o da esquerda&#8221;.<\/p>\n<p>O rumo da pol\u00edtica interna e externa mantido na Ucr\u00e2nia, especialmente ap\u00f3s o golpe de Fevereiro (2014) leva o nosso pa\u00eds \u00e0 perda de soberania do estado, divis\u00e3o e guerra civil fratricida, colapso econ\u00f3mico, social e genoc\u00eddio \u00e9tnico que amea\u00e7a a Ucr\u00e2nia de colapso e est\u00e1 a ser utilizado por for\u00e7as externas para provocar uma III Guerra Mundial.<\/p>\n<p>Com a assinatura do acordo de associa\u00e7\u00e3o com a Uni\u00e3o Europeia e a obediente execu\u00e7\u00e3o das exig\u00eancias draconianas do Fundo Monet\u00e1rio Internacional, a Ucr\u00e2nia perdeu a sua independ\u00eancia econ\u00f3mica e pol\u00edtica. Ela realmente est\u00e1 sob controle externo. Suas pol\u00edticas internas e externas s\u00e3o definidas pelos Estados Unidos e a oligarquia financeira internacional.<\/p>\n<p>Ao implementar as chamadas reformas sob o modelo em bancarrota do capitalismo perif\u00e9rico neoliberal, abandonando a integra\u00e7\u00e3o com os pa\u00edses da Uni\u00e3o Aduaneira, a Ucr\u00e2nia condenou-se \u00e0 desindustrializa\u00e7\u00e3o, \u00e0 captura da propriedade p\u00fablica por cl\u00e3s olig\u00e1rquicas, a qual foi constru\u00edda por v\u00e1rias gera\u00e7\u00f5es do povo sovi\u00e9tico, e \u00e0 perda de milh\u00f5es de empregos, pobreza e extin\u00e7\u00e3o da popula\u00e7\u00e3o. Agora o produto interno bruto da Ucr\u00e2nia nem mesmo alcan\u00e7a 60% do n\u00edvel de 1990.<\/p>\n<p>Est\u00e1 destru\u00edda a ind\u00fastria interna, est\u00e1 destru\u00edda sua principal ind\u00fastria orientada para a exporta\u00e7\u00e3o. O sistema financeiro do pa\u00eds foi levado ao incumprimento\u00a0(default).\u00a0A super-explora\u00e7\u00e3o da for\u00e7a de trabalho, equipes das mais qualificadas do mundo s\u00e3o pagas ao n\u00edvel dos mais pobres pa\u00edses africanos. Servi\u00e7os de sa\u00fade e educa\u00e7\u00e3o s\u00e3o virtualmente inacess\u00edveis \u00e0 maioria da popula\u00e7\u00e3o.<\/p>\n<p>A rota de construir um estado mono-nacional, a imposi\u00e7\u00e3o nacional-chauvinista daquela ideologia, levou \u00e0 total viola\u00e7\u00e3o da Constitui\u00e7\u00e3o da Ucr\u00e2nia, das regras e princ\u00edpios do direito internacional, \u00e0 discrimina\u00e7\u00e3o da massa da popula\u00e7\u00e3o com bases lingu\u00edstica, nacional, regional e confessional. O estado ucraniano foi incapaz de proteger de modo confi\u00e1vel os direitos legais, as vidas e a seguran\u00e7a dos seus cidad\u00e3os.<\/p>\n<p>Aprovada pelo Verkhovna Rada, com brutais viola\u00e7\u00f5es do procedimento constitucional, as leis &#8220;Sobre a condena\u00e7\u00e3o dos regimes totalit\u00e1rios comunista e nacional-socialista (nazi) na Ucr\u00e2nia e proibi\u00e7\u00e3o de propaganda dos seus s\u00edmbolos&#8221;; &#8220;Sobre o status legal e a mem\u00f3ria de combatentes pela independ\u00eancia ucraniana no s\u00e9culo XX&#8221;; &#8220;Sobre a perpetua\u00e7\u00e3o da vit\u00f3ria sobre os nazis na II Guerra Mundial, 1939-1945&#8221;; &#8220;Sobre o acesso aos arquivos dos \u00f3rg\u00e3os repressivos do regime totalit\u00e1rio comunista, 1917-1991&#8221; n\u00e3o s\u00e3o apenas um reflexo da natureza totalit\u00e1ria do regime agora vigente na Ucr\u00e2nia como tamb\u00e9m uma c\u00ednica falsifica\u00e7\u00e3o da Hist\u00f3ria e revisionismo das decis\u00f5es do Tribunal Militar de Nuremberg.<\/p>\n<p>Trata-se de um desafio \u00e0 comunidade mundial. A come\u00e7ar pela viola\u00e7\u00e3o da Constitui\u00e7\u00e3o atrav\u00e9s da censura, manipula\u00e7\u00e3o da consci\u00eancia p\u00fablica, intimida\u00e7\u00e3o e persegui\u00e7\u00e3o de dissidentes, persegui\u00e7\u00e3o da Igreja Ortodoxa can\u00f3nica, proibi\u00e7\u00e3o anti-constitucional de partidos pol\u00edticos, persegui\u00e7\u00e3o e viol\u00eancia f\u00edsica para com oponentes ideol\u00f3gicos e pol\u00edticos e, naturalmente, as extremamente perigosas viola\u00e7\u00f5es de padr\u00f5es e normas geralmente aceites no mundo da democracia civilizada, priva\u00e7\u00e3o do povo da Ucr\u00e2nia da livre express\u00e3o.<\/p>\n<p>Nestas circunst\u00e2ncias, n\u00f3s, os representantes de partidos pol\u00edticos e organiza\u00e7\u00f5es p\u00fablicas de oposi\u00e7\u00e3o pretendemos unir nossos esfor\u00e7os dentro do movimento &#8220;Oposi\u00e7\u00e3o da Esquerda&#8221; a fim de salvar a Ucr\u00e2nia e proteger humanamente nossos compatriotas para a paz, prosperidade e seguran\u00e7a, liberdade de express\u00e3o e de cren\u00e7a, julgamento justo, elei\u00e7\u00f5es verdadeiramente democr\u00e1ticas, constru\u00e7\u00e3o de justi\u00e7a social, democracia e a regra da lei.<\/p>\n<p>Procuraremos acima de tudo um fim imediato para o banho de sangue no Leste do pa\u00eds, a resolu\u00e7\u00e3o pac\u00edfica do conflito com base na firme execu\u00e7\u00e3o do Acordo de Minsk e a descentraliza\u00e7\u00e3o do poder.<\/p>\n<p>Acreditamos que assegurar uma paz duradoura na Ucr\u00e2nia, retir\u00e1-la de uma profunda crise abrangente e traz\u00ea-la de volta ao c\u00edrculo dos pa\u00edses avan\u00e7ados do continente \u00e9 imposs\u00edvel sem a restaura\u00e7\u00e3o de boa vizinhan\u00e7a, rela\u00e7\u00f5es iguais e mutuamente ben\u00e9ficas com a Federa\u00e7\u00e3o Russa e a Bielor\u00fassia.<\/p>\n<p>\u00c9 com eles, ao contr\u00e1rio dos EUA e dos pa\u00edses da UE, com quem partilhamos uma hist\u00f3ria, cultura, espiritualidade e valores civilizacionais comuns. A hist\u00f3ria tem demonstrado que a integridade territorial e a independ\u00eancia da Ucr\u00e2nia era preservada apenas na unidade dos nossos pa\u00edses e fraternidade dos nossos povos.<\/p>\n<p>Acreditamos que travar o genoc\u00eddio social, travar a destrui\u00e7\u00e3o da economia nacional, \u00e9 imposs\u00edvel sem abandonar a rota neoliberal agora mantida sob os ditames do Ocidente.<\/p>\n<p>Advogamos a implementa\u00e7\u00e3o de nova industrializa\u00e7\u00e3o da Ucr\u00e2nia na base da inova\u00e7\u00e3o tecnol\u00f3gica moderna, aproveitando a intelig\u00eancia humana e os recursos naturais e tecnol\u00f3gicos internos. Nossa alternativa ao neoliberalismo \u00e9 um modelo s\u00f3cio-econ\u00f3mico baseado em princ\u00edpios de justi\u00e7a social e democracia.<\/p>\n<p>Defendemos firmemente uma pol\u00edtica interna e externa de acordo com os princ\u00edpios da Declara\u00e7\u00e3o de Soberania Estatal da Ucr\u00e2nia para garantir seu status n\u00e3o-alinhado (neutral), rela\u00e7\u00f5es inter-\u00e9tnicas baseadas nos princ\u00edpios do direito internacional e nas disposi\u00e7\u00f5es da Declara\u00e7\u00e3o de Direitos de Nacionalidades da Ucr\u00e2nia; com o status da l\u00edngua russa como segunda l\u00edngua oficial.<\/p>\n<p>Recusamos a humilha\u00e7\u00e3o e trai\u00e7\u00e3o aos feitos militares e no trabalho dos nossos pais e av\u00f3s que bateram os invasores fascistas na II Guerra Mundial e que empreenderam um trabalho vitorioso para ressuscitar nossa p\u00e1tria das ru\u00ednas e para mant\u00ea-la, como foi na era Sovi\u00e9tica, nas alturas do progresso econ\u00f3mico, cient\u00edfico e espiritual. Somos categoricamente contra a inser\u00e7\u00e3o do neo-nazismo no pa\u00eds, a reabilita\u00e7\u00e3o e glorifica\u00e7\u00e3o de c\u00famplices e invasores nazis.<\/p>\n<p>Apelamos a todos os partidos pol\u00edticos, organiza\u00e7\u00f5es p\u00fablicas e todos aqueles que partilham nossa avalia\u00e7\u00e3o da situa\u00e7\u00e3o pol\u00edtica e s\u00f3cio-econ\u00f3mica a que, para o bem da P\u00e1tria, se juntem ao movimento patri\u00f3tico &#8220;Oposi\u00e7\u00e3o da Esquerda&#8221;.<\/p>\n<p>Aprovado na assembleia fundadora do &#8220;Oposi\u00e7\u00e3o da Esquerda&#8221;.<br \/>\n12\/Junho\/2015, Kiev<\/p>\n<p><b>O texto em ingl\u00eas encontra-se em\u00a0<a href=\"http:\/\/fortruss.blogspot.pt\/2015\/06\/ukrainian-communists-announced-creation.html\" target=\"_blank\">fortruss.blogspot.pt\/2015\/<wbr \/>06\/ukrainian-communists-<wbr \/>announced-creation.html<\/a>\u00a0<\/b><\/p>\n<p><b>Esta not\u00edcia encontra-se em\u00a0<a href=\"http:\/\/resistir.info\/\" target=\"_blank\">http:\/\/resistir.info\/<\/a>\u00a0.<\/b><\/p>\n","protected":false},"excerpt":{"rendered":"As for\u00e7as democr\u00e1ticas ucranianas acabam de anunciar a cria\u00e7\u00e3o da &#8220;Oposi\u00e7\u00e3o da Esquerda Unida&#8221;. A nova organiza\u00e7\u00e3o resulta da fus\u00e3o do Partido Comunista \n<a class=\"moretag\" href=\"https:\/\/pcb.org.br\/portal2\/8660\"> <\/a>","protected":false},"author":1,"featured_media":0,"comment_status":"closed","ping_status":"closed","sticky":false,"template":"","format":"standard","meta":{"jetpack_post_was_ever_published":false,"_jetpack_newsletter_access":"","_jetpack_dont_email_post_to_subs":false,"_jetpack_newsletter_tier_id":0,"_jetpack_memberships_contains_paywalled_content":false,"_jetpack_memberships_contains_paid_content":false,"footnotes":"","jetpack_publicize_message":"","jetpack_publicize_feature_enabled":true,"jetpack_social_post_already_shared":true,"jetpack_social_options":{"image_generator_settings":{"template":"highway","default_image_id":0,"font":"","enabled":false},"version":2}},"categories":[125],"tags":[],"class_list":["post-8660","post","type-post","status-publish","format-standard","hentry","category-c138-ucrania"],"jetpack_publicize_connections":[],"jetpack_featured_media_url":"","jetpack_shortlink":"https:\/\/wp.me\/p659gw-2fG","jetpack-related-posts":[],"jetpack_likes_enabled":true,"jetpack_sharing_enabled":true,"_links":{"self":[{"href":"https:\/\/pcb.org.br\/portal2\/wp-json\/wp\/v2\/posts\/8660","targetHints":{"allow":["GET"]}}],"collection":[{"href":"https:\/\/pcb.org.br\/portal2\/wp-json\/wp\/v2\/posts"}],"about":[{"href":"https:\/\/pcb.org.br\/portal2\/wp-json\/wp\/v2\/types\/post"}],"author":[{"embeddable":true,"href":"https:\/\/pcb.org.br\/portal2\/wp-json\/wp\/v2\/users\/1"}],"replies":[{"embeddable":true,"href":"https:\/\/pcb.org.br\/portal2\/wp-json\/wp\/v2\/comments?post=8660"}],"version-history":[{"count":0,"href":"https:\/\/pcb.org.br\/portal2\/wp-json\/wp\/v2\/posts\/8660\/revisions"}],"wp:attachment":[{"href":"https:\/\/pcb.org.br\/portal2\/wp-json\/wp\/v2\/media?parent=8660"}],"wp:term":[{"taxonomy":"category","embeddable":true,"href":"https:\/\/pcb.org.br\/portal2\/wp-json\/wp\/v2\/categories?post=8660"},{"taxonomy":"post_tag","embeddable":true,"href":"https:\/\/pcb.org.br\/portal2\/wp-json\/wp\/v2\/tags?post=8660"}],"curies":[{"name":"wp","href":"https:\/\/api.w.org\/{rel}","templated":true}]}}