{"id":8674,"date":"2015-06-20T16:09:50","date_gmt":"2015-06-20T19:09:50","guid":{"rendered":"http:\/\/pcb.org.br\/portal2\/?p=8674"},"modified":"2015-07-08T18:41:55","modified_gmt":"2015-07-08T21:41:55","slug":"para-alem-da-une-e-da-anel-unidade-para-enfrentar-os-ataques-a-juventude","status":"publish","type":"post","link":"https:\/\/pcb.org.br\/portal2\/8674","title":{"rendered":"PARA AL\u00c9M DA UNE E DA ANEL: UNIDADE PARA ENFRENTAR OS ATAQUES \u00c0 JUVENTUDE"},"content":{"rendered":"<p><img decoding=\"async\" class=\"imagem\" title=\"imagem\" src=\"https:\/\/scontent-gru1-1.xx.fbcdn.net\/hphotos-xfp1\/v\/t1.0-9\/10001329_751878461600390_6771146256404593975_n.jpg?oh=e123c768ade3b6f91cff3fd6ae4d3356&amp;oe=562D5E2F\" alt=\"imagem\" \/>Na semana dos dias 03 a 07 de junho ocorreram os congressos nacionais da UNE (CONUNE) e da ANEL (CONAnel). Congressos de entidades estudantis que se diferem na composi\u00e7\u00e3o social dos estudantes, da presen\u00e7a de for\u00e7as pol\u00edticas, da hist\u00f3ria vivida de lutas e refluxos. Enfim, entidades que s\u00e3o produtos dos seus momentos hist\u00f3ricos.<!--more--><\/p>\n<p>A Coordena\u00e7\u00e3o Nacional da UJC, acertadamente, manteve a pol\u00edtica dos anos anteriores, e orientou a participa\u00e7\u00e3o em peso de sua milit\u00e2ncia no espa\u00e7o da UNE, entendendo que, mesmo com o atrelamento desta entidade ao Governo Federal e ao empresariado do ensino superior, ainda os Congressos da UNE mobilizam um quantitativo significativo de estudantes, e nesta conjuntura, de uma juventude trabalhadora que estuda nas universidades particulares. Sem cair em qualquer tipo de ilus\u00e3o com a UNE, fomos ao Congresso n\u00e3o na perspectiva de disputa de cargos, mas sim, de dialogar com os estudantes ali presentes e apresentar a bandeira da Educa\u00e7\u00e3o e Universidade Popular.<\/p>\n<p>Quanto ao Congresso da ANEL, esta foi a primeira participa\u00e7\u00e3o oficial da UJC neste espa\u00e7o, enviando uma delega\u00e7\u00e3o dos nossos militantes, saudando o Congresso e apontando o necess\u00e1rio debate que as organiza\u00e7\u00f5es contra-hegem\u00f4nicas devem realizar sobre o projeto de uma Educa\u00e7\u00e3o e Universidade. Aqui, assim como na UNE, n\u00e3o se encontra em nossa perspectiva, a composi\u00e7\u00e3o org\u00e2nica da ANEL, ou at\u00e9 mesmo realizar uma disputa de sua pol\u00edtica, o que nos colocou a decis\u00e3o de n\u00e3o tirar delegados para o CONAnel.<\/p>\n<p>Diferentemente dos \u00faltimos per\u00edodos, os espa\u00e7os do Movimento Estudantil est\u00e3o extrapolando a discuss\u00e3o acerca da entidade ou da forma organizativa dos estudantes. Com os constantes ataques da burguesia aos direitos sociais b\u00e1sicos da juventude, o corte bilion\u00e1rio da educa\u00e7\u00e3o, promovido pelo Governo Federal, e a op\u00e7\u00e3o clara do estado brasileiro em privilegiar o pagamento de banqueiros e do sistema financeiro, esta cada vez mais naturalizado a unidade do campo das organiza\u00e7\u00f5es da esquerda socialista.<\/p>\n<p>Al\u00e9m de denunciar o atrelamento da UNE \u00e0 pol\u00edticas educacionais que atendem aos bar\u00f5es do ensino, fizemos um di\u00e1logo fraterno com os setores da Oposi\u00e7\u00e3o de Esquerda da UNE, acenando que n\u00e3o ser\u00e1 esta entidade a dar respostas efetivas aos ataques dos nossos direitos que est\u00e3o em curso. Ao mesmo tempo, no Congresso da ANEL, afirmamos a necessidade de criarmos espa\u00e7os de unidade que v\u00e3o al\u00e9m da UNE e da ANEL, pois estes instrumentos n\u00e3o est\u00e3o no horizonte organizativo do conjunto dos estudantes.<\/p>\n<p>Tanto \u00e0 Oposi\u00e7\u00e3o de Esquerda da UNE, os companheiros da ANEL e diversas organiza\u00e7\u00f5es da esquerda socialista, deve unificar as suas lutas em torno de um projeto comum de educa\u00e7\u00e3o e universidade. Para a UJC, tratar deste projeto \u00e9 tratar da Educa\u00e7\u00e3o e Universidade Popular. Uma unifica\u00e7\u00e3o forjada apenas para dar resposta conjuntural aos ataques que sofremos, n\u00e3o resolver\u00e1 o problema de fundo, qual seja, a necessidade de combate ao capitalismo e suas variadas formas de manifesta\u00e7\u00e3o na sociedade e na cultura.<\/p>\n<p>Neste sentido, a UJC se coloca como mais uma for\u00e7a pol\u00edtica consequente, que compreende a urgente e necess\u00e1ria unidade de a\u00e7\u00e3o, capaz de alavancar processos de contra-ofensiva ao capitalismo. N\u00e3o ser\u00e1 no debate entre UNE ou ANEL, ou ent\u00e3o da t\u00e1tica defensiva a ser empreendida que resolver\u00e1 as nossas quest\u00f5es. A unidade ser\u00e1 poss\u00edvel se tivermos sob um mesmo projeto de sociedade, educa\u00e7\u00e3o e universidade.<\/p>\n<p>Coordena\u00e7\u00e3o Nacional da UJC<\/p>\n<p>Junho de 2015<\/p>\n<blockquote data-secret=\"AREH3apjdf\" class=\"wp-embedded-content\"><p><a href=\"https:\/\/pcb.org.br\/portal2\/1804\">Greve nacional no Chile: os conflitos e limites de um modelo<\/a><\/p><\/blockquote>\n<p><iframe loading=\"lazy\" class=\"wp-embedded-content\" sandbox=\"allow-scripts\" security=\"restricted\" style=\"position: absolute; clip: rect(1px, 1px, 1px, 1px);\" src=\"https:\/\/pcb.org.br\/portal2\/1804\/embed#?secret=AREH3apjdf\" data-secret=\"AREH3apjdf\" width=\"600\" height=\"338\" title=\"&#8220;Greve nacional no Chile: os conflitos e limites de um modelo&#8221; &#8212; PCB - Partido Comunista Brasileiro\" frameborder=\"0\" marginwidth=\"0\" marginheight=\"0\" scrolling=\"no\"><\/iframe><\/p>\n","protected":false},"excerpt":{"rendered":"Na semana dos dias 03 a 07 de junho ocorreram os congressos nacionais da UNE (CONUNE) e da ANEL (CONAnel). Congressos de entidades \n<a class=\"moretag\" href=\"https:\/\/pcb.org.br\/portal2\/8674\"> <\/a>","protected":false},"author":1,"featured_media":0,"comment_status":"closed","ping_status":"closed","sticky":false,"template":"","format":"standard","meta":{"jetpack_post_was_ever_published":false,"_jetpack_newsletter_access":"","_jetpack_dont_email_post_to_subs":false,"_jetpack_newsletter_tier_id":0,"_jetpack_memberships_contains_paywalled_content":false,"_jetpack_memberships_contains_paid_content":false,"footnotes":"","jetpack_publicize_message":"","jetpack_publicize_feature_enabled":true,"jetpack_social_post_already_shared":true,"jetpack_social_options":{"image_generator_settings":{"template":"highway","default_image_id":0,"font":"","enabled":false},"version":2}},"categories":[108,27,103],"tags":[],"class_list":["post-8674","post","type-post","status-publish","format-standard","hentry","category-c121-estudantil","category-c27-ujc","category-c116-universidade-popular"],"jetpack_publicize_connections":[],"jetpack_featured_media_url":"","jetpack_shortlink":"https:\/\/wp.me\/p659gw-2fU","jetpack-related-posts":[],"jetpack_likes_enabled":true,"jetpack_sharing_enabled":true,"_links":{"self":[{"href":"https:\/\/pcb.org.br\/portal2\/wp-json\/wp\/v2\/posts\/8674","targetHints":{"allow":["GET"]}}],"collection":[{"href":"https:\/\/pcb.org.br\/portal2\/wp-json\/wp\/v2\/posts"}],"about":[{"href":"https:\/\/pcb.org.br\/portal2\/wp-json\/wp\/v2\/types\/post"}],"author":[{"embeddable":true,"href":"https:\/\/pcb.org.br\/portal2\/wp-json\/wp\/v2\/users\/1"}],"replies":[{"embeddable":true,"href":"https:\/\/pcb.org.br\/portal2\/wp-json\/wp\/v2\/comments?post=8674"}],"version-history":[{"count":0,"href":"https:\/\/pcb.org.br\/portal2\/wp-json\/wp\/v2\/posts\/8674\/revisions"}],"wp:attachment":[{"href":"https:\/\/pcb.org.br\/portal2\/wp-json\/wp\/v2\/media?parent=8674"}],"wp:term":[{"taxonomy":"category","embeddable":true,"href":"https:\/\/pcb.org.br\/portal2\/wp-json\/wp\/v2\/categories?post=8674"},{"taxonomy":"post_tag","embeddable":true,"href":"https:\/\/pcb.org.br\/portal2\/wp-json\/wp\/v2\/tags?post=8674"}],"curies":[{"name":"wp","href":"https:\/\/api.w.org\/{rel}","templated":true}]}}