{"id":8744,"date":"2015-06-30T16:38:28","date_gmt":"2015-06-30T19:38:28","guid":{"rendered":"http:\/\/pcb.org.br\/portal2\/?p=8744"},"modified":"2015-07-20T14:33:44","modified_gmt":"2015-07-20T17:33:44","slug":"concessoes-de-camilo-a-iniciativa-privada","status":"publish","type":"post","link":"https:\/\/pcb.org.br\/portal2\/8744","title":{"rendered":"Concess\u00f5es de Camilo \u00e0 iniciativa privada"},"content":{"rendered":"<p><img data-recalc-dims=\"1\" decoding=\"async\" class=\"imagem\" title=\"imagem\" src=\"https:\/\/ujceara.files.wordpress.com\/2015\/06\/cid-e-camilo.jpg?w=747\" alt=\"imagem\" \/>Natan dos Santos*<\/p>\n<p>Segundo o dicion\u00e1rio eufemismo \u00e9 o uso de uma palavra mais agrad\u00e1vel em substitui\u00e7\u00e3o \u200ba uma palavra menos agrad\u00e1vel, com o objetivo de suaviz\u00e1-la. Esta \u00e9 a inten\u00e7\u00e3o do governador Camilo Santana (PT) ao denominar de \u201cconcess\u00f5es\u201d o pacote anunciado que repassa para a iniciativa privada a gest\u00e3o e explora\u00e7\u00e3o de equipamentos e servi\u00e7os p\u00fablicos.<!--more--><\/p>\n<p>Seguindo a mesma agenda neoliberal do Governo Federal (e implementada pelo PSDB ao logo da d\u00e9cada de 90), o que o governador anuncia, na verdade, \u00e9 um grande pacote de privatiza\u00e7\u00f5es de parcela importante dos bens p\u00fablicos do Cear\u00e1, como aeroportos regionais, rodovias, metrofor, Centro de Eventos e parte do Porto do Pec\u00e9m.<br \/>\nMas por que recorrer a este artif\u00edcio sem\u00e2ntico? Porque as privatiza\u00e7\u00f5es, antes criticadas pelo PT, j\u00e1 demonstraram, na pr\u00e1tica, seu car\u00e1ter elitista e conservador, ao atender \u200ba\u200b os interesses do capital internacional em associa\u00e7\u00e3o com grandes grupos nacionais que lucram enormemente ao se apossar do patrim\u00f4nio constru\u00eddo com dinheiro p\u00fablico, muitas vezes em tenebrosas transa\u00e7\u00f5es em que empresas estatais s\u00e3o vendidas muito abaixo do seu real pre\u00e7o de mercado.<\/p>\n<p>Dessa forma, estes grupos econ\u00f4micos aumentam o controle sobre a economia e transformam servi\u00e7os p\u00fablicos em mercadorias, onde o lucro de poucos \u00e9 colocado acima das necessidades de muitos. A Coelce \u00e9 um \u00f3timo exemplo de como a privatiza\u00e7\u00e3o a transformou hoje em alvo frequente da insatisfa\u00e7\u00e3o do povo cearense.<\/p>\n<p>A hist\u00f3ria do desmonte do Estado brasileiro iniciada na d\u00e9cada de 90 segue seu curso, atrav\u00e9s de uma pol\u00edtica nacional antipopular, que se reproduz localmente, privilegiando o corte no or\u00e7amento das pol\u00edticas p\u00fablicas, a retirada de direitos trabalhistas, privatiza\u00e7\u00f5es e sangria de fartos recursos estatais para garantir o privil\u00e9gio de setores que financiam as campanhas milion\u00e1rias de partidos da ordem que apresentam diferen\u00e7as entre si na forma, mas n\u00e3o no conte\u00fado. A mudan\u00e7a das palavras n\u00e3o altera a realidade dos fatos.<\/p>\n<p>*Cientista social, militante da UJC e do PCB, publicado no Jornal O Povo do dia\u00a0\u00a020\/06\/2015<\/p>\n<p>Fonte: http:\/\/www.opovo.com.br\/app\/opovo\/opiniao\/2015\/06\/20\/noticiasjornalopiniao,3456945\/concessoes-de-camilo-a-iniciativa-privada.shtml<\/p>\n<p>Extra\u00eddo de: https:\/\/ujceara.wordpress.com\/2015\/06\/23\/concessoes-de-camilo-a-iniciativa-privada\/<\/p>\n","protected":false},"excerpt":{"rendered":"Natan dos Santos* Segundo o dicion\u00e1rio eufemismo \u00e9 o uso de uma palavra mais agrad\u00e1vel em substitui\u00e7\u00e3o \u200ba uma palavra menos agrad\u00e1vel, com \n<a class=\"moretag\" href=\"https:\/\/pcb.org.br\/portal2\/8744\"> <\/a>","protected":false},"author":1,"featured_media":0,"comment_status":"closed","ping_status":"closed","sticky":false,"template":"","format":"standard","meta":{"jetpack_post_was_ever_published":false,"_jetpack_newsletter_access":"","_jetpack_dont_email_post_to_subs":false,"_jetpack_newsletter_tier_id":0,"_jetpack_memberships_contains_paywalled_content":false,"_jetpack_memberships_contains_paid_content":false,"footnotes":"","jetpack_publicize_message":"","jetpack_publicize_feature_enabled":true,"jetpack_social_post_already_shared":true,"jetpack_social_options":{"image_generator_settings":{"template":"highway","default_image_id":0,"font":"","enabled":false},"version":2}},"categories":[105],"tags":[],"class_list":["post-8744","post","type-post","status-publish","format-standard","hentry","category-c118-privatizacao"],"jetpack_publicize_connections":[],"jetpack_featured_media_url":"","jetpack_shortlink":"https:\/\/wp.me\/p659gw-2h2","jetpack-related-posts":[],"jetpack_likes_enabled":true,"jetpack_sharing_enabled":true,"_links":{"self":[{"href":"https:\/\/pcb.org.br\/portal2\/wp-json\/wp\/v2\/posts\/8744","targetHints":{"allow":["GET"]}}],"collection":[{"href":"https:\/\/pcb.org.br\/portal2\/wp-json\/wp\/v2\/posts"}],"about":[{"href":"https:\/\/pcb.org.br\/portal2\/wp-json\/wp\/v2\/types\/post"}],"author":[{"embeddable":true,"href":"https:\/\/pcb.org.br\/portal2\/wp-json\/wp\/v2\/users\/1"}],"replies":[{"embeddable":true,"href":"https:\/\/pcb.org.br\/portal2\/wp-json\/wp\/v2\/comments?post=8744"}],"version-history":[{"count":0,"href":"https:\/\/pcb.org.br\/portal2\/wp-json\/wp\/v2\/posts\/8744\/revisions"}],"wp:attachment":[{"href":"https:\/\/pcb.org.br\/portal2\/wp-json\/wp\/v2\/media?parent=8744"}],"wp:term":[{"taxonomy":"category","embeddable":true,"href":"https:\/\/pcb.org.br\/portal2\/wp-json\/wp\/v2\/categories?post=8744"},{"taxonomy":"post_tag","embeddable":true,"href":"https:\/\/pcb.org.br\/portal2\/wp-json\/wp\/v2\/tags?post=8744"}],"curies":[{"name":"wp","href":"https:\/\/api.w.org\/{rel}","templated":true}]}}