{"id":8761,"date":"2015-07-01T11:32:24","date_gmt":"2015-07-01T14:32:24","guid":{"rendered":"http:\/\/pcb.org.br\/portal2\/?p=8761"},"modified":"2015-07-20T14:40:31","modified_gmt":"2015-07-20T17:40:31","slug":"honduras-grande-mobilizacao-popular-ilumina-o-caminho-com-suas-tochas","status":"publish","type":"post","link":"https:\/\/pcb.org.br\/portal2\/8761","title":{"rendered":"Honduras: Grande mobiliza\u00e7\u00e3o popular ilumina o caminho com suas tochas"},"content":{"rendered":"<p><img data-recalc-dims=\"1\" decoding=\"async\" class=\"imagem\" title=\"imagem\" src=\"https:\/\/i0.wp.com\/www.resumenlatinoamericano.org\/wp-content\/uploads\/2015\/06\/7.jpg?w=747\" alt=\"imagem\" \/><b>Por Giorgio Trucchi | LINyM<\/b><\/p>\n<p>Milhares de hondurenhos e hondurenhas voltaram a mobilizar-se em Tegucigalpa e outras cidades do pa\u00eds, acenando suas tochas e exigindo a instala\u00e7\u00e3o de uma Comiss\u00e3o internacional contra a impunidade e ju\u00edzo pol\u00edtico para os funcion\u00e1rios p\u00fablicos, incluindo o presidente Juan Orlando Hern\u00e1ndez, envolvidos no vergonhoso desfalque do Instituto Hondurenho de Seguridade Social (IHSS).<!--more--><\/p>\n<p><i><b>\u00a9 Fotos Giorgio Trucchi \u2013 LINyM<\/b><\/i><\/p>\n<p>(Mais imagens <a href=\"http:\/\/www.resumenlatinoamericano.org\/2015\/06\/28\/honduras-medio-millon-de-personas-piden-renuncia-de-presidente\/\" target=\"_blank\">AQUI<\/a>)<\/p>\n<p><b>O povo hondurenho volta novamente \u00e0 rua exigindo o fim da impunidade e castigo para os corruptos<\/b><\/p>\n<p>Cinquenta ou cem mil, mas possivelmente mais. Dif\u00edcil saber com exatid\u00e3o quantos hondurenhos e hondurenhas atenderam esta nova convocat\u00f3ria da denominada <b>\u201cOposi\u00e7\u00e3o Indignada\u201d<\/b>, enchendo pela quarta vez (alguns dizem que pela quinta) as ruas da capital e de outras cidades do pa\u00eds.<\/p>\n<p>Exigem, como v\u00eam fazendo h\u00e1 quase dois meses, a instala\u00e7\u00e3o imediata de uma Comiss\u00e3o Internacional contra a impunidade em Honduras (CICIH) e que o Congresso inicie um julgamento pol\u00edtico contra aqueles funcion\u00e1rios p\u00fablicos \u2013 incluindo o presidente <b>Juan Orlando Hern\u00e1ndez<\/b> \u2013 respons\u00e1veis pelo desfalque e quebra da Seguridade Social.<\/p>\n<p>Paralelamente, repudiam um suposto di\u00e1logo nacional convocado pelo presidente Hern\u00e1ndez, na Casa Presidencial, argumentando que se trata de um mon\u00f3logo entre os mesmos atores \u2013 p\u00fablicos e privados \u2013 correspons\u00e1veis pela grave situa\u00e7\u00e3o que est\u00e1 afundando o pa\u00eds na mis\u00e9ria, na viol\u00eancia, na falta de institucionalidade, na corrup\u00e7\u00e3o e na impunidade.<\/p>\n<p>Em Tegucigalpa, milhares de tochas acompanharam este povo indignado, iluminando o caminho at\u00e9 chegar \u00e0s imedia\u00e7\u00f5es da Casa Presidencial, onde oito jovens hondurenhos se somaram a uma greve de fome indefinida. Outras cinco pessoas tomaram a mesma decis\u00e3o em San Pedro Sula.<\/p>\n<p>Protegidos pela bandeira hondurenha, os jovens indignados ofereceram seu testemunho.<\/p>\n<p>Quatro deles continuam fechados atr\u00e1s de vergonhosas cercas met\u00e1licas colocadas irracionalmente pelas for\u00e7as militares e policiais, que resguardam o lugar.<\/p>\n<p>Sentados em pequenas cadeiras, com o corpo debilitado ap\u00f3s cumprir quatro dias ingerindo somente \u00e1gua com mel, demonstraram sua valentia e sua firme inten\u00e7\u00e3o de seguir adiante. Atr\u00e1s deles, centenas de militares e policiais, amea\u00e7ando com repress\u00e3o e viol\u00eancia.<\/p>\n<p>Impressionante uma fotografia divulgada na tarde de ontem, que mostrava o estacionamento da Casa Presidencial repleto de efetivos e corpos especiais do ex\u00e9rcito e da pol\u00edcia nacional fortemente armados, pequenos tanques blindados e caminh\u00f5es antidist\u00farbios lan\u00e7a-\u00e1gua.<\/p>\n<p><b>Opress\u00e3o grosseira: <\/b><i><b>For\u00e7a bruta<\/b><\/i><\/p>\n<p>\u201cAqui, temos um povo que clama pela justi\u00e7a, pelo respeito \u00e0 institucionalidade, que exige castigo para os corruptos e o fim da impunidade. Pelo contr\u00e1rio, atr\u00e1s de mim, est\u00e1 uma presen\u00e7a militar e policial impresionantes e rid\u00edcula ao mesmo tempo.<\/p>\n<p>\u00c9 o exemplo claro da ditadura que estamos vivendo. Desde que nos instalamos sofremos as provoca\u00e7\u00f5es e o ass\u00e9dio constante de militares e policiais. Por\u00e9m, n\u00e3o importa. Esta luta \u00e9 do povo e hoje este povo est\u00e1 aqui, solidarizando-se conosco.<\/p>\n<p>Isto nos motiva a seguir adiante, ainda que fisicamente esgotemos nossas for\u00e7as, nosso esp\u00edrito se fortalece, porque sabemos que somos parte de um povo digno, que o \u00fanico que sonha \u00e9 com uma Honduras melhor\u201d, disse <b>Darwin Gonz\u00e1lez<\/b>, porta-voz do Movimento dos Indignados de Honduras, \u00e0 <i>LINyM<\/i>.<\/p>\n<p>Esta situa\u00e7\u00e3o de clara e reiterada viola\u00e7\u00e3o dos direitos humanos dos grevistas e seus acompanhantes foi constatada e denunciada por diferentes organiza\u00e7\u00f5es de direitos humanos, cujos representantes s\u00e3o os \u00fanicos que possuem acesso ao lugar.<\/p>\n<p>\u201cPedimos \u00e0 coopera\u00e7\u00e3o internacional que n\u00e3o continuem financiando estas institui\u00e7\u00f5es corruptas. A que serve financiar programas ou trazer dinheiro, se afinal fica nos bolsos dos corruptos?<\/p>\n<p>Enquanto isso, o povo fica cada dia mais pobre, n\u00e3o tem trabalho, nem acesso \u00e0 sa\u00fade e \u00e1 educa\u00e7\u00e3o, e vive uma situa\u00e7\u00e3o de constante inseguran\u00e7a.<\/p>\n<p>Fa\u00e7am os investimentos atrav\u00e9s de organismos transparentes, por\u00e9m n\u00e3o atrav\u00e9s deste governo corrupto\u201d, alertou <b>Miguel Brice\u00f1o<\/b>, que chegou a seu quinto dia de greve de fome, durante uma entrevista com uma organiza\u00e7\u00e3o humanit\u00e1ria dinamarquesa.<\/p>\n<p>\u201c<b>N\u00e3o queremos falso di\u00e1logo. <i>Queremos uma CICIH<\/i><\/b><b>\u201d.<\/b><\/p>\n<p><b>Ariel Varela<\/b>, outro dos grevistas, confirmou que a denominada \u201cOposi\u00e7\u00e3o Indignada\u201d n\u00e3o quer um di\u00e1logo com este governo e que est\u00e1 terminando de preparar uma proposta t\u00e9cnica que ser\u00e1 apresentada ante as Na\u00e7\u00f5es Unidas para que se instale uma CICIH, com plenos poderes de investiga\u00e7\u00e3o e repress\u00e3o.<\/p>\n<p>\u201cTanto o suposto di\u00e1logo, que n\u00e3o \u00e9 outra coisa que um mon\u00f3logo entre os c\u00famplices em atos de corrup\u00e7\u00e3o, como esta excessiva militariza\u00e7\u00e3o do lugar, e o maltrato que est\u00e3o nos oferecendo, s\u00e3o uma demonstra\u00e7\u00e3o da fraqueza deste governo.<\/p>\n<p>Vamos at\u00e9 as \u00faltimas consequ\u00eancias e daqui n\u00e3o vamos nos retirar. Estamos firmes em nossa convic\u00e7\u00e3o e temos o respaldo deste povo digno\u201d, disse <b>Germ\u00e1n Enrique Ayala<\/b>, outro jovem em greve de fome.<\/p>\n<p>Neste domingo, 28 de junho, sexto aniversario do golpe que em 2009 derrubou o presidente <b>Manuel Zelaya<\/b>, o povo hondurenho voltar\u00e1 novamente \u00e0 rua para recordar e denunciar a brutal ruptura da ordem constitucional.<\/p>\n<p>Para muitos, a dif\u00edcil situa\u00e7\u00e3o que hoje se vive em Honduras \u00e9 a consequ\u00eancia direta daqueles tr\u00e1gicos eventos de 2009, que deixaram a institucionalidade em peda\u00e7os e reposicionaram os grupos do poder ou grupos de fato, que continuam dominando a pol\u00edtica e a economia hondurenha.<\/p>\n<p>Fonte: http:\/\/www.resumenlatinoamericano.org\/2015\/06\/28\/honduras-medio-millon-de-personas-piden-renuncia-de-presidente\/<\/p>\n<p>Tradu\u00e7\u00e3o: Partido Comunista Brasileiro (PCB)<\/p>\n","protected":false},"excerpt":{"rendered":"Por Giorgio Trucchi | LINyM Milhares de hondurenhos e hondurenhas voltaram a mobilizar-se em Tegucigalpa e outras cidades do pa\u00eds, acenando suas tochas \n<a class=\"moretag\" href=\"https:\/\/pcb.org.br\/portal2\/8761\"> <\/a>","protected":false},"author":1,"featured_media":0,"comment_status":"closed","ping_status":"closed","sticky":false,"template":"","format":"standard","meta":{"jetpack_post_was_ever_published":false,"_jetpack_newsletter_access":"","_jetpack_dont_email_post_to_subs":false,"_jetpack_newsletter_tier_id":0,"_jetpack_memberships_contains_paywalled_content":false,"_jetpack_memberships_contains_paid_content":false,"footnotes":"","jetpack_publicize_message":"","jetpack_publicize_feature_enabled":true,"jetpack_social_post_already_shared":true,"jetpack_social_options":{"image_generator_settings":{"template":"highway","default_image_id":0,"font":"","enabled":false},"version":2}},"categories":[30],"tags":[],"class_list":["post-8761","post","type-post","status-publish","format-standard","hentry","category-c38-honduras"],"jetpack_publicize_connections":[],"jetpack_featured_media_url":"","jetpack_shortlink":"https:\/\/wp.me\/p659gw-2hj","jetpack-related-posts":[],"jetpack_likes_enabled":true,"jetpack_sharing_enabled":true,"_links":{"self":[{"href":"https:\/\/pcb.org.br\/portal2\/wp-json\/wp\/v2\/posts\/8761","targetHints":{"allow":["GET"]}}],"collection":[{"href":"https:\/\/pcb.org.br\/portal2\/wp-json\/wp\/v2\/posts"}],"about":[{"href":"https:\/\/pcb.org.br\/portal2\/wp-json\/wp\/v2\/types\/post"}],"author":[{"embeddable":true,"href":"https:\/\/pcb.org.br\/portal2\/wp-json\/wp\/v2\/users\/1"}],"replies":[{"embeddable":true,"href":"https:\/\/pcb.org.br\/portal2\/wp-json\/wp\/v2\/comments?post=8761"}],"version-history":[{"count":0,"href":"https:\/\/pcb.org.br\/portal2\/wp-json\/wp\/v2\/posts\/8761\/revisions"}],"wp:attachment":[{"href":"https:\/\/pcb.org.br\/portal2\/wp-json\/wp\/v2\/media?parent=8761"}],"wp:term":[{"taxonomy":"category","embeddable":true,"href":"https:\/\/pcb.org.br\/portal2\/wp-json\/wp\/v2\/categories?post=8761"},{"taxonomy":"post_tag","embeddable":true,"href":"https:\/\/pcb.org.br\/portal2\/wp-json\/wp\/v2\/tags?post=8761"}],"curies":[{"name":"wp","href":"https:\/\/api.w.org\/{rel}","templated":true}]}}